{"id":35088,"date":"2019-07-13T00:00:00","date_gmt":"2019-07-13T03:00:00","guid":{"rendered":"https:\/\/www.cnbb.org.br\/a-evangelizacao-e-os-direitos-humanos\/"},"modified":"2019-07-13T00:00:00","modified_gmt":"2019-07-13T03:00:00","slug":"a-evangelizacao-e-os-direitos-humanos","status":"publish","type":"post","link":"https:\/\/www.cnbb.org.br\/a-evangelizacao-e-os-direitos-humanos\/","title":{"rendered":"A evangeliza\u00e7\u00e3o e os direitos humanos"},"content":{"rendered":"<p style=\"text-align: right\"><strong><em>Dom Jo\u00e3o Justino de Medeiros Silva<br \/>\n<\/em><em>Arcebispo de Montes Claros<\/em><\/strong><\/p>\n<p>&nbsp;<\/p>\n<p style=\"text-align: justify\">Os evangelhos revelam, em diferentes momentos, a consci\u00eancia de Jesus quanto \u00e0 sua miss\u00e3o. O Mestre diz: \u201cEu devo anunciar a Boa Nova do Reino de Deus\u201d (Lc 4,18). Afirma tamb\u00e9m: \u201cEu vim para que todos tenham vida, e a tenham em abund\u00e2ncia\u201d (Jo 10,10). S\u00e3o refer\u00eancias que revelam a miss\u00e3o de Jesus e da Igreja: anunciar o Reino de Deus e tudo fazer para que as pessoas vivam dignamente. Por isso, evangelizar e defender a dignidade da pessoa humana s\u00e3o tarefas insepar\u00e1veis. Empenhar-se na preserva\u00e7\u00e3o da dignidade de todos \u00e9 um compromisso crist\u00e3o.<\/p>\n<p style=\"text-align: justify\">\u00c9 preciso reconhecer que cada pessoa deve ser plenamente respeitada, sendo esse um direito natural. A f\u00e9 ilumina ainda mais essa afirma\u00e7\u00e3o ao revelar que o mist\u00e9rio do ser humano se esclarece verdadeiramente com o mist\u00e9rio de Jesus Cristo. Se a dignidade foi fragilizada pelo mal (pecado), n\u00e3o deixou de ser resgatada por Deus, que ao fazer-se homem e apontar-nos um caminho, mediante os mist\u00e9rios da encarna\u00e7\u00e3o e da ressurrei\u00e7\u00e3o de Jesus Cristo, deixou \u00e0 Igreja a miss\u00e3o de proclamar aos homens e mulheres, de todos os tempos, o Evangelho da Vida. Isto significa que a Igreja deve tamb\u00e9m trabalhar para que todos sejam respeitados em sua dignidade de filhos e filhas de Deus. Um caminho que exige a promo\u00e7\u00e3o dos Direitos Humanos.<\/p>\n<p style=\"text-align: justify\">A Doutrina Social da Igreja ensina que \u201co movimento rumo \u00e0 identifica\u00e7\u00e3o e \u00e0 proclama\u00e7\u00e3o dos direitos humanos \u00e9 um dos mais relevantes esfor\u00e7os para responder de modo eficaz \u00e0s exig\u00eancias imprescind\u00edveis da dignidade humana\u201d (Comp\u00eandio de Doutrina Social, 152). Os Direitos Humanos s\u00e3o o resultado de um entendimento comum sobre a necessidade de se proteger o ser humano vulner\u00e1vel.\u00a0 Precisam ser defendidos e aplicados integralmente, pois s\u00e3o express\u00e3o da universalidade, da inalienabilidade e da inviolabilidade do valor do ser humano.<\/p>\n<p style=\"text-align: justify\">Permanece como desafio para os nossos dias consolidar a defesa dos Direitos Humanos nas diversas realidades. \u00c9 dever das na\u00e7\u00f5es t\u00ea-los como um mecanismo de prote\u00e7\u00e3o das a\u00e7\u00f5es coletivas de resolu\u00e7\u00e3o dos conflitos que favorecem a dignidade e a respeitabilidade da pessoa humana. As institui\u00e7\u00f5es sociais, os centros de Ensino e Pesquisa, as na\u00e7\u00f5es e a comunidade internacional precisam encontrar formas para efetivar o que determina a Declara\u00e7\u00e3o Universal dos Direitos Humanos, considerada por S\u00e3o Jo\u00e3o Paulo II \u201cuma das mais altas express\u00f5es da consci\u00eancia humana do nosso tempo\u201d (Discurso do Papa Jo\u00e3o Paulo II \u00e0 ONU, em 1979).<\/p>\n<p style=\"text-align: justify\">Perita em humanidade, a Igreja apresenta diversos caminhos de afirma\u00e7\u00e3o integral da dignidade da pessoa humana, da pr\u00e1tica da justi\u00e7a, do cuidado do bem comum e do desenvolvimento integral de cada pessoa e da paz. Algumas pastorais da Igreja e associa\u00e7\u00f5es, inspiradas nos valores do Evangelho, se dedicam com afinco \u00e0 defesa e \u00e0 promo\u00e7\u00e3o dos direitos humanos. Por vezes surgem rumores cr\u00edticos em rela\u00e7\u00e3o ao empenho desses crist\u00e3os em favor dos marginalizados. Todavia, nada mais relevante para a compreens\u00e3o da realidade dos que t\u00eam sua humanidade desfigurada do que deles se aproximar. \u00c9 o que faz a Igreja Cat\u00f3lica, por meio dos membros de pastorais e de grupos eclesiais.<\/p>\n<p>&nbsp;<\/p>\n","protected":false},"excerpt":{"rendered":"<p>Dom Jo\u00e3o Justino de Medeiros Silva Arcebispo de Montes Claros &nbsp; Os evangelhos revelam, em diferentes momentos, a consci\u00eancia de Jesus quanto \u00e0 sua miss\u00e3o. O Mestre diz: \u201cEu devo anunciar a Boa Nova do Reino de Deus\u201d (Lc 4,18). Afirma tamb\u00e9m: \u201cEu vim para que todos tenham vida, e a tenham em abund\u00e2ncia\u201d (Jo &hellip;<\/p>\n<p class=\"read-more\"> <a class=\"\" href=\"https:\/\/www.cnbb.org.br\/a-evangelizacao-e-os-direitos-humanos\/\"> <span class=\"screen-reader-text\">A evangeliza\u00e7\u00e3o e os direitos humanos<\/span> Leia mais &raquo;<\/a><\/p>\n","protected":false},"author":64,"featured_media":0,"comment_status":"closed","ping_status":"open","sticky":false,"template":"","format":"standard","meta":{"site-sidebar-layout":"default","site-content-layout":"default","ast-global-header-display":"","ast-banner-title-visibility":"","ast-main-header-display":"","ast-hfb-above-header-display":"","ast-hfb-below-header-display":"","ast-hfb-mobile-header-display":"","site-post-title":"","ast-breadcrumbs-content":"","ast-featured-img":"","footer-sml-layout":"","theme-transparent-header-meta":"","adv-header-id-meta":"","stick-header-meta":"","header-above-stick-meta":"","header-main-stick-meta":"","header-below-stick-meta":""},"categories":[758],"tags":[],"acf":[],"_links":{"self":[{"href":"https:\/\/www.cnbb.org.br\/cnbb-app\/wp\/v2\/posts\/35088"}],"collection":[{"href":"https:\/\/www.cnbb.org.br\/cnbb-app\/wp\/v2\/posts"}],"about":[{"href":"https:\/\/www.cnbb.org.br\/cnbb-app\/wp\/v2\/types\/post"}],"author":[{"embeddable":true,"href":"https:\/\/www.cnbb.org.br\/cnbb-app\/wp\/v2\/users\/64"}],"replies":[{"embeddable":true,"href":"https:\/\/www.cnbb.org.br\/cnbb-app\/wp\/v2\/comments?post=35088"}],"version-history":[{"count":0,"href":"https:\/\/www.cnbb.org.br\/cnbb-app\/wp\/v2\/posts\/35088\/revisions"}],"wp:attachment":[{"href":"https:\/\/www.cnbb.org.br\/cnbb-app\/wp\/v2\/media?parent=35088"}],"wp:term":[{"taxonomy":"category","embeddable":true,"href":"https:\/\/www.cnbb.org.br\/cnbb-app\/wp\/v2\/categories?post=35088"},{"taxonomy":"post_tag","embeddable":true,"href":"https:\/\/www.cnbb.org.br\/cnbb-app\/wp\/v2\/tags?post=35088"}],"curies":[{"name":"wp","href":"https:\/\/api.w.org\/{rel}","templated":true}]}}