{"id":35092,"date":"2019-06-01T00:00:00","date_gmt":"2019-06-01T03:00:00","guid":{"rendered":"https:\/\/www.cnbb.org.br\/das-comunidades-de-redes-sociais-a-comunidade-humana-2\/"},"modified":"2019-06-01T00:00:00","modified_gmt":"2019-06-01T03:00:00","slug":"das-comunidades-de-redes-sociais-a-comunidade-humana-2","status":"publish","type":"post","link":"https:\/\/www.cnbb.org.br\/das-comunidades-de-redes-sociais-a-comunidade-humana-2\/","title":{"rendered":"Das comunidades de redes sociais \u00e0 comunidade humana"},"content":{"rendered":"<p style=\"text-align: right\"><strong>Dom Jo\u00e3o Justino de Medeiros Silva<\/strong><br \/>\n<strong>Arcebispo de Montes Claros<\/strong><\/p>\n<p>&nbsp;<\/p>\n<p style=\"text-align: justify\">\u00c9 esse o tema do 53\u00ba Dia Mundial das Comunica\u00e7\u00f5es Sociais, celebrado no domingo da Ascens\u00e3o do Senhor, ou 7\u00ba domingo da P\u00e1scoa. A cada ano \u00e9 divulgada uma mensagem pontif\u00edcia para esse dia. O tema das redes sociais \u00e9 atual e representa uma verdadeira revolu\u00e7\u00e3o no recente mundo das comunica\u00e7\u00f5es sociais. O Papa Francisco tomou esse tema como objeto de sua reflex\u00e3o para a mensagem deste ano. Inspirado na met\u00e1fora paulina do corpo e seus membros, o Papa aponta o desejo humano de n\u00e3o se encerrar na solid\u00e3o, mas de ir em busca do outro. Para isso, cita S\u00e3o Bas\u00edlio: \u201cnada \u00e9 t\u00e3o espec\u00edfico da nossa natureza como entrar em rela\u00e7\u00e3o uns com os outros\u201d.<\/p>\n<p style=\"text-align: justify\">Essa busca do outro encontra sua raiz n\u00e3o apenas na dimens\u00e3o antropol\u00f3gica, que assegura a sociabilidade como tra\u00e7o pr\u00f3prio do ser humano, marcado pela linguagem e pela cultura. H\u00e1, tamb\u00e9m, o elemento teol\u00f3gico. Para a perspectiva crist\u00e3, como seres criados \u00e0 imagem e semelhan\u00e7a do Deus Uno e Trino, o ser humano traz em seu cora\u00e7\u00e3o o desejo de viver em comunh\u00e3o, de pertencer a uma comunidade. A conviv\u00eancia \u00e9 requisito fundamental para o processo de humaniza\u00e7\u00e3o. Sem o rosto do outro, o ser humano n\u00e3o descobre sua identidade pessoal.<\/p>\n<p style=\"text-align: justify\">As redes sociais s\u00e3o, em parte, resposta ao desejo de estar em contato com o outro, de descobrir novos rostos e hist\u00f3rias, de aumentar o conhecimento, de comunicar-se com outras partes do mundo. Possibilitam o estabelecimento de novas rela\u00e7\u00f5es e a manuten\u00e7\u00e3o de v\u00ednculos. H\u00e1 todo um lado maravilhoso e promissor dos recursos da rede. Por outro lado, como todo instrumento pode ser mal utilizado, o mesmo ocorre com a internet. Ela tem sido ve\u00edculo de falsas not\u00edcias, de divulga\u00e7\u00e3o de mentiras e \u00e9 muito potente para destruir a imagem ou fama de pessoas. N\u00e3o fosse isso, seria desnecess\u00e1rio o surgimento de delegacias de crimes cibern\u00e9ticos e crimes virtuais.<\/p>\n<p style=\"text-align: justify\">Mais da metade da popula\u00e7\u00e3o brasileira acessa a internet. No v\u00eddeo tudo parece estar ao alcance de quase todos. O acesso \u00e0 internet coloca a pessoa com a falsa sensa\u00e7\u00e3o de ter o mundo nas m\u00e3os. A internet, com suas ferramentas, possibilita ao usu\u00e1rio como que a entrada numa biblioteca sem limites, onde as melhores obras est\u00e3o misturadas ao que de pior a humanidade p\u00f4de produzir.<\/p>\n<p style=\"text-align: justify\">A Igreja n\u00e3o hesita em utilizar as redes sociais, ciente de que a luz do evangelho pode iluminar o mundo virtual e fecund\u00e1-lo com os valores ensinados por Jesus Cristo. Sabe, no entanto, que o virtual \u00e9 apenas complementar do encontro face a face, no qual os olhares, o abra\u00e7o, a escuta da voz e o sussurro da respira\u00e7\u00e3o confirmam a humanidade do outro e a minha.\u00a0 Assim, Papa Francisco nos convoca para \u201cabrir o caminho ao di\u00e1logo, ao encontro, ao sorriso, ao carinho&#8230; Esta \u00e9 a rede que queremos: uma rede feita, n\u00e3o para capturar, mas para libertar, para preservar uma comunh\u00e3o de pessoas livres. A pr\u00f3pria Igreja \u00e9 uma rede tecida pela Comunh\u00e3o Eucar\u00edstica, onde a uni\u00e3o n\u00e3o se baseia nos gostos [\u00ab<em>like\u00bb<\/em>], mas na verdade, no \u00ab<em>am\u00e9m\u00bb<\/em> com que cada um adere ao Corpo de Cristo, acolhendo os outros\u201d.<\/p>\n<p style=\"text-align: justify\">\n","protected":false},"excerpt":{"rendered":"<p>Dom Jo\u00e3o Justino de Medeiros Silva Arcebispo de Montes Claros &nbsp; \u00c9 esse o tema do 53\u00ba Dia Mundial das Comunica\u00e7\u00f5es Sociais, celebrado no domingo da Ascens\u00e3o do Senhor, ou 7\u00ba domingo da P\u00e1scoa. A cada ano \u00e9 divulgada uma mensagem pontif\u00edcia para esse dia. O tema das redes sociais \u00e9 atual e representa uma &hellip;<\/p>\n<p class=\"read-more\"> <a class=\"\" href=\"https:\/\/www.cnbb.org.br\/das-comunidades-de-redes-sociais-a-comunidade-humana-2\/\"> <span class=\"screen-reader-text\">Das comunidades de redes sociais \u00e0 comunidade humana<\/span> Leia mais &raquo;<\/a><\/p>\n","protected":false},"author":64,"featured_media":0,"comment_status":"closed","ping_status":"open","sticky":false,"template":"","format":"standard","meta":{"site-sidebar-layout":"default","site-content-layout":"default","ast-global-header-display":"","ast-banner-title-visibility":"","ast-main-header-display":"","ast-hfb-above-header-display":"","ast-hfb-below-header-display":"","ast-hfb-mobile-header-display":"","site-post-title":"","ast-breadcrumbs-content":"","ast-featured-img":"","footer-sml-layout":"","theme-transparent-header-meta":"","adv-header-id-meta":"","stick-header-meta":"","header-above-stick-meta":"","header-main-stick-meta":"","header-below-stick-meta":""},"categories":[758],"tags":[],"acf":[],"_links":{"self":[{"href":"https:\/\/www.cnbb.org.br\/cnbb-app\/wp\/v2\/posts\/35092"}],"collection":[{"href":"https:\/\/www.cnbb.org.br\/cnbb-app\/wp\/v2\/posts"}],"about":[{"href":"https:\/\/www.cnbb.org.br\/cnbb-app\/wp\/v2\/types\/post"}],"author":[{"embeddable":true,"href":"https:\/\/www.cnbb.org.br\/cnbb-app\/wp\/v2\/users\/64"}],"replies":[{"embeddable":true,"href":"https:\/\/www.cnbb.org.br\/cnbb-app\/wp\/v2\/comments?post=35092"}],"version-history":[{"count":0,"href":"https:\/\/www.cnbb.org.br\/cnbb-app\/wp\/v2\/posts\/35092\/revisions"}],"wp:attachment":[{"href":"https:\/\/www.cnbb.org.br\/cnbb-app\/wp\/v2\/media?parent=35092"}],"wp:term":[{"taxonomy":"category","embeddable":true,"href":"https:\/\/www.cnbb.org.br\/cnbb-app\/wp\/v2\/categories?post=35092"},{"taxonomy":"post_tag","embeddable":true,"href":"https:\/\/www.cnbb.org.br\/cnbb-app\/wp\/v2\/tags?post=35092"}],"curies":[{"name":"wp","href":"https:\/\/api.w.org\/{rel}","templated":true}]}}