{"id":35093,"date":"2019-08-27T00:00:00","date_gmt":"2019-08-27T03:00:00","guid":{"rendered":"https:\/\/www.cnbb.org.br\/grande-messe-poucos-operarios\/"},"modified":"2019-08-27T00:00:00","modified_gmt":"2019-08-27T03:00:00","slug":"grande-messe-poucos-operarios","status":"publish","type":"post","link":"https:\/\/www.cnbb.org.br\/grande-messe-poucos-operarios\/","title":{"rendered":"Grande Messe &#8211; Poucos oper\u00e1rios"},"content":{"rendered":"<p style=\"text-align: right\"><strong>Dom Alo\u00edsio A. Dilli<\/strong><br \/>\n<strong>Bispo de Santa Cruz do Sul<\/strong><\/p>\n<p><strong>\u00a0<\/strong><\/p>\n<p style=\"text-align: justify\">Caros diocesanos. O evangelista Mateus escreve que Jesus, vendo as multid\u00f5es que o seguiam, compadeceu-se delas, porque estavam cansadas e abatidas como ovelhas sem pastor. E acrescentou: \u201c<em>A messe \u00e9 grande e os trabalhadores s\u00e3o poucos. Pedi, pois, ao dono da messe que envie trabalhadores para a sua colheita<\/em>\u201d (Mt 9, 36-38). Em seguida, chamou os ap\u00f3stolos e os enviou para anunciar a Boa-Nova do Evangelho, pois o Reino de Deus estava pr\u00f3ximo, estava presente em Jesus e a partir dele com todos os que o acolhiam em sua vida.<\/p>\n<p style=\"text-align: justify\">Quando penso em nossa Diocese de Santa Cruz do Sul, vejo que este Evangelho est\u00e1 pr\u00f3ximo de n\u00f3s. Vejo multid\u00f5es de pessoas necessitadas de maior acompanhamento, assist\u00eancia, presen\u00e7a da parte da Igreja, em diversas formas de pastoral. Sim, os oper\u00e1rios s\u00e3o poucos e a messe \u00e9 grande! No tempo de Jesus n\u00e3o foi diferente. O grupo era pequeno e o desafio da miss\u00e3o, enorme. No entanto, a Igreja \u00e9 um acontecimento inquestion\u00e1vel a servi\u00e7o do Reino de Deus, que j\u00e1 perdura por mais de vinte s\u00e9culos.<\/p>\n<p style=\"text-align: justify\">Na nossa diocese tamb\u00e9m \u00e9 assim. Deus age no e atrav\u00e9s do pequeno grupo de presb\u00edteros, de di\u00e1conos, de consagrados\/as, de ministros\/as extraordin\u00e1rio\/as, de catequistas e demais lideran\u00e7as leigas. A a\u00e7\u00e3o de Deus se faz sentir nas diversas pastorais, servi\u00e7os e movimentos. Quantos encontros de fim-de-semana s\u00e3o realizados em que pessoas leigas procuram as comunidades para celebrar sua vida, para ali aprofundarem sua forma\u00e7\u00e3o crist\u00e3, para fortificarem sua f\u00e9, sua espiritualidade, para fazerem experi\u00eancia de Igreja, de comunh\u00e3o crist\u00e3. Tamb\u00e9m os adolescentes e jovens est\u00e3o sendo atra\u00eddos mais pelo novo processo de Inicia\u00e7\u00e3o \u00e0 Vida Crist\u00e3, no esp\u00edrito catecumenal. Tamb\u00e9m as crian\u00e7as s\u00e3o bem-vindas, pois elas t\u00eam o direito de fazer conosco a experi\u00eancia da f\u00e9 e da comunh\u00e3o eclesial.<\/p>\n<p style=\"text-align: justify\">Ficamos felizes ao perceber a f\u00e9 com que se reza a ora\u00e7\u00e3o pelas voca\u00e7\u00f5es: \u201c<em>Jesus Mestre divino<\/em>\u201d. Tamb\u00e9m hoje Deus continua a chamar e enviar. Temos que fazer a nossa parte, ou seja, os jovens sejam generosos e abertos diante do convite do Senhor; os pais, as fam\u00edlias alegrem-se com a gra\u00e7a e apoiem o dom vocacional dos filhos e das filhas; a comunidade estimule com sua ajuda e sua ora\u00e7\u00e3o; os presb\u00edteros e di\u00e1conos, os consagrados e as consagradas sejam testemunhas de vida feliz, entusiasta no servi\u00e7o ao Senhor e ao povo que lhes \u00e9 confiado para o pastoreio; que as casas de forma\u00e7\u00e3o sejam espa\u00e7os privilegiados para os\/as vocacionados\/as (DAp 315-316).<\/p>\n<p style=\"text-align: justify\">Certamente, nossas conversas sobre as diversas voca\u00e7\u00f5es causam grande influ\u00eancia nas fam\u00edlias, setores de pastoral, movimentos, servi\u00e7os, assim como a participa\u00e7\u00e3o efetiva e afetiva na comunidade eclesial. Dificilmente surgir\u00e3o voca\u00e7\u00f5es de ambientes onde n\u00e3o se vive e se cultiva com estima a f\u00e9 crist\u00e3. Gra\u00e7as a Deus, iniciamos em 2018 o Semin\u00e1rio Proped\u00eautico Interdiocesano. Os seminaristas seguem na fase de discernimento e decis\u00e3o. Outros candidatos est\u00e3o se informando e participando de encontros vocacionais. Duas ordena\u00e7\u00f5es presbiterais est\u00e3o previstas para o final de 2019. Temos um bom n\u00famero de poss\u00edveis candidatos para Di\u00e1conos permanentes, que conclu\u00edram a Escola Diaconal. V\u00e1rios deles j\u00e1 manifestaram os primeiros sinais de que desejam abra\u00e7ar essa forma de vida. Cerca de mil catequistas para o batismo est\u00e3o em fase de prepara\u00e7\u00e3o em nossas comunidades. Unamos nossos esfor\u00e7os nesta hora da gra\u00e7a de Deus, pois a responsabilidade \u00e9 tamb\u00e9m de todos n\u00f3s. Juntos, clamemos: \u201c<em>Enviai, Senhor, oper\u00e1rios para vossa messe!<\/em> <em>Dai-nos, Senhor, tamb\u00e9m o senso de responsabilidade para fazermos nossa parte<\/em>\u201d!<\/p>\n<p>&nbsp;<\/p>\n<p>&nbsp;<\/p>\n","protected":false},"excerpt":{"rendered":"<p>Dom Alo\u00edsio A. Dilli Bispo de Santa Cruz do Sul \u00a0 Caros diocesanos. O evangelista Mateus escreve que Jesus, vendo as multid\u00f5es que o seguiam, compadeceu-se delas, porque estavam cansadas e abatidas como ovelhas sem pastor. E acrescentou: \u201cA messe \u00e9 grande e os trabalhadores s\u00e3o poucos. Pedi, pois, ao dono da messe que envie &hellip;<\/p>\n<p class=\"read-more\"> <a class=\"\" href=\"https:\/\/www.cnbb.org.br\/grande-messe-poucos-operarios\/\"> <span class=\"screen-reader-text\">Grande Messe &#8211; Poucos oper\u00e1rios<\/span> Leia mais &raquo;<\/a><\/p>\n","protected":false},"author":33,"featured_media":0,"comment_status":"closed","ping_status":"open","sticky":false,"template":"","format":"standard","meta":{"site-sidebar-layout":"default","site-content-layout":"default","ast-global-header-display":"","ast-banner-title-visibility":"","ast-main-header-display":"","ast-hfb-above-header-display":"","ast-hfb-below-header-display":"","ast-hfb-mobile-header-display":"","site-post-title":"","ast-breadcrumbs-content":"","ast-featured-img":"","footer-sml-layout":"","theme-transparent-header-meta":"","adv-header-id-meta":"","stick-header-meta":"","header-above-stick-meta":"","header-main-stick-meta":"","header-below-stick-meta":""},"categories":[758],"tags":[],"acf":[],"_links":{"self":[{"href":"https:\/\/www.cnbb.org.br\/cnbb-app\/wp\/v2\/posts\/35093"}],"collection":[{"href":"https:\/\/www.cnbb.org.br\/cnbb-app\/wp\/v2\/posts"}],"about":[{"href":"https:\/\/www.cnbb.org.br\/cnbb-app\/wp\/v2\/types\/post"}],"author":[{"embeddable":true,"href":"https:\/\/www.cnbb.org.br\/cnbb-app\/wp\/v2\/users\/33"}],"replies":[{"embeddable":true,"href":"https:\/\/www.cnbb.org.br\/cnbb-app\/wp\/v2\/comments?post=35093"}],"version-history":[{"count":0,"href":"https:\/\/www.cnbb.org.br\/cnbb-app\/wp\/v2\/posts\/35093\/revisions"}],"wp:attachment":[{"href":"https:\/\/www.cnbb.org.br\/cnbb-app\/wp\/v2\/media?parent=35093"}],"wp:term":[{"taxonomy":"category","embeddable":true,"href":"https:\/\/www.cnbb.org.br\/cnbb-app\/wp\/v2\/categories?post=35093"},{"taxonomy":"post_tag","embeddable":true,"href":"https:\/\/www.cnbb.org.br\/cnbb-app\/wp\/v2\/tags?post=35093"}],"curies":[{"name":"wp","href":"https:\/\/api.w.org\/{rel}","templated":true}]}}