{"id":35095,"date":"2019-08-27T00:00:00","date_gmt":"2019-08-27T03:00:00","guid":{"rendered":"https:\/\/www.cnbb.org.br\/cnbb-celebrou-os-2-anos-da-morte-de-dom-jose-maria-pires-arcebispo-emerito-da-paraiba\/"},"modified":"2021-08-26T14:25:35","modified_gmt":"2021-08-26T17:25:35","slug":"cnbb-celebrou-os-2-anos-da-morte-de-dom-jose-maria-pires-arcebispo-emerito-da-paraiba","status":"publish","type":"post","link":"https:\/\/www.cnbb.org.br\/cnbb-celebrou-os-2-anos-da-morte-de-dom-jose-maria-pires-arcebispo-emerito-da-paraiba\/","title":{"rendered":"CNBB celebrou os 2 anos da morte de dom Jos\u00e9 Maria Pires, arcebispo em\u00e9rito da Para\u00edba"},"content":{"rendered":"<p style=\"text-align: justify;\">Neste dia 27 de agosto, quando a Igreja celebra a mem\u00f3ria de Santa M\u00f4nica, no Brasil se recorda a data de falecimento de tr\u00eas bispos que escreveram hist\u00f3rias importantes e ocupam um lugar em destaque na luta pelos direitos humanos, dos pobres e negros.<\/p>\n<p style=\"text-align: justify;\">Na manh\u00e3 desta ter\u00e7a-feira, em uma celebra\u00e7\u00e3o eucar\u00edstica, na sede da Confer\u00eancia Nacional dos Bispos do Brasil, em Bras\u00edlia-DF, fez-se mem\u00f3ria dos 20 anos do falecimento de dom Helder C\u00e2mara, 13 anos de dom Luciano Mendes de Almeida e dois da morte do arcebispo em\u00e9rito da Para\u00edba, dom Jos\u00e9 Maria Pires, o \u2018dom Pel\u00e9\u2019 ou \u2018dom Zumbi\u2019, como ficou carinhosamente conhecido.<\/p>\n<p style=\"text-align: justify;\">A missa foi presidida pelo bispo auxiliar do Rio de Janeiro (RJ) e atual secret\u00e1rio-geral da entidade, dom Joel Portella Amado e concelebrada pelos padres assessores da casa e jesu\u00edtas. A homenagem a dom Jos\u00e9 Maria Pires ficou a cargo do ec\u00f4nomo da CNBB, monsenhor Nereudo Freire Henrique que conviveu com ele quando ainda em era estudante no Instituto de Teologia do Recife (ITER).<\/p>\n<figure id=\"attachment_224714\" aria-describedby=\"caption-attachment-224714\" style=\"width: 190px\" class=\"wp-caption alignright\"><a href=\"https:\/\/www.cnbb.org.br\/cnbb-celebrou-os-2-anos-da-morte-de-dom-jose-maria-pires-arcebispo-emerito-da-paraiba\/48630204387_9853c69cdc_z\/\" rel=\"attachment wp-att-224714\"><img decoding=\"async\" loading=\"lazy\" class=\"wp-image-224714 \" src=\"https:\/\/www.cnbb.org.br\/wp-content\/uploads\/2020\/03\/48630204387_9853c69cdc_z-184x300.jpg\" alt=\"\" width=\"190\" height=\"310\" \/><\/a><figcaption id=\"caption-attachment-224714\" class=\"wp-caption-text\"><em>Monsenhor Nereudo Freire Henrique. Foto: Assessoria de Comunica\u00e7\u00e3o da CNBB\/Daniel Flores,<\/em><\/figcaption><\/figure>\n<p style=\"text-align: justify;\"><strong><em>\u201cMeu prop\u00f3sito inicial era ser estudante, era concluir o curso como leigo. Mas um dia dom Jos\u00e9 me chamou e disse \u2018voc\u00ea vai ser parte do nosso semin\u00e1rio. Voc\u00ea vai ser nosso seminarista\u2019 e no final do curso me convidou para trabalhar no proped\u00eautico\u00a0e eu aceitei o desafio\u201d, disse.<\/em><\/strong><\/p>\n<p style=\"text-align: justify;\">O Monsenhor lembrou que,\u00a0em v\u00e1rios momentos, teve a oportunidade de ir, j\u00e1 como seminarista, para o interior da Para\u00edba por conta de alguns conflitos de terra, os quais eram marcados por assassinatos de trabalhadores<strong>.<em> &#8220;Dom Jos\u00e9 Maria sempre estava junto defendendo os trabalhadores, acolhendo as fam\u00edlias. Depois da experi\u00eancia na capital, ele tinha um olhar para a periferia de Jo\u00e3o Pessoa. L\u00e1 ele conseguia se fazer presente na vida do povo levando muita esperan\u00e7a\u201d, recorda-se.<\/em><\/strong><\/p>\n<p style=\"text-align: justify;\">De acordo com o ec\u00f4nomo, dom Jos\u00e9 \u00e9 um homem muito respeitado na Para\u00edba por seu legado, por ter sempre buscado a verdade, vivenciado a palavra de Deus com olhar especial de esperan\u00e7a para os empobrecidos.<\/p>\n<p style=\"text-align: justify;\"><em><strong>\u201cAlgu\u00e9m que conseguiu traduzir o Vaticano II, conseguiu acolher os pequenos, sempre procurou viver a justi\u00e7a e marcou a esperan\u00e7a. E esse testemunho est\u00e1 enraizado at\u00e9 hoje na Igreja da Para\u00edba\u201d, ressaltou.<\/strong><\/em><\/p>\n<figure id=\"attachment_5866\" aria-describedby=\"caption-attachment-5866\" style=\"width: 300px\" class=\"wp-caption alignleft\"><a href=\"https:\/\/www.cnbb.org.br\/corpo-de-dom-jose-arcebispo-emerito-da-paraiba-vai-ser-velado-e-sepultado-em-joao-pessoa\/dom-jose\/\" rel=\"attachment wp-att-5866\"><img decoding=\"async\" loading=\"lazy\" class=\"wp-image-5866 size-medium\" src=\"https:\/\/www.cnbb.org.br\/wp-content\/uploads\/2020\/03\/dom-jose-300x260.jpg\" alt=\"\" width=\"300\" height=\"260\" \/><\/a><figcaption id=\"caption-attachment-5866\" class=\"wp-caption-text\"><em>Dom Jos\u00e9 Maria Pires. Foto: Matheus Oliveira\/CNBB<\/em><\/figcaption><\/figure>\n<p style=\"text-align: justify;\">Dom Jos\u00e9 Maria Pires, que foi um dos primeiros bispos negros no Brasil, fez a sua passagem aos 98 anos deixando o exemplo de como ser Igreja, de como estar \u00e0 frente do Povo de Deus. Ele sofreu preconceito por causa da cor de sua pele e transformou essa dor em luta pelos direitos dos negros. Por causa dessa luta, ele foi apelidado por dom Jos\u00e9 Vicente T\u00e1vora de \u2018dom Pel\u00e9\u2019 e por dom Pedro Casald\u00e1liga de \u2018dom Zumbi\u2019. Ele lutou contra a discrimina\u00e7\u00e3o e o racismo, incentivando a organiza\u00e7\u00e3o e a luta dos afro-brasileiros.<\/p>\n<p style=\"text-align: justify;\">Foi tamb\u00e9m membro da Comiss\u00e3o Central da CNBB, o que seria equivalente nos dias atuais ao Conselho Permanente da entidade, no anos de 1960 e presidente do Regional Nordeste 2 da Confer\u00eancia, que compreende as dioceses nos estados do Rio Grande do Norte, Para\u00edba, Pernambuco e Alagoas. Ele foi um dos bispos brasileiros que participou do Conc\u00edlio Ecum\u00eanico Vaticano II (1962-1965).<\/p>\n<p style=\"text-align: justify;\">Um legado une esses tr\u00eas bispos na data em que se celebra a p\u00e1scoa destes homens que foram profetas na luta pelos pobres e discriminados.<\/p>\n<p style=\"text-align: justify;\">Dom Helder C\u00e2mara, arcebispo em\u00e9rito de Olinda e Recife (PE), foi um dos fundadores da Confer\u00eancia Nacional dos Bispos do Brasil (CNBB), \u00e0 qual serviu como secret\u00e1rio-geral (1952-1964). J\u00e1 o jesu\u00edta dom Luciano Mendes de Almeida, foi secret\u00e1rio-geral da CNBB por dois mandatos (1979-1987) e presidente da entidade, tamb\u00e9m por dois mandatos (1988-1995).<\/p>\n","protected":false},"excerpt":{"rendered":"<p>Ele foi um dos bispos brasileiros que participou do Conc\u00edlio Vaticano II<\/p>\n","protected":false},"author":83,"featured_media":778037,"comment_status":"closed","ping_status":"open","sticky":false,"template":"","format":"standard","meta":{"site-sidebar-layout":"default","site-content-layout":"default","ast-global-header-display":"","ast-banner-title-visibility":"","ast-main-header-display":"","ast-hfb-above-header-display":"","ast-hfb-below-header-display":"","ast-hfb-mobile-header-display":"","site-post-title":"","ast-breadcrumbs-content":"","ast-featured-img":"","footer-sml-layout":"","theme-transparent-header-meta":"default","adv-header-id-meta":"","stick-header-meta":"","header-above-stick-meta":"","header-main-stick-meta":"","header-below-stick-meta":""},"categories":[802],"tags":[2709,2776,2777],"acf":[],"_links":{"self":[{"href":"https:\/\/www.cnbb.org.br\/cnbb-app\/wp\/v2\/posts\/35095"}],"collection":[{"href":"https:\/\/www.cnbb.org.br\/cnbb-app\/wp\/v2\/posts"}],"about":[{"href":"https:\/\/www.cnbb.org.br\/cnbb-app\/wp\/v2\/types\/post"}],"author":[{"embeddable":true,"href":"https:\/\/www.cnbb.org.br\/cnbb-app\/wp\/v2\/users\/83"}],"replies":[{"embeddable":true,"href":"https:\/\/www.cnbb.org.br\/cnbb-app\/wp\/v2\/comments?post=35095"}],"version-history":[{"count":0,"href":"https:\/\/www.cnbb.org.br\/cnbb-app\/wp\/v2\/posts\/35095\/revisions"}],"wp:featuredmedia":[{"embeddable":true,"href":"https:\/\/www.cnbb.org.br\/cnbb-app\/wp\/v2\/media\/778037"}],"wp:attachment":[{"href":"https:\/\/www.cnbb.org.br\/cnbb-app\/wp\/v2\/media?parent=35095"}],"wp:term":[{"taxonomy":"category","embeddable":true,"href":"https:\/\/www.cnbb.org.br\/cnbb-app\/wp\/v2\/categories?post=35095"},{"taxonomy":"post_tag","embeddable":true,"href":"https:\/\/www.cnbb.org.br\/cnbb-app\/wp\/v2\/tags?post=35095"}],"curies":[{"name":"wp","href":"https:\/\/api.w.org\/{rel}","templated":true}]}}