{"id":35103,"date":"2019-08-28T00:00:00","date_gmt":"2019-08-28T03:00:00","guid":{"rendered":"https:\/\/www.cnbb.org.br\/projeto-apoiado-por-fundo-da-cnbb-presta-assistencia-a-soropositivos-na-paraiba\/"},"modified":"2020-03-11T17:09:26","modified_gmt":"2020-03-11T20:09:26","slug":"projeto-apoiado-por-fundo-da-cnbb-presta-assistencia-a-soropositivos-na-paraiba","status":"publish","type":"post","link":"https:\/\/www.cnbb.org.br\/projeto-apoiado-por-fundo-da-cnbb-presta-assistencia-a-soropositivos-na-paraiba\/","title":{"rendered":"Projeto apoiado por fundo da CNBB presta assist\u00eancia a soropositivos na Para\u00edba"},"content":{"rendered":"<p style=\"text-align: justify\">Com o apoio do Fundo Nacional de Solidariedade (FNS) da Confer\u00eancia Nacional dos Bispos do Brasil (CNBB), iniciativa que financia empreendimentos locais e ambientalmente sustent\u00e1veis, fomentando o desenvolvimento comunit\u00e1rio com base nas necessidades, pr\u00e1ticas e culturais locais, a arquidiocese da Para\u00edba, por meio da A\u00e7\u00e3o Social Arquidiocesana (ASA) desenvolveu em 2015 atrav\u00e9s da Casa de Conviv\u00eancia Jo\u00e3o Paulo II, um programa de assist\u00eancia e preven\u00e7\u00e3o direcionado a pessoas que vivem e convivem com HIV\/AIDS.<\/p>\n<p style=\"text-align: justify\"><a href=\"https:\/\/www.cnbb.org.br\/?attachment_id=224743\" rel=\"attachment wp-att-224743\"><img decoding=\"async\" loading=\"lazy\" class=\"size-medium wp-image-224743 alignleft\" src=\"https:\/\/www.cnbb.org.br\/wp-content\/uploads\/2020\/03\/oM3SpwM6pQLr8Ta1qw1MbV0koxGCR71wJu5qgHmBPokE705fmo-scaled.jpg\" alt=\"\" width=\"300\" height=\"169\" \/><\/a>\u00c0 \u00e9poca, o tema da Campanha da Fraternidade era \u201cEu vim para Servir\u201d e o foco do projeto intitulado \u201cVida Positiva\u201d tinha como objetivo levar \u00e0 popula\u00e7\u00e3o mais simples meios baratos, eficientes, seguros e de f\u00e1cil aquisi\u00e7\u00e3o atrav\u00e9s do poder preventivo das plantas medicinais. O inusitado \u00e9 que a iniciativa se propunha a formar um grupo de vinte pessoas vivendo e convivendo com HIV\/AIDS para passar por capacita\u00e7\u00f5es de estudos das plantas e de elabora\u00e7\u00e3o dos rem\u00e9dios caseiros, acompanhado de uma terapeuta com forma\u00e7\u00e3o fitoter\u00e1pica.<\/p>\n<p style=\"text-align: justify\">O projeto obteve tanto sucesso que nos anos seguintes, em 2017 e 2018, novas propostas foram integradas, culminando no Espa\u00e7o Vida Positiva Irm\u00e3 Veneranda, que hoje tem o intuito de integrar de forma harm\u00f4nica os saberes populares com as diversidades das plantas medicinais, \u00f3leos vegetais, fabrica\u00e7\u00e3o de sab\u00e3o ecol\u00f3gico, cromoterapia, massoterapia, entre outras iniciativas.<\/p>\n<figure id=\"attachment_224744\" aria-describedby=\"caption-attachment-224744\" style=\"width: 300px\" class=\"wp-caption alignright\"><a href=\"https:\/\/www.cnbb.org.br\/?attachment_id=224744\" rel=\"attachment wp-att-224744\"><img decoding=\"async\" loading=\"lazy\" class=\"wp-image-224744 size-medium\" src=\"https:\/\/www.cnbb.org.br\/wp-content\/uploads\/2020\/03\/Laris-1-300x169-1.jpg\" alt=\"\" width=\"300\" height=\"169\" \/><\/a><figcaption id=\"caption-attachment-224744\" class=\"wp-caption-text\">Padre Eg\u00eddio de Carvalho Neto, secret\u00e1rio-executivo da A\u00e7\u00e3o Social Arquidiocesana, da Para\u00edba<\/figcaption><\/figure>\n<p style=\"text-align: justify\">O secret\u00e1rio-executivo da A\u00e7\u00e3o Social Arquidiocesana, padre Eg\u00eddio de Carvalho Neto explica que os medicamentos fitoter\u00e1picos tanto s\u00e3o usados pelos pr\u00f3prios portadores do v\u00edrus HIV\/AIDS como tamb\u00e9m por pessoas de baixa renda. \u201c\u00c9 um projeto muito interessante, primeiramente porque ele produz renda para os pr\u00f3prios portadores que est\u00e3o produzindo esses medicamentos, segundo porque a inten\u00e7\u00e3o desses medicamentos \u00e9 a de que eles possam auxiliar no tratamento que os portadores fazem nos hospitais de refer\u00eancia\u201d, conta.<\/p>\n<p style=\"text-align: justify\">Por meio do uso dos medicamentos fitoter\u00e1picos, resultados significados foram obtidos em v\u00e1rios aspectos, tais como diminui\u00e7\u00e3o de dores cr\u00f4nicas e articulares; maior sensa\u00e7\u00e3o de conforto em rela\u00e7\u00e3o a dores cr\u00f4nicas; introdu\u00e7\u00e3o de h\u00e1bitos alimentares saud\u00e1veis, entre outras melhorias. Com base nesses resultados, padre Eg\u00eddio conta que a A\u00e7\u00e3o Social Arquidiocesana da Para\u00edba decidiu inscrever o projeto junto ao Minist\u00e9rio da Sa\u00fade e a outras entidades. \u201cQuando o pessoal tomou conhecimento nos pediu informa\u00e7\u00e3o e a\u00ed fomos convidados a participar de v\u00e1rias iniciativas\u201d, conta.<\/p>\n<p style=\"text-align: justify\"><a href=\"https:\/\/www.cnbb.org.br\/?attachment_id=224745\" rel=\"attachment wp-att-224745\"><img decoding=\"async\" loading=\"lazy\" class=\"size-medium wp-image-224745 alignleft\" src=\"https:\/\/www.cnbb.org.br\/wp-content\/uploads\/2020\/03\/fhkyDznuN6s0M4Sc9FwB51QsS2YbVZmr5Lf019k65Iw955S4B5-scaled.jpg\" alt=\"\" width=\"300\" height=\"169\" \/><\/a>O projeto tomou tanta propor\u00e7\u00e3o que resultou em um trabalho cient\u00edfico aprovado para ser exposto no XII Congresso da Sociedade Brasileira de DST\/ VIII Congresso Brasileiro de AIDS e o III Congresso Latino Americano IST\/HIV\/AIDS, que ir\u00e1 ocorrer no per\u00edodo de 22 a 25 de setembro, em Foz do Igua\u00e7u (PR). O trabalho tem como t\u00edtulo \u201cAs terapias naturais e complementares aplicadas em pessoas com HIV e AIDS como pr\u00e1ticas preventivas e coadjuvantes da Medicina Convencional\u201d.<\/p>\n<p style=\"text-align: justify\"><strong>Cartilha<\/strong><\/p>\n<p style=\"text-align: justify\">Para al\u00e9m de promover impactos sociais e culturais, a Casa de Conviv\u00eancia Jo\u00e3o Paulo II organizou uma cartilha com o objetivo de ser um manual de orienta\u00e7\u00e3o, um guia de pr\u00e1ticas populares tradicionais. \u201cEste conte\u00fado ser\u00e1 de grande apoio para as oficinas e um aux\u00edlio concreto para o dia a dia das pessoas\u201d, afirma a coordenadora da Casa de Conviv\u00eancia Jo\u00e3o Paulo II, Maria Goretti Felismino, na carta de apresenta\u00e7\u00e3o do texto.<\/p>\n<p><strong>FNS<\/strong><\/p>\n<p style=\"text-align: justify\">Entidades sociais sem fins lucrativos e\/ou de apoio a movimentos sociais que estejam habilitados preferencialmente a trabalhar com a tem\u00e1tica proposta pela Campanha da Fraternidade 2019 que \u00e9 \u201cFraternidade e Pol\u00edticas P\u00fablicas\u201d, e que estejam com a situa\u00e7\u00e3o fiscal regular, podem se inscrever at\u00e9 o dia 12\/09, pelo site (http:\/\/fns.cnbb.org.br\/fundo\/informativo\/index) para receber apoio do Fundo Nacional de Solidariedade (FNS). E enviar as propostas pelos Correios at\u00e9 o dia 14\/09 deste ano. Os processos de recebimento, an\u00e1lise, deferimento e acompanhamento das iniciativas est\u00e3o sob a responsabilidade do Departamento Social da CNBB e do Conselho Gestor do FNS.<\/p>\n<p>Saiba mais em: <a href=\"https:\/\/www.cnbb.org.br\/cnbb-lanca-edital-do-fundo-nacional-de-solidariedade\/\">https:\/\/www.cnbb.org.br\/cnbb-lanca-edital-do-fundo-nacional-de-solidariedade\/<\/a><\/p>\n","protected":false},"excerpt":{"rendered":"<p>Entidades que desejam receber recursos precisam enviar projetos pelo site at\u00e9 o dia 12\/09 e pelos Correios com limite de data at\u00e9 o dia 14\/09<\/p>\n","protected":false},"author":83,"featured_media":35106,"comment_status":"closed","ping_status":"open","sticky":false,"template":"","format":"standard","meta":{"site-sidebar-layout":"default","site-content-layout":"default","ast-global-header-display":"","ast-banner-title-visibility":"","ast-main-header-display":"","ast-hfb-above-header-display":"","ast-hfb-below-header-display":"","ast-hfb-mobile-header-display":"","site-post-title":"","ast-breadcrumbs-content":"","ast-featured-img":"","footer-sml-layout":"","theme-transparent-header-meta":"","adv-header-id-meta":"","stick-header-meta":"","header-above-stick-meta":"","header-main-stick-meta":"","header-below-stick-meta":""},"categories":[1],"tags":[],"acf":[],"_links":{"self":[{"href":"https:\/\/www.cnbb.org.br\/cnbb-app\/wp\/v2\/posts\/35103"}],"collection":[{"href":"https:\/\/www.cnbb.org.br\/cnbb-app\/wp\/v2\/posts"}],"about":[{"href":"https:\/\/www.cnbb.org.br\/cnbb-app\/wp\/v2\/types\/post"}],"author":[{"embeddable":true,"href":"https:\/\/www.cnbb.org.br\/cnbb-app\/wp\/v2\/users\/83"}],"replies":[{"embeddable":true,"href":"https:\/\/www.cnbb.org.br\/cnbb-app\/wp\/v2\/comments?post=35103"}],"version-history":[{"count":0,"href":"https:\/\/www.cnbb.org.br\/cnbb-app\/wp\/v2\/posts\/35103\/revisions"}],"wp:featuredmedia":[{"embeddable":true,"href":"https:\/\/www.cnbb.org.br\/cnbb-app\/wp\/v2\/media\/35106"}],"wp:attachment":[{"href":"https:\/\/www.cnbb.org.br\/cnbb-app\/wp\/v2\/media?parent=35103"}],"wp:term":[{"taxonomy":"category","embeddable":true,"href":"https:\/\/www.cnbb.org.br\/cnbb-app\/wp\/v2\/categories?post=35103"},{"taxonomy":"post_tag","embeddable":true,"href":"https:\/\/www.cnbb.org.br\/cnbb-app\/wp\/v2\/tags?post=35103"}],"curies":[{"name":"wp","href":"https:\/\/api.w.org\/{rel}","templated":true}]}}