{"id":35107,"date":"2019-08-28T00:00:00","date_gmt":"2019-08-28T03:00:00","guid":{"rendered":"https:\/\/www.cnbb.org.br\/secretario-geral-da-cnbb-participa-de-iv-congresso-de-gestao-eclesial-em-joao-pessoa\/"},"modified":"2019-08-28T00:00:00","modified_gmt":"2019-08-28T03:00:00","slug":"secretario-geral-da-cnbb-participa-de-iv-congresso-de-gestao-eclesial-em-joao-pessoa","status":"publish","type":"post","link":"https:\/\/www.cnbb.org.br\/secretario-geral-da-cnbb-participa-de-iv-congresso-de-gestao-eclesial-em-joao-pessoa\/","title":{"rendered":"IV Congresso de Gest\u00e3o Eclesial vai abordar quest\u00f5es importantes da administra\u00e7\u00e3o na Igreja"},"content":{"rendered":"<p style=\"text-align: justify\">O bispo auxiliar do Rio de Janeiro e secret\u00e1rio-geral da Confer\u00eancia Nacional dos Bispos do Brasil (CNBB), dom Joel Portella, vai participar do IV Congresso de Gest\u00e3o Eclesial, que traz como tem\u00e1tica: impactos da legisla\u00e7\u00e3o numa \u201cIgreja em Sa\u00edda\u201d. O evento, que tem o apoio da CNBB, e vai proporcionar uma reflex\u00e3o atualizada sobre a atual legisla\u00e7\u00e3o, ser\u00e1 realizado entre os dias 24 e 27 de setembro, no Centro de Conven\u00e7\u00f5es de Jo\u00e3o Pessoa, na Para\u00edba.<\/p>\n<figure id=\"attachment_223769\" aria-describedby=\"caption-attachment-223769\" style=\"width: 300px\" class=\"wp-caption alignright\"><a href=\"https:\/\/www.cnbb.org.br\/secretario-geral-da-cnbb-convoca-os-cristaos-para-a-semana-nacional-da-familia-2019\/dsc06164\/\" rel=\"attachment wp-att-223769\"><img decoding=\"async\" loading=\"lazy\" class=\"wp-image-223769 size-medium\" src=\"https:\/\/www.cnbb.org.br\/wp-content\/uploads\/2020\/02\/DSC06164.jpg\" alt=\"\" width=\"300\" height=\"169\" \/><\/a><figcaption id=\"caption-attachment-223769\" class=\"wp-caption-text\"><em>Dom Joel Portella. Foto: Daniel Flores\/CNBB<\/em><\/figcaption><\/figure>\n<p style=\"text-align: justify\">Dom Joel vai falar sobre gest\u00e3o administrativa e uma reflex\u00e3o sobre as Diretrizes Gerais da A\u00e7\u00e3o Evangelizadora da Igreja no Brasil (DGAE) para o quadri\u00eanio 2019-2023, que ele colaborou na confec\u00e7\u00e3o e que foram aprovadas durante a 57\u00aa Assembleia Geral dos Bispos do Brasil, realizada em Aparecida (SP), de 1\u00ba a 10 de maio.<\/p>\n<p style=\"text-align: justify\">O ec\u00f4nomo da Confer\u00eancia Nacional dos Bispos do Brasil, monsenhor Nereudo Freire Henrique, explica que o congresso tem dois eixos fundamentais. <strong><em>\u201cCreio que ser\u00e1 uma experi\u00eancia de fundamental import\u00e2ncia visto que em um pequeno espa\u00e7o de tempo teremos uma reflex\u00e3o da gest\u00e3o e da pastoral\u201d.<\/em><\/strong><\/p>\n<p style=\"text-align: justify\">Ainda segundo o monsenhor, \u00a0a\u00a0legisla\u00e7\u00e3o brasileira est\u00e1 em constante mudan\u00e7a e \u00e9 muito importante que o gestor esteja sempre atualizado para fazer fluir os processos administrativos e financeiros seja nas par\u00f3quias e ou arqui\/dioceses.<\/p>\n<p style=\"text-align: justify\">Na programa\u00e7\u00e3o do congresso tamb\u00e9m consta confer\u00eancias, oficinas, semin\u00e1rios e workshops que v\u00e3o abordar temas urgentes dentro das v\u00e1rias dimens\u00f5es da Igreja como: contabilidade, gest\u00e3o de pessoas, espiritualidade, pastoral, catequese, d\u00edzimo, comunica\u00e7\u00e3o, patrim\u00f4nio e procedimentos administrativos. Al\u00e9m de shows, apresenta\u00e7\u00f5es culturais e a feira de artigos religiosos, a Expof\u00e9.<\/p>\n<p>As inscri\u00e7\u00f5es podem ser feitas pelo site <a href=\"https:\/\/www.congec.com.br\/\" target=\"_blank\" rel=\"noopener\">www.congec.com.br<\/a>\u00a0at\u00e9 o dia 19 de setembro.<\/p>\n","protected":false},"excerpt":{"rendered":"<p>O evento, que conta com o apoio da CNBB, ser\u00e1 realizado entre os dias 24 e 27\/09. As inscri\u00e7\u00f5es  est\u00e3o abertas at\u00e9 o dia 19 de setembro<\/p>\n","protected":false},"author":83,"featured_media":2285,"comment_status":"closed","ping_status":"open","sticky":false,"template":"","format":"standard","meta":{"site-sidebar-layout":"default","site-content-layout":"default","ast-global-header-display":"","ast-banner-title-visibility":"","ast-main-header-display":"","ast-hfb-above-header-display":"","ast-hfb-below-header-display":"","ast-hfb-mobile-header-display":"","site-post-title":"","ast-breadcrumbs-content":"","ast-featured-img":"","footer-sml-layout":"","theme-transparent-header-meta":"","adv-header-id-meta":"","stick-header-meta":"","header-above-stick-meta":"","header-main-stick-meta":"","header-below-stick-meta":""},"categories":[785],"tags":[],"acf":[],"_links":{"self":[{"href":"https:\/\/www.cnbb.org.br\/cnbb-app\/wp\/v2\/posts\/35107"}],"collection":[{"href":"https:\/\/www.cnbb.org.br\/cnbb-app\/wp\/v2\/posts"}],"about":[{"href":"https:\/\/www.cnbb.org.br\/cnbb-app\/wp\/v2\/types\/post"}],"author":[{"embeddable":true,"href":"https:\/\/www.cnbb.org.br\/cnbb-app\/wp\/v2\/users\/83"}],"replies":[{"embeddable":true,"href":"https:\/\/www.cnbb.org.br\/cnbb-app\/wp\/v2\/comments?post=35107"}],"version-history":[{"count":0,"href":"https:\/\/www.cnbb.org.br\/cnbb-app\/wp\/v2\/posts\/35107\/revisions"}],"wp:featuredmedia":[{"embeddable":true,"href":"https:\/\/www.cnbb.org.br\/cnbb-app\/wp\/v2\/media\/2285"}],"wp:attachment":[{"href":"https:\/\/www.cnbb.org.br\/cnbb-app\/wp\/v2\/media?parent=35107"}],"wp:term":[{"taxonomy":"category","embeddable":true,"href":"https:\/\/www.cnbb.org.br\/cnbb-app\/wp\/v2\/categories?post=35107"},{"taxonomy":"post_tag","embeddable":true,"href":"https:\/\/www.cnbb.org.br\/cnbb-app\/wp\/v2\/tags?post=35107"}],"curies":[{"name":"wp","href":"https:\/\/api.w.org\/{rel}","templated":true}]}}