{"id":35110,"date":"2019-08-29T00:00:00","date_gmt":"2019-08-29T03:00:00","guid":{"rendered":"https:\/\/www.cnbb.org.br\/em-aparecida-rezemos-pelas-vocacoes\/"},"modified":"2019-08-29T00:00:00","modified_gmt":"2019-08-29T03:00:00","slug":"em-aparecida-rezemos-pelas-vocacoes","status":"publish","type":"post","link":"https:\/\/www.cnbb.org.br\/em-aparecida-rezemos-pelas-vocacoes\/","title":{"rendered":"Em Aparecida rezemos pelas voca\u00e7\u00f5es"},"content":{"rendered":"<p style=\"font-weight: 400;text-align: right\"><strong>Cardeal Orani Jo\u00e3o Tempesta<br \/>\n<\/strong><strong>Arcebispo Metropolitano de S\u00e3o Sebasti\u00e3o do Rio de Janeiro (RJ)<\/strong><\/p>\n<p style=\"font-weight: 400;text-align: justify\">\u00a0As peregrina\u00e7\u00f5es constituem um fen\u00f4meno ligado a pr\u00f3pria natureza do homem e, em especial \u00e0 sua f\u00e9. Ele se sente um ser a caminho. Sua pr\u00f3pria vida \u00e9 uma caminhada do nascimento para a morte, da juventude para a velhice e, em aspira\u00e7\u00e3o mais profunda, uma passagem desta vida ef\u00eamera para uma vida mais feliz. Para os crist\u00e3os fazem mem\u00f3ria de sua peregrina\u00e7\u00e3o terrena na caminhada para o c\u00e9u. Por isso sup\u00f5e tamb\u00e9m tempo de convers\u00e3o e de encontro com Deus.<\/p>\n<p style=\"font-weight: 400;text-align: justify\">\u00a0Por isso, sair de um lugar para buscar outro \u00e9 pr\u00f3prio do cora\u00e7\u00e3o humano. O homem \u00e9 o eterno peregrino, o permanente \u201cprocurador\u201d de Deus. Sa\u00edmos de Deus e estamos em cont\u00ednua tend\u00eancia para Aquele que \u00e9 o nosso princ\u00edpio e o nosso fim. \u00c9 da\u00ed que o caminhar adquire um sentido especial para o homem. Todos os povos t\u00eam seus lugares de peregrina\u00e7\u00e3o. \u00c9, por assim dizer, o subconsciente universal que est\u00e1 \u00e0 procura de uma perfei\u00e7\u00e3o perdida, o para\u00edso perdido, na esperan\u00e7a de encontra-lo, o c\u00e9u.<\/p>\n<p style=\"font-weight: 400;text-align: justify\">No Novo Testamento, o nascimento de Jesus est\u00e1 ligado a uma viagem da Galil\u00e9ia para a Jud\u00e9ia. Temos ainda a fuga para o Egito. E a Sagrada Fam\u00edlia de Nazar\u00e9 cumpria fielmente a lei, conforme nos narra o Evangelho: \u201cseus pais iam todos os anos a Jerusal\u00e9m na festa da P\u00e1scoa. Tendo ele atingido doze anos, subiram a Jerusal\u00e9m, segundo o costume de festa\u201d (Lc 2,41-42). Jesus e os Ap\u00f3stolos tamb\u00e9m n\u00e3o deixavam de subir a Jerusal\u00e9m por ocasi\u00e3o das festas anuais (cf.Jo 5 1; 7,1-14). Temos no evangelho a caminhada de Jesus para Jerusal\u00e9m onde seria entregue \u00e0 morte por n\u00f3s.<\/p>\n<p style=\"font-weight: 400;text-align: justify\">J\u00e1 nos primeiros s\u00e9culos da era crist\u00e3 foi muito comum ver os crist\u00e3os reunidos, ainda no tempo da persegui\u00e7\u00e3o, para levar em prociss\u00e3o o corpo dos m\u00e1rtires at\u00e9 o lugar de seu sepulcro, assim \u00e9 descrito nas Atas dos mart\u00edrios de S\u00e3o Cipriano e de outros mais. Conhecemos o famoso \u201cCaminho de S\u00e3o Tiago\u201d que leva tantos peregrinos a fazerem um encontro especial com o Senhor.<\/p>\n<p style=\"font-weight: 400;text-align: justify\">A nossa arquidiocese tem atualmente v\u00e1rias rotas de peregrina\u00e7\u00e3o reconhecidas e orientadas. Mas a tradi\u00e7\u00e3o da Romaria a Aparecida da totalidade da Arquidiocese \u00e9 um fen\u00f4meno pr\u00f3prio de nossa realidade e faz parte de nossa tradi\u00e7\u00e3o, do nosso jeito de ser. Isso faz com que essa romaria seria a maior de uma mesma diocese que vai anualmente \u00e0 Aparecida.<\/p>\n<p style=\"font-weight: 400;text-align: justify\">A primeira Romaria da Arquidiocese de S\u00e3o Sebasti\u00e3o do Rio de Janeiro aconteceu em 1902, motivada pelo Cardeal Joaquim Arcoverde, em prepara\u00e7\u00e3o ao jubileu \u00e1ureo da proclama\u00e7\u00e3o do dogma da Imaculada Concei\u00e7\u00e3o, realizado dois anos depois. Foi a partir de 1931, por\u00e9m, que a peregrina\u00e7\u00e3o ganhou maior impulso, ap\u00f3s a visita da imagem de Nossa Senhora Aparecida ao Rio de Janeiro, quando proclamada Padroeira do Brasil. Esta peregrina\u00e7\u00e3o integra a Arquidiocese numa caminhada em comum. \u00c9 importante por todo o trabalho evangelizador que a Arquidiocese do Rio realiza. O \u00faltimo s\u00e1bado do m\u00eas de agosto \u00e9 a data marcada para a peregrina\u00e7\u00e3o da Arquidiocese do Rio de Janeiro ao Santu\u00e1rio Nacional de Aparecida, que atualmente tem reunido mais de 60 mil fi\u00e9is.<\/p>\n<p style=\"font-weight: 400;text-align: justify\">A Romaria de 2019 tem, neste ano, como tema:\u00a0<em>Ano Vocacional Sacerdotal: \u201cEis-me aqui, Senhor!\u201d<\/em>\u00a0(Is\u00a06,8).<\/p>\n<p style=\"font-weight: 400;text-align: justify\">A peregrina\u00e7\u00e3o da nossa Arquidiocese a Aparecida neste ano ser\u00e1\u00a0\u00a0no dia 31 de agosto. Teremos uma s\u00e9rie de atividades neste dia da peregrina\u00e7\u00e3o: a programa\u00e7\u00e3o da romaria come\u00e7a \u00e0s 7h com a recita\u00e7\u00e3o do Ros\u00e1rio de Nossa Senhora na Tribuna do Papa. A Missa \u201cO Rio Celebra\u201d ser\u00e1 na Catedral Bas\u00edlica, \u00e0s 9h, transmitida para todo o Brasil pelas Redes de TV e R\u00e1dio. Ap\u00f3s a missa, por volta das 10h15, os peregrinos se encontrar\u00e3o na Porta Santa ou ao lado do Campan\u00e1rio (Sinos) para o in\u00edcio da caminhada continuando a rezar o ros\u00e1rio at\u00e9 o Morro do Cruzeiro. Ali nesse morro faremos a Via-Sacra. Ap\u00f3s esses eventos da manh\u00e3 de s\u00e1bado, as par\u00f3quias e comunidades continuar\u00e3o sua peregrina\u00e7\u00e3o com as programa\u00e7\u00f5es pr\u00f3prias.<\/p>\n<p style=\"font-weight: 400;text-align: justify\">Agradecidos pelo Ano Vocacional Arquidiocesano que tem como tema: \u201cA alegria de servir no sacerd\u00f3cio ministerial\u201d com o lema \u201cEis-me aqui, Senhor\u201d (Is 6,8), n\u00f3s queremos nessa peregrina\u00e7\u00e3o colocar todo o nosso cora\u00e7\u00e3o e anseios no colo da m\u00e3e, a<em>\u00a0Virgem Maria, M\u00e3e dos Sacerdotes,\u00a0<\/em>para que nos ajuda a responder com alegria ao Senhor<em>: \u201cEis-me aqui!\u201d<\/em>\u00a0(Is\u00a06,8). Pe\u00e7amos a Nossa Senhora Aparecida a santifica\u00e7\u00e3o dos padres, perseveran\u00e7a dos seminaristas e novas, santas e numerosas voca\u00e7\u00f5es sacerdotais: de cada comunidade uma nova voca\u00e7\u00e3o!<\/p>\n<p style=\"font-weight: 400;text-align: justify\">Ao chegar a Bel\u00e9m, os Magos \u201centraram na casa, viram o menino com Maria, sua m\u00e3e, e caindo de joelhos o adoraram\u201d (Mt\u00a02,11). Eis aqui por fim o momento t\u00e3o esperado: o encontro com Jesus. \u201cEntraram na casa\u201d: esta casa representa de certo modo a Igreja. Para encontrar o Salvador \u00e9 preciso entrar na casa, que \u00e9 a Igreja.\u00a0Por isso confiamos a prote\u00e7\u00e3o de Nossa Senhora Aparecida as nossas voca\u00e7\u00f5es, os nossos seminaristas, os nossos padres, os nossos bispos, para que entrando em peregrina\u00e7\u00e3o na Casa da M\u00e3e Aparecida, contemplando o chamado vocacional do \u201cSegue-me\u201d de Jesus Cristo possamos cantar em nosso \u00edntimo como proclama\u00e7\u00e3o de ades\u00e3o amorosa:\u00a0<em>Virgem Maria, M\u00e3e dos Sacerdotes: \u201cEis-me aqui!\u201d<\/em>\u00a0(Is\u00a06,8)<\/p>\n<p style=\"font-weight: 400;text-align: justify\">Queremos pedir a Bem-Aventurada Virgem que ela como M\u00e3e, zele pelas nossas fam\u00edlias, particularmente, para que estas fam\u00edlias sejam celeiros de voca\u00e7\u00f5es. Cada fam\u00edlia que oferece a Deus um filho para o minist\u00e9rio ordenado est\u00e1 dando eloquente testemunho de profunda ades\u00e3o ao Evangelho. Nossa Senhora serviu a Deus no sil\u00eancio do seu sim, fazendo a sua vontade e colocando-se como servidora. Esse deve ser o modo de viver de todas as voca\u00e7\u00f5es, \u00e0 sombra de Maria, para servir e ir ao encontro das ovelhas perdidas e caminhar pelas periferias existenciais. Foi assim que aconteceu na pr\u00f3pria vida de Maria, pois, quando soube que sua prima estava gr\u00e1vida logo se colocou apressadamente a regi\u00e3o montanhosa para ajudar Isabel em suas necessidades. Assim, Maria se coloca ao lado daquela fam\u00edlia. Nas Bodas de Can\u00e1, Maria v\u00ea que acabou o vinho na festa de casamento. Que vexame passaria aquele casal, mas, Maria olha para a necessidade daquele lar e logo se coloca em prontid\u00e3o para interceder ao seu Filho. Nas nossas casas e nas nossas fam\u00edlias, quantas vezes pedimos que pela intercess\u00e3o dela tudo seja alcan\u00e7ado para o bem daqueles que amam \u00e0 Deus. Por isso, de maneira eloquente, nesta Romaria, iremos pedir que Nossa Senhora Aparecida continue intercedendo pelos jovens chamados ao sacerd\u00f3cio para que respondendo ao chamado do Senhor respondam generosamente<em>\u00a0\u201cEis-me aqui!\u201d<\/em>\u00a0(Is\u00a06,8) pela intercess\u00e3o da\u00a0<em>Virgem Maria, M\u00e3e dos Sacerdotes.\u00a0<\/em>Maria nos ama, Maria nos acolhe e olha por cada um de n\u00f3s.<\/p>\n<p style=\"font-weight: 400;text-align: justify\">Somos chamados a dar continuidade a essa peregrina\u00e7\u00e3o anual e que faz parte do calend\u00e1rio de nossa arquidiocese indo a Aparecida e ali entregar todas as fam\u00edlias sob o olhar terno de Maria. Nossa M\u00e3e Aparecida que olha e intercede por todos de n\u00f3s, toma-nos pelo colo e ajude a cada fam\u00edlia e viver sempre no: amor, na f\u00e9 e na paz.<\/p>\n<p style=\"font-weight: 400;text-align: justify\">Nossa Senhora Aparecida, interceda pela paz em nossa cidade, pelo emprego e por vida mais justa e fraterna em nosso meio. Pedi ao seu Filho Jesus que envie santas voca\u00e7\u00f5es e as b\u00ean\u00e7\u00e3os para o nosso Semin\u00e1rio que completa neste ano 280 anos de cria\u00e7\u00e3o para que que continue sendo centro de santidade para a nossa Igreja Arquidiocesana. Car\u00edssimos irm\u00e3os e irm\u00e3s: n\u00f3s nos encontraremos em Aparecida e l\u00e1 junto rezaremos por estas e demais necessidades. Am\u00e9m.<\/p>\n","protected":false},"excerpt":{"rendered":"<p>Cardeal Orani Jo\u00e3o Tempesta Arcebispo Metropolitano de S\u00e3o Sebasti\u00e3o do Rio de Janeiro (RJ) \u00a0As peregrina\u00e7\u00f5es constituem um fen\u00f4meno ligado a pr\u00f3pria natureza do homem e, em especial \u00e0 sua f\u00e9. Ele se sente um ser a caminho. Sua pr\u00f3pria vida \u00e9 uma caminhada do nascimento para a morte, da juventude para a velhice e, &hellip;<\/p>\n<p class=\"read-more\"> <a class=\"\" href=\"https:\/\/www.cnbb.org.br\/em-aparecida-rezemos-pelas-vocacoes\/\"> <span class=\"screen-reader-text\">Em Aparecida rezemos pelas voca\u00e7\u00f5es<\/span> Leia mais &raquo;<\/a><\/p>\n","protected":false},"author":31,"featured_media":0,"comment_status":"closed","ping_status":"open","sticky":false,"template":"","format":"standard","meta":{"site-sidebar-layout":"default","site-content-layout":"default","ast-global-header-display":"","ast-banner-title-visibility":"","ast-main-header-display":"","ast-hfb-above-header-display":"","ast-hfb-below-header-display":"","ast-hfb-mobile-header-display":"","site-post-title":"","ast-breadcrumbs-content":"","ast-featured-img":"","footer-sml-layout":"","theme-transparent-header-meta":"","adv-header-id-meta":"","stick-header-meta":"","header-above-stick-meta":"","header-main-stick-meta":"","header-below-stick-meta":""},"categories":[758],"tags":[],"acf":[],"_links":{"self":[{"href":"https:\/\/www.cnbb.org.br\/cnbb-app\/wp\/v2\/posts\/35110"}],"collection":[{"href":"https:\/\/www.cnbb.org.br\/cnbb-app\/wp\/v2\/posts"}],"about":[{"href":"https:\/\/www.cnbb.org.br\/cnbb-app\/wp\/v2\/types\/post"}],"author":[{"embeddable":true,"href":"https:\/\/www.cnbb.org.br\/cnbb-app\/wp\/v2\/users\/31"}],"replies":[{"embeddable":true,"href":"https:\/\/www.cnbb.org.br\/cnbb-app\/wp\/v2\/comments?post=35110"}],"version-history":[{"count":0,"href":"https:\/\/www.cnbb.org.br\/cnbb-app\/wp\/v2\/posts\/35110\/revisions"}],"wp:attachment":[{"href":"https:\/\/www.cnbb.org.br\/cnbb-app\/wp\/v2\/media?parent=35110"}],"wp:term":[{"taxonomy":"category","embeddable":true,"href":"https:\/\/www.cnbb.org.br\/cnbb-app\/wp\/v2\/categories?post=35110"},{"taxonomy":"post_tag","embeddable":true,"href":"https:\/\/www.cnbb.org.br\/cnbb-app\/wp\/v2\/tags?post=35110"}],"curies":[{"name":"wp","href":"https:\/\/api.w.org\/{rel}","templated":true}]}}