{"id":35111,"date":"2019-08-28T00:00:00","date_gmt":"2019-08-28T03:00:00","guid":{"rendered":"https:\/\/www.cnbb.org.br\/nortao-dos-presbiteros-contribuicoes-da-psicologia-na-vocacao-e-no-discernimento\/"},"modified":"2020-03-11T16:57:15","modified_gmt":"2020-03-11T19:57:15","slug":"nortao-dos-presbiteros-contribuicoes-da-psicologia-na-vocacao-e-no-discernimento","status":"publish","type":"post","link":"https:\/\/www.cnbb.org.br\/nortao-dos-presbiteros-contribuicoes-da-psicologia-na-vocacao-e-no-discernimento\/","title":{"rendered":"Nort\u00e3o dos presb\u00edteros: contribui\u00e7\u00f5es da psicologia na voca\u00e7\u00e3o e no discernimento"},"content":{"rendered":"<p style=\"text-align: justify\"><a href=\"https:\/\/www.cnbb.org.br\/nortao-dos-presbiteros-contribuicoes-da-psicologia-na-vocacao-e-no-discernimento\/nortao-presbiteros-5\/\" rel=\"attachment wp-att-224801\"><img decoding=\"async\" loading=\"lazy\" class=\"size-medium wp-image-224801 alignright\" src=\"https:\/\/www.cnbb.org.br\/wp-content\/uploads\/2020\/03\/Nortao-presbiteros-5-300x146.jpeg\" alt=\"\" width=\"300\" height=\"146\" \/><\/a>A cidade de Porto Velho (RO) acolhe, desde segunda-feira, dia 26, at\u00e9 30 de agosto, presb\u00edteros dos quatro regionais da Confer\u00eancia Nacional dos Bispos do Brasil (CNBB) da regi\u00e3o Norte do Brasil para o IV Nort\u00e3o dos Presb\u00edteros. O encontro tem como tema \u201cVoca\u00e7\u00e3o e discernimento do presb\u00edtero: contribui\u00e7\u00f5es da Psicologia\u201d e o lema \u201cMostrai-me, Senhor, os teus caminhos\u201d (Sl 25, 4).<\/p>\n<p style=\"text-align: justify\">Segundo o coordenador da Comiss\u00e3o de Presb\u00edteros do regional Noroeste da CNBB, padre Tiago S\u00e9rgio Miranda, da diocese de Ji-Paran\u00e1 (RO), s\u00e3o 135 presb\u00edteros que participam do evento, representando todos os estados da regi\u00e3o Norte, al\u00e9m de padres do Mato Grosso.<\/p>\n<figure id=\"attachment_224799\" aria-describedby=\"caption-attachment-224799\" style=\"width: 300px\" class=\"wp-caption alignleft\"><a href=\"https:\/\/www.cnbb.org.br\/nortao-dos-presbiteros-contribuicoes-da-psicologia-na-vocacao-e-no-discernimento\/nortao-presbiteros-2-crp-norte-2\/\" rel=\"attachment wp-att-224799\"><img decoding=\"async\" loading=\"lazy\" class=\"size-medium wp-image-224799\" src=\"https:\/\/www.cnbb.org.br\/wp-content\/uploads\/2020\/03\/Nortao-presbiteros-2-CRP-Norte-2-300x195.jpeg\" alt=\"\" width=\"300\" height=\"195\" \/><\/a><figcaption id=\"caption-attachment-224799\" class=\"wp-caption-text\"><em>Foto: CRP Norte 2<\/em><\/figcaption><\/figure>\n<p style=\"text-align: justify\">O Nort\u00e3o foi aberto na segunda-feira com a presen\u00e7a de cinco bispos. Anfitri\u00e3o do evento, o arcebispo de Porto Velho, dom Roque Paloschi, foi quem acolheu os participantes manifestando sua alegria de receber em sua arquidiocese tantos presb\u00edteros oriundos das v\u00e1rias Igrejas particulares da regi\u00e3o amaz\u00f4nica.<\/p>\n<p style=\"text-align: justify\"><strong>Contribui\u00e7\u00f5es da Psicologia<br \/>\n<\/strong>O assessor do encontro, padre Rosimar Dias, da arquidiocese de Cuiab\u00e1 (MT), tem forma\u00e7\u00e3o na \u00e1rea da Psicologia e explica que tem abordado a tem\u00e1tica proposta tentado, em primeiro lugar, despertar os presb\u00edteros para que, antes da voca\u00e7\u00e3o presbiteral, todos s\u00e3o vocacionados para serem crist\u00e3os e, antes disso ainda, s\u00e3o seres humanos.<\/p>\n<p style=\"text-align: justify\">\u201cEnt\u00e3o, a nossa tem\u00e1tica vai no sentido de revisitar o nosso sermos humanos e o nosso amadurecimento humano-afetivo, o nosso amadurecimento ps\u00edquico para que possamos deixar-nos moldar pelo Senhor em bons disc\u00edpulos e bons ministros do Senhor, para que a gra\u00e7a de Deus possa agir no nosso cora\u00e7\u00e3o. Ent\u00e3o, \u00e9 revisitar a nossa forma\u00e7\u00e3o humano-afetiva como parte integral do nosso minist\u00e9rio sacerdotal e para bem responder ao nosso chamado que o Senhor nos faz\u201d, explica.<\/p>\n<p style=\"text-align: justify\">A contribui\u00e7\u00e3o que as reflex\u00f5es do encontro podem oferecer aos padres da regi\u00e3o Amaz\u00f4nica do Brasil dizem respeito \u00e0 possibilidade de convers\u00e3o, de mudan\u00e7a no amadurecimento do fundamento sobre o qual \u00e9 constru\u00eddo o minist\u00e9rio de presb\u00edtero: \u201ca nossa humanidade\u201d.<\/p>\n<p style=\"text-align: justify\">\u201cAssim, n\u00f3s vamos estar mais dispon\u00edveis a estarmos com aquele povo para o qual o Senhor nos chama a pastorear, vamos estar mais dispon\u00edveis e de forma mais generosa, vamos nos entregar \u00e0quela realidade espec\u00edfica, no caso a realidade amaz\u00f4nica. Em primeiro lugar, saber ouvir, saber compreender esta realidade para que possamos ent\u00e3o, a partir daquilo que n\u00f3s encontramos, ir ali lan\u00e7ando as sementes do Evangelho, as sementes da proposta que Jesus nos traz que \u00e9 amor, de seguirmos os valores do evangelho\u201d, indica padre Rosimar.<\/p>\n<p style=\"text-align: justify\">Ele ressalta que a proposta para os presb\u00edteros \u00e9, inicialmente, \u201ctrabalhar como humanos\u201d: \u201cSe formos bons humanos, bem trabalhados no nosso substrato humano, bem amadurecidos do ponto de vista psicol\u00f3gico, afetivo, n\u00f3s saberemos nos colocar de forma mais generosa na realidade amaz\u00f4nica ou em outra realidade para a qual o Senhor nos chamar em nosso minist\u00e9rio\u201d.<\/p>\n","protected":false},"excerpt":{"rendered":"<p>Evento re\u00fane 135 padres de todos os estados da regi\u00e3o Norte do Brasil, na cidade de Porto Velho (RO), at\u00e9 sexta-feira, dia 30 de agosto<\/p>\n","protected":false},"author":83,"featured_media":35112,"comment_status":"closed","ping_status":"open","sticky":false,"template":"","format":"standard","meta":{"site-sidebar-layout":"default","site-content-layout":"default","ast-global-header-display":"","ast-banner-title-visibility":"","ast-main-header-display":"","ast-hfb-above-header-display":"","ast-hfb-below-header-display":"","ast-hfb-mobile-header-display":"","site-post-title":"","ast-breadcrumbs-content":"","ast-featured-img":"","footer-sml-layout":"","theme-transparent-header-meta":"","adv-header-id-meta":"","stick-header-meta":"","header-above-stick-meta":"","header-main-stick-meta":"","header-below-stick-meta":""},"categories":[1],"tags":[1362],"acf":[],"_links":{"self":[{"href":"https:\/\/www.cnbb.org.br\/cnbb-app\/wp\/v2\/posts\/35111"}],"collection":[{"href":"https:\/\/www.cnbb.org.br\/cnbb-app\/wp\/v2\/posts"}],"about":[{"href":"https:\/\/www.cnbb.org.br\/cnbb-app\/wp\/v2\/types\/post"}],"author":[{"embeddable":true,"href":"https:\/\/www.cnbb.org.br\/cnbb-app\/wp\/v2\/users\/83"}],"replies":[{"embeddable":true,"href":"https:\/\/www.cnbb.org.br\/cnbb-app\/wp\/v2\/comments?post=35111"}],"version-history":[{"count":0,"href":"https:\/\/www.cnbb.org.br\/cnbb-app\/wp\/v2\/posts\/35111\/revisions"}],"wp:featuredmedia":[{"embeddable":true,"href":"https:\/\/www.cnbb.org.br\/cnbb-app\/wp\/v2\/media\/35112"}],"wp:attachment":[{"href":"https:\/\/www.cnbb.org.br\/cnbb-app\/wp\/v2\/media?parent=35111"}],"wp:term":[{"taxonomy":"category","embeddable":true,"href":"https:\/\/www.cnbb.org.br\/cnbb-app\/wp\/v2\/categories?post=35111"},{"taxonomy":"post_tag","embeddable":true,"href":"https:\/\/www.cnbb.org.br\/cnbb-app\/wp\/v2\/tags?post=35111"}],"curies":[{"name":"wp","href":"https:\/\/api.w.org\/{rel}","templated":true}]}}