{"id":35115,"date":"2019-08-28T00:00:00","date_gmt":"2019-08-28T03:00:00","guid":{"rendered":"https:\/\/www.cnbb.org.br\/humildade-e-cuidado-com-a-casa-comum\/"},"modified":"2019-08-28T00:00:00","modified_gmt":"2019-08-28T03:00:00","slug":"humildade-e-cuidado-com-a-casa-comum","status":"publish","type":"post","link":"https:\/\/www.cnbb.org.br\/humildade-e-cuidado-com-a-casa-comum\/","title":{"rendered":"Humildade e cuidado com a casa comum"},"content":{"rendered":"<p style=\"font-weight: 400;text-align: right\"><strong>Cardeal Orani Jo\u00e3o Tempesta<br \/>\n<\/strong><strong>Arcebispo do Rio de Janeiro (RJ)<\/strong><\/p>\n<p style=\"font-weight: 400\">\n<p style=\"font-weight: 400;text-align: justify\">Com o tema central da humildade e da generosidade, neste primeiro dia de setembro e tamb\u00e9m o 22\u00ba domingo do tempo comum, iniciando o M\u00eas da B\u00edblia, em comunh\u00e3o com toda a Igreja no Brasil somos convidados a estudar e aprofundar de forma especial a Palavra de Deus e o que Deus nos ilumina na ora\u00e7\u00e3o e no cuidado para com o planeta terra, a nossa \u201ccasa comum\u201d. Em comunh\u00e3o com o Papa Francisco celebramos, tamb\u00e9m, hoje o Dia Mundial de Ora\u00e7\u00e3o e Cuidado com a Cria\u00e7\u00e3o. Relembro tr\u00eas trechos da\u00a0<em>Laudato<\/em><em>\u00a0Si<\/em>: no primeiro (n.8-9) o Papa recorda que \u201co Patriarca Bartolomeu tem se referido particularmente \u00e0 necessidade de cada um se arrepender do pr\u00f3prio modo de maltratar o planeta, porque \u00abtodos, na medida em que causamos pequenos danos ecol\u00f3gicos\u00bb, somos chamados a reconhecer \u00aba nossa contribui\u00e7\u00e3o \u2013 pequena ou grande \u2013 para a desfigura\u00e7\u00e3o e destrui\u00e7\u00e3o do ambiente\u00bb. No segundo \u2013 n. 236 \u2013 o Pont\u00edfice sublinha como na Eucaristia \u201ca cria\u00e7\u00e3o encontra a sua maior eleva\u00e7\u00e3o\u201d. No terceiro (n. 241-242), o Papa refere-se a Maria e Jos\u00e9, colocando em evid\u00eancia, em particular, como a Virgem \u201d Assim como chorou com o cora\u00e7\u00e3o trespassado a morte de Jesus, assim tamb\u00e9m agora Se compadece do sofrimento dos pobres crucificados e das criaturas deste mundo exterminadas pelo poder humano\u201d.<\/p>\n<p style=\"font-weight: 400;text-align: justify\">Nas inten\u00e7\u00f5es de intercess\u00e3o, se reza para que os crist\u00e3os busquem em primeiro lugar o Reino de Deus, cres\u00e7am no esp\u00edrito, produzam frutos abundantes, trabalhem pelo bem da Igreja e n\u00e3o falte nunca \u00e0s novas gera\u00e7\u00f5es a partilha dos bens da cria\u00e7\u00e3o.<\/p>\n<p style=\"font-weight: 400;text-align: justify\">Na liturgia dominical contemplamos que a humildade atrai sobre si o amor de Deus e o apre\u00e7o dos outros, ao passo que a soberba os repele. Por isso, a primeira leitura (Cf. Eclo 3,19-21. 30-31) aconselha-nos: \u201cFilho, realiza teus trabalhos com mansid\u00e3o e ser\u00e1s amado mais do que um homem generoso. Na medida em que fores grande, dever\u00e1s praticar a humildade, e assim encontrar\u00e1s gra\u00e7a diante do Senhor\u201d (Cf. Eclo 3,19-20). O homem humilde compreende melhor a vontade divina e sabe o que Deus lhe vai pedindo em cada circunst\u00e2ncia. O humilde respeita os outros, as suas opini\u00f5es e as suas coisas; possui uma especial fortaleza, pois apoia-se constantemente na bondade e onipot\u00eancia de Deus: \u201cQuando sou fraco, ent\u00e3o sou forte\u201d, proclama S\u00e3o Paulo.<\/p>\n<p style=\"font-weight: 400;text-align: justify\">\u00a0O que \u00e9 ser humilde? Humildade deriva de <em>humus<\/em>, p\u00f3, lama, barro&#8230; Ser humilde \u00e9 reconhecer-se dependente diante de Deus, \u00e9 saber-se pobre, limitado diante do Senhor. Quem \u00e9 assim, sabe avaliar-se na justa medida porque sabe ver-se \u00e0 luz do Senhor! O humilde tem diante de si a sua pr\u00f3pria verdade: \u00e9 pobre, \u00e9 indigente, mas infinitamente agraciado e amado por Deus. Por isso, o humilde \u00e9 livre e, porque livre, manso. Tinha raz\u00e3o Santa Teresa de Jesus quando afirmava que a humildade \u00e9 a verdade. O humilde v\u00ea-se na sua verdade porque v\u00ea-se como Deus o v\u00ea, v\u00ea-se com os olhos de Deus! Ent\u00e3o, o humilde \u00e9 aberto para o Senhor, dele reconhece que \u00e9 dependente, e a ele se confia. Podemos, assim, compreender as palavras do Eclesi\u00e1stico:\u00a0<em>\u201cFilho, realiza teus trabalhos com mansid\u00e3o; na medida em que fores grande, dever\u00e1s praticar a humildade, e assim encontrar\u00e1s gra\u00e7a diante do Senhor.\u00a0<\/em><em>O\u00a0<\/em><em>Senhor \u00e9 glorificado\u00a0<\/em><em>nos humildes\u201d<\/em>. \u00c9 assim, porque somente o humilde, que reconhece que depende de Deus, pode ser aberto, e acolher como uma crian\u00e7a o Reino que Jesus veio trazer.<\/p>\n<p style=\"font-weight: 400;text-align: justify\">No Evangelho (Cf. Lc 14, 1. 7-14) no banquete na casa do fariseu, o Senhor diz: \u201cQuando fores convidado, vai tomar o \u00faltimo lugar, para que, quando vier o que te convidou, te diga: Amigo vem mais para cima. Ent\u00e3o ser\u00e1s honrado na presen\u00e7a de todos os convivas. Porque todo aquele que se exalta ser\u00e1 humilhado; e aquele que se humilha ser\u00e1 exaltado\u201d. A virtude da humildade n\u00e3o tem nada a ver com a timidez ou a mediocridade. A humildade leva-nos a ter plena consci\u00eancia dos talentos que Deus nos deu, mas para faz\u00ea-los render com o cora\u00e7\u00e3o reto. A humildade faz que tenhamos consci\u00eancia clara de que os nossos talentos e virtudes, tanto naturais como na ordem da gra\u00e7a, pertencem a Deus, porque da sua plenitude, todos recebemos. Tudo o que \u00e9 bom vem de Deus; a defici\u00eancia e o pecado, esses, sim, s\u00e3o nossos. Humildade \u00e9 reconhecer que valemos pouco \u2013 nada -, e ao mesmo tempo sabermo-nos \u201cportadores de ess\u00eancias divinas de um valor inestim\u00e1vel\u201d.<\/p>\n<p style=\"font-weight: 400;text-align: justify\">A atitude que o Cristo hoje nos ensina \u00e9 a gratuidade: <em>\u201cQuando deres uma festa\u00a0<\/em>(Tu d\u00e1s: a festa da vida que o Senhor te concedeu e, mais ainda da vida nova em Cristo, recebida no Batismo e celebrada na Eucaristia)<em>,\u00a0<\/em><em>convida os pobres,\u00a0<\/em><em>os aleijados, os coxos, os cegos.\u00a0<\/em><em>Ent\u00e3o tu ser\u00e1s feliz! Porque eles n\u00e3o te podem retribuir. Tu receber\u00e1s a recompensa na ressurrei\u00e7\u00e3o dos justos\u201d<\/em>. A gratuidade \u00e9 a virtude que dar sem esperar nada em troca, dar e sentir-se feliz, sentir-se realizada no pr\u00f3prio dar. Se prestarmos bem aten\u00e7\u00e3o, a gratuidade \u00e9 filha da humildade. S\u00f3 quem sabe de cora\u00e7\u00e3o que em tudo depende de Deus e de Deus tudo recebeu gratuitamente (humilde), tamb\u00e9m sente-se impelido a imitar a atitude de Deus: dar gratuitamente!\u00a0<em>\u201c<\/em><em>De gra\u00e7a recebestes, de gra\u00e7adai!\u201d<\/em>\u00a0(Mt\u00a010,8) ou, como dizia Santa Teresinha do Menino Jesus: \u201cViver de amor \u00e9 dar sem medida, sem nesta terra sal\u00e1rio reclamar; sem fazer conta eu dou, pois convencida de que quem ama j\u00e1 n\u00e3o sabe calcular!\u201d Pois bem, quem faz crescer em si a humildade e cultiva a gratuidade, experimenta a Deus e seu Reino, pois aprende a sentir o cora\u00e7\u00e3o do pr\u00f3prio Deus, que tudo nos deu gratuitamente. Quem cultiva a humildade e a gratuidade, deixa o Reino ir entrando em si e entrar\u00e1, um dia, no Reino de Deus.<\/p>\n<p style=\"font-weight: 400;text-align: justify\">A humildade elimina os complexos de inferioridade \u2013 que com frequ\u00eancia resultam da soberba ferida -, torna-nos alegres e servi\u00e7ais, sequiosos de amor de Deus: Nosso Senhor por\u00e1 em n\u00f3s tudo o que nos faltar. S\u00f3 o humilde procura a sua felicidade e a sua fortaleza no Senhor. Um dos motivos pelos quais os soberbos andam \u00e0 cata de louvores e se sentem feridos por qualquer coisa que possa rebaix\u00e1-los na sua pr\u00f3pria estima ou na dos outros, \u00e9 a falta de firmeza interior; o seu \u00fanico ponto de apoio e de esperan\u00e7a s\u00e3o eles pr\u00f3prios.<\/p>\n<p style=\"font-weight: 400;text-align: justify\">Pratiquemos a humildade e a generosidade, prenhe de compaix\u00e3o, cuidando e protegendo a nossa \u201ccasa comum\u201d! Que a Palavra de Deus, que \u00e9 l\u00e2mpada para os nossos p\u00e9s e luz para os nossos caminhos, nos anime em comunidade a ler, refletir e rezar a Palavra de Deus, Am\u00e9m!<\/p>\n<p style=\"font-weight: 400;text-align: justify\">\n","protected":false},"excerpt":{"rendered":"<p>Cardeal Orani Jo\u00e3o Tempesta Arcebispo do Rio de Janeiro (RJ) Com o tema central da humildade e da generosidade, neste primeiro dia de setembro e tamb\u00e9m o 22\u00ba domingo do tempo comum, iniciando o M\u00eas da B\u00edblia, em comunh\u00e3o com toda a Igreja no Brasil somos convidados a estudar e aprofundar de forma especial a &hellip;<\/p>\n<p class=\"read-more\"> <a class=\"\" href=\"https:\/\/www.cnbb.org.br\/humildade-e-cuidado-com-a-casa-comum\/\"> <span class=\"screen-reader-text\">Humildade e cuidado com a casa comum<\/span> Leia mais &raquo;<\/a><\/p>\n","protected":false},"author":31,"featured_media":0,"comment_status":"closed","ping_status":"open","sticky":false,"template":"","format":"standard","meta":{"site-sidebar-layout":"default","site-content-layout":"default","ast-global-header-display":"","ast-banner-title-visibility":"","ast-main-header-display":"","ast-hfb-above-header-display":"","ast-hfb-below-header-display":"","ast-hfb-mobile-header-display":"","site-post-title":"","ast-breadcrumbs-content":"","ast-featured-img":"","footer-sml-layout":"","theme-transparent-header-meta":"","adv-header-id-meta":"","stick-header-meta":"","header-above-stick-meta":"","header-main-stick-meta":"","header-below-stick-meta":""},"categories":[758],"tags":[],"acf":[],"_links":{"self":[{"href":"https:\/\/www.cnbb.org.br\/cnbb-app\/wp\/v2\/posts\/35115"}],"collection":[{"href":"https:\/\/www.cnbb.org.br\/cnbb-app\/wp\/v2\/posts"}],"about":[{"href":"https:\/\/www.cnbb.org.br\/cnbb-app\/wp\/v2\/types\/post"}],"author":[{"embeddable":true,"href":"https:\/\/www.cnbb.org.br\/cnbb-app\/wp\/v2\/users\/31"}],"replies":[{"embeddable":true,"href":"https:\/\/www.cnbb.org.br\/cnbb-app\/wp\/v2\/comments?post=35115"}],"version-history":[{"count":0,"href":"https:\/\/www.cnbb.org.br\/cnbb-app\/wp\/v2\/posts\/35115\/revisions"}],"wp:attachment":[{"href":"https:\/\/www.cnbb.org.br\/cnbb-app\/wp\/v2\/media?parent=35115"}],"wp:term":[{"taxonomy":"category","embeddable":true,"href":"https:\/\/www.cnbb.org.br\/cnbb-app\/wp\/v2\/categories?post=35115"},{"taxonomy":"post_tag","embeddable":true,"href":"https:\/\/www.cnbb.org.br\/cnbb-app\/wp\/v2\/tags?post=35115"}],"curies":[{"name":"wp","href":"https:\/\/api.w.org\/{rel}","templated":true}]}}