{"id":35116,"date":"2019-08-28T00:00:00","date_gmt":"2019-08-28T03:00:00","guid":{"rendered":"https:\/\/www.cnbb.org.br\/buriticupu-no-maranhao-acolhe-v-encontrao-dos-catequistas\/"},"modified":"2019-08-28T00:00:00","modified_gmt":"2019-08-28T03:00:00","slug":"buriticupu-no-maranhao-acolhe-v-encontrao-dos-catequistas","status":"publish","type":"post","link":"https:\/\/www.cnbb.org.br\/buriticupu-no-maranhao-acolhe-v-encontrao-dos-catequistas\/","title":{"rendered":"Buriticupu, no Maranh\u00e3o, acolhe V Encontr\u00e3o dos Catequistas"},"content":{"rendered":"<p class=\"font_8\" style=\"text-align: justify\">A cidade de Buriticupu durante todo o dia do ultimo\u00a0domingo\u00a0(25), acolheu toda a diocese de Viana com v\u00e1rias caravanas. Todos vieram por ocasi\u00e3o do V Encontr\u00e3o dos catequistas que acontece a cada ano numa par\u00f3quia diferente.<\/p>\n<p class=\"font_8\" style=\"text-align: justify\">O encontro reuniu cerca de 1400 pessoas, e foi marcado por s\u00edmbolos e representa\u00e7\u00f5es. Iniciou com as boas-vindas a todos, e logo em seguida a adora\u00e7\u00e3o ao Sant\u00edssimo Sacramento. Depois seguiu com a catequese ministrada por dom Evaldo, bispo de Viana. Na sua fala, o prelado\u00a0 disse que catequista n\u00e3o nasce catequista, mas que o catequista \u00e9 constru\u00eddo a partir da sua experi\u00eancia de vida.<\/p>\n<p class=\"font_8\" style=\"text-align: justify\">Ainda pela manh\u00e3, aconteceu um estudo sobre o S\u00ednodo\u00a0 para a Amaz\u00f4nia que foi dirigido pela leiga Tereza e Irm\u00e3 Yakelyn. No final da tarde a Santa Missa presidida pelo bispo diocesano e uma caminhada animada pelas ruas de Buriticupu. A pr\u00f3xima cidade a sediar este encontro ser\u00e1 Pedro do Ros\u00e1rio em agosto de 2020.<\/p>\n<p><a href=\"https:\/\/www.cnbbne5.org\/single-post\/2019\/08\/27\/V-Encontr%C3%A3o-dos-catequistas-em-Buriticupu\" target=\"_blank\" rel=\"noopener\">Confira a not\u00edcia na \u00edntegra<\/a>.<\/p>\n","protected":false},"excerpt":{"rendered":"<p>A cidade de Buriticupu reuniu durante todo o dia do \u00faltimo\u00a0domingo\u00a0(25) mais de mil pessoas para o V Encontr\u00e3o de Catequese. Pr\u00f3ximo evento ser\u00e1 em Pedro do Ros\u00e1rio<\/p>\n","protected":false},"author":83,"featured_media":1020,"comment_status":"closed","ping_status":"open","sticky":false,"template":"","format":"standard","meta":{"site-sidebar-layout":"default","site-content-layout":"default","ast-global-header-display":"","ast-banner-title-visibility":"","ast-main-header-display":"","ast-hfb-above-header-display":"","ast-hfb-below-header-display":"","ast-hfb-mobile-header-display":"","site-post-title":"","ast-breadcrumbs-content":"","ast-featured-img":"","footer-sml-layout":"","theme-transparent-header-meta":"","adv-header-id-meta":"","stick-header-meta":"","header-above-stick-meta":"","header-main-stick-meta":"","header-below-stick-meta":""},"categories":[821,769],"tags":[],"acf":[],"_links":{"self":[{"href":"https:\/\/www.cnbb.org.br\/cnbb-app\/wp\/v2\/posts\/35116"}],"collection":[{"href":"https:\/\/www.cnbb.org.br\/cnbb-app\/wp\/v2\/posts"}],"about":[{"href":"https:\/\/www.cnbb.org.br\/cnbb-app\/wp\/v2\/types\/post"}],"author":[{"embeddable":true,"href":"https:\/\/www.cnbb.org.br\/cnbb-app\/wp\/v2\/users\/83"}],"replies":[{"embeddable":true,"href":"https:\/\/www.cnbb.org.br\/cnbb-app\/wp\/v2\/comments?post=35116"}],"version-history":[{"count":0,"href":"https:\/\/www.cnbb.org.br\/cnbb-app\/wp\/v2\/posts\/35116\/revisions"}],"wp:featuredmedia":[{"embeddable":true,"href":"https:\/\/www.cnbb.org.br\/cnbb-app\/wp\/v2\/media\/1020"}],"wp:attachment":[{"href":"https:\/\/www.cnbb.org.br\/cnbb-app\/wp\/v2\/media?parent=35116"}],"wp:term":[{"taxonomy":"category","embeddable":true,"href":"https:\/\/www.cnbb.org.br\/cnbb-app\/wp\/v2\/categories?post=35116"},{"taxonomy":"post_tag","embeddable":true,"href":"https:\/\/www.cnbb.org.br\/cnbb-app\/wp\/v2\/tags?post=35116"}],"curies":[{"name":"wp","href":"https:\/\/api.w.org\/{rel}","templated":true}]}}