{"id":35118,"date":"2019-08-29T00:00:00","date_gmt":"2019-08-29T03:00:00","guid":{"rendered":"https:\/\/www.cnbb.org.br\/apos-assembleia-acao-sociotransformadora-da-cnbb-ne-2-divulga-carta-de-tamandare\/"},"modified":"2019-08-29T00:00:00","modified_gmt":"2019-08-29T03:00:00","slug":"apos-assembleia-acao-sociotransformadora-da-cnbb-ne-2-divulga-carta-de-tamandare","status":"publish","type":"post","link":"https:\/\/www.cnbb.org.br\/apos-assembleia-acao-sociotransformadora-da-cnbb-ne-2-divulga-carta-de-tamandare\/","title":{"rendered":"Ap\u00f3s assembleia, A\u00e7\u00e3o Sociotransformadora da CNBB NE 2 divulga \u201cCarta de Tamandar\u00e9\u201d"},"content":{"rendered":"<p style=\"text-align: justify\">A Comiss\u00e3o Regional Pastoral para a A\u00e7\u00e3o Sociotransformadora da CNBB\u00a0 Nordeste 2 divulgou mo\u00e7\u00e3o de rep\u00fadio contra a remo\u00e7\u00e3o de 5 mil fam\u00edlias de munic\u00edpios que comp\u00f5em a arquidiocese de Olinda e Recife (PE) e a diocese de Palmares (PE). A amea\u00e7a de viola\u00e7\u00e3o do direito \u00e0 moradia partiu da Trasnordestina Log\u00edstica S\/A, que det\u00e9m a concess\u00e3o da linha f\u00e9rrea que corta a regi\u00e3o.<\/p>\n<p style=\"text-align: justify\">A \u201cCarta de Tamandar\u00e9\u201d, resultado da 28\u00aa Assembleia da Pastoral Social realizada entre os dias 23 e 25 de agosto, tamb\u00e9m exige mais cuidado com os impactos socioambientais de outros projetos em curso como a instala\u00e7\u00e3o de parques de energia solar, e\u00f3lica e nuclear no territ\u00f3rio da CNBB NE 2. Integrantes da comiss\u00e3o, que tem como referencial o bispo auxiliar da arquidiocese de Olinda e Recife, dom Limac\u00eado Antonio da Silva, refor\u00e7am no texto a \u201cdefesa intransigente da democracia\u201d e o \u201capoio total \u00e0 economia solid\u00e1ria\u201d.<\/p>\n<p><a href=\"http:\/\/cnbbne2.org.br\/acao-sociotransformadora-da-cnbb-ne-2-divulga-carta-de-tamandare\/\" target=\"_blank\" rel=\"noopener\">Leia a carta na \u00edntegra.<\/a><\/p>\n","protected":false},"excerpt":{"rendered":"<p>Texto manifesta rep\u00fadio pela remo\u00e7\u00e3o de fam\u00edlias que vivem pr\u00f3ximo a linha f\u00e9rrea e exige cuidado com impactos socioambientais de projetos<\/p>\n","protected":false},"author":83,"featured_media":2297,"comment_status":"closed","ping_status":"open","sticky":false,"template":"","format":"standard","meta":{"site-sidebar-layout":"default","site-content-layout":"default","ast-global-header-display":"","ast-banner-title-visibility":"","ast-main-header-display":"","ast-hfb-above-header-display":"","ast-hfb-below-header-display":"","ast-hfb-mobile-header-display":"","site-post-title":"","ast-breadcrumbs-content":"","ast-featured-img":"","footer-sml-layout":"","theme-transparent-header-meta":"","adv-header-id-meta":"","stick-header-meta":"","header-above-stick-meta":"","header-main-stick-meta":"","header-below-stick-meta":""},"categories":[770,769],"tags":[1314],"acf":[],"_links":{"self":[{"href":"https:\/\/www.cnbb.org.br\/cnbb-app\/wp\/v2\/posts\/35118"}],"collection":[{"href":"https:\/\/www.cnbb.org.br\/cnbb-app\/wp\/v2\/posts"}],"about":[{"href":"https:\/\/www.cnbb.org.br\/cnbb-app\/wp\/v2\/types\/post"}],"author":[{"embeddable":true,"href":"https:\/\/www.cnbb.org.br\/cnbb-app\/wp\/v2\/users\/83"}],"replies":[{"embeddable":true,"href":"https:\/\/www.cnbb.org.br\/cnbb-app\/wp\/v2\/comments?post=35118"}],"version-history":[{"count":0,"href":"https:\/\/www.cnbb.org.br\/cnbb-app\/wp\/v2\/posts\/35118\/revisions"}],"wp:featuredmedia":[{"embeddable":true,"href":"https:\/\/www.cnbb.org.br\/cnbb-app\/wp\/v2\/media\/2297"}],"wp:attachment":[{"href":"https:\/\/www.cnbb.org.br\/cnbb-app\/wp\/v2\/media?parent=35118"}],"wp:term":[{"taxonomy":"category","embeddable":true,"href":"https:\/\/www.cnbb.org.br\/cnbb-app\/wp\/v2\/categories?post=35118"},{"taxonomy":"post_tag","embeddable":true,"href":"https:\/\/www.cnbb.org.br\/cnbb-app\/wp\/v2\/tags?post=35118"}],"curies":[{"name":"wp","href":"https:\/\/api.w.org\/{rel}","templated":true}]}}