{"id":35133,"date":"2019-08-30T00:00:00","date_gmt":"2019-08-30T03:00:00","guid":{"rendered":"https:\/\/www.cnbb.org.br\/diocese-de-maraba-comemora-40-anos-de-elevacao-com-jornada-diocesana\/"},"modified":"2019-08-30T00:00:00","modified_gmt":"2019-08-30T03:00:00","slug":"diocese-de-maraba-comemora-40-anos-de-elevacao-com-jornada-diocesana","status":"publish","type":"post","link":"https:\/\/www.cnbb.org.br\/diocese-de-maraba-comemora-40-anos-de-elevacao-com-jornada-diocesana\/","title":{"rendered":"Diocese de Marab\u00e1 comemora 40 anos de eleva\u00e7\u00e3o com jornada diocesana"},"content":{"rendered":"<p style=\"text-align: justify\">A diocese de Marab\u00e1 (PA) comemorou no domingo, 25 de agosto, 40 anos de exist\u00eancia. Para celebrar a data, foi promovida uma Jornada Diocesana. O evento reuniu pessoas das 29 par\u00f3quias da diocese em um dia de programa\u00e7\u00e3o celebrativa que recordou as principais atividades que ocorreram nas quatro d\u00e9cadas da eleva\u00e7\u00e3o do territ\u00f3rio que estava dentro da circunscri\u00e7\u00e3o eclesi\u00e1stica de Sant\u00edssima Concei\u00e7\u00e3o do Araguaia. Tamb\u00e9m ocorreram homenagens, apresenta\u00e7\u00f5es, ter\u00e7o e missa.<\/p>\n<p style=\"text-align: justify\">Foi um dia para o povo festejar a hist\u00f3ria, o passado, o presente e a necessidade de se lan\u00e7ar para o futuro nos desafios que os fi\u00e9is s\u00e3o chamados a enfrentar, como a evangeliza\u00e7\u00e3o num mundo cada vez mais urbano, a quest\u00e3o da Igreja na Amaz\u00f4nia, os conflitos sociais nas cidades e nos campos, os povos do campo e da cidade e as esperan\u00e7as de a\u00e7\u00f5es em favor da vida sobre a morte.<\/p>\n<p style=\"text-align: justify\"><a href=\"http:\/\/cnbbn2.com.br\/diocese-de-maraba-comemorou-40-anos-de-existencia\/\" target=\"_blank\" rel=\"noopener\">Leia a not\u00edcia completa.<\/a><\/p>\n","protected":false},"excerpt":{"rendered":"<p>Evento reuniu pessoas das 29 par\u00f3quias da diocese em um dia de programa\u00e7\u00e3o celebrativa que recordou as quatro d\u00e9cadas de hist\u00f3ria diocesana<\/p>\n","protected":false},"author":83,"featured_media":2306,"comment_status":"closed","ping_status":"open","sticky":false,"template":"","format":"standard","meta":{"site-sidebar-layout":"default","site-content-layout":"default","ast-global-header-display":"","ast-banner-title-visibility":"","ast-main-header-display":"","ast-hfb-above-header-display":"","ast-hfb-below-header-display":"","ast-hfb-mobile-header-display":"","site-post-title":"","ast-breadcrumbs-content":"","ast-featured-img":"","footer-sml-layout":"","theme-transparent-header-meta":"","adv-header-id-meta":"","stick-header-meta":"","header-above-stick-meta":"","header-main-stick-meta":"","header-below-stick-meta":""},"categories":[822,769],"tags":[],"acf":[],"_links":{"self":[{"href":"https:\/\/www.cnbb.org.br\/cnbb-app\/wp\/v2\/posts\/35133"}],"collection":[{"href":"https:\/\/www.cnbb.org.br\/cnbb-app\/wp\/v2\/posts"}],"about":[{"href":"https:\/\/www.cnbb.org.br\/cnbb-app\/wp\/v2\/types\/post"}],"author":[{"embeddable":true,"href":"https:\/\/www.cnbb.org.br\/cnbb-app\/wp\/v2\/users\/83"}],"replies":[{"embeddable":true,"href":"https:\/\/www.cnbb.org.br\/cnbb-app\/wp\/v2\/comments?post=35133"}],"version-history":[{"count":0,"href":"https:\/\/www.cnbb.org.br\/cnbb-app\/wp\/v2\/posts\/35133\/revisions"}],"wp:featuredmedia":[{"embeddable":true,"href":"https:\/\/www.cnbb.org.br\/cnbb-app\/wp\/v2\/media\/2306"}],"wp:attachment":[{"href":"https:\/\/www.cnbb.org.br\/cnbb-app\/wp\/v2\/media?parent=35133"}],"wp:term":[{"taxonomy":"category","embeddable":true,"href":"https:\/\/www.cnbb.org.br\/cnbb-app\/wp\/v2\/categories?post=35133"},{"taxonomy":"post_tag","embeddable":true,"href":"https:\/\/www.cnbb.org.br\/cnbb-app\/wp\/v2\/tags?post=35133"}],"curies":[{"name":"wp","href":"https:\/\/api.w.org\/{rel}","templated":true}]}}