{"id":35134,"date":"2019-08-30T00:00:00","date_gmt":"2019-08-30T03:00:00","guid":{"rendered":"https:\/\/www.cnbb.org.br\/arte-que-comunica-e-evangeliza\/"},"modified":"2019-08-30T00:00:00","modified_gmt":"2019-08-30T03:00:00","slug":"arte-que-comunica-e-evangeliza","status":"publish","type":"post","link":"https:\/\/www.cnbb.org.br\/arte-que-comunica-e-evangeliza\/","title":{"rendered":"Arte que comunica e evangeliza"},"content":{"rendered":"<p style=\"text-align: right\"><strong>Dom Gil Ant\u00f4nio Moreira<\/strong><br \/>\n<strong>Arcebispo de Juiz de Fora<\/strong><\/p>\n<p>&nbsp;<\/p>\n<p style=\"text-align: justify\">Nos \u00faltimos meses, a Arquidiocese de Juiz de Fora tem se esfor\u00e7ado para reformar o muro que divide a chamada \u201cColina da F\u00e9\u201d da Avenida Rio Branco, principal via de Juiz de Fora. Para quem n\u00e3o conhece, o terreno, que abriga o Semin\u00e1rio Santo Ant\u00f4nio, tem hoje, ao seu lado, uma nova constru\u00e7\u00e3o, muita s\u00f3lida e bonita de quatro andares, onde n\u00f3s localizamos n\u00e3o s\u00f3 a C\u00faria, mas todo o Centro Administrativo de nossa Igreja Particular, o Centro Pastoral Jo\u00e3o Paulo II, o Arquivo, o setor de Comunica\u00e7\u00e3o e o Tribunal Eclesi\u00e1stico. A este grande pr\u00e9dio demos o nome de \u201cLumen Gentium\u201d, em homenagem ao Conc\u00edlio Vaticano II. Pretendemos colocar ali ainda um Museu Arquidiocesano e a R\u00e1dio Catedral, que est\u00e1 em um outro local e ser\u00e1 transferida futuramente para este que foi constru\u00eddo a partir de 2011 e inaugurado em 2013.<\/p>\n<p style=\"text-align: justify\">O grande muro era apenas chapiscado e estava muito feio, com lodo, al\u00e9m de danificado em parte da estrutura. Ap\u00f3s a sua restaura\u00e7\u00e3o, veio a d\u00favida: como pint\u00e1-lo? Como evitar as picha\u00e7\u00f5es? Ent\u00e3o, eu tive a ideia de tirar partido deste grande painel &#8211; s\u00e3o mais de 60 metros de muro &#8211; para comunicar o evangelho \u00e0s pessoas que passam na avenida principal da cidade. Afinal, o muro que divide pode unir. A ideia \u00e9 traduzir nele, de forma art\u00edstica, a mensagem de tudo aquilo que est\u00e1 dentro da \u201cColina da F\u00e9\u201d: levar Jesus para os outros e trazer os outros para Cristo.<\/p>\n<p style=\"text-align: justify\">E, para isso, n\u00f3s escolhemos cenas b\u00edblicas para pintar ao estilo de <em>graffiti<\/em>, que hoje tamb\u00e9m \u00e9 muito usual nas cidades. As pinturas s\u00e3o compostas, em primeiro lugar, por figuras que representam as contempla\u00e7\u00f5es dos mist\u00e9rios do Ter\u00e7o de Nossa Senhora. A segunda se\u00e7\u00e3o, por sua vez, retrata uma breve hist\u00f3ria da Igreja: seu in\u00edcio, com os pilares S\u00e3o Pedro e S\u00e3o Paulo e o m\u00e1rtir Santo Estev\u00e3o; a Idade M\u00e9dia, representada por S\u00e3o Bento no s\u00e9culo VI, S\u00e3o Francisco no s\u00e9culo XIII, e Santa Teresa no s\u00e9culo XVI; e o tempo contempor\u00e2neo, tendo o Conc\u00edlio Vaticano II como marco principal, atrav\u00e9s das figuras de S\u00e3o Jo\u00e3o XXIII e de S\u00e3o Paulo VI, al\u00e9m de suas quatro constitui\u00e7\u00f5es principais \u2013 <em>Sacrosanctum Concilium<\/em>, <em>Lumen Gentium<\/em>, <em>Dei Verbum<\/em> e a <em>Gaudium et Spes<\/em>. J\u00e1 a Igreja local \u00e9 representada pela Catedral Metropolitana.<\/p>\n<p style=\"text-align: justify\">Tal iniciativa obedece aos preceitos da Igreja, que sempre utilizou a arte para cumprir a sua miss\u00e3o de evangelizar. A arte \u00e9 uma express\u00e3o da beleza e toda beleza comunica e motiva. Quem est\u00e1 diante de algo bonito n\u00e3o fica inerte e alguma mensagem vai ao seu cora\u00e7\u00e3o, ainda que seja subliminarmente. A beleza \u00e9 reflexo de Deus, Ele \u00e9 a beleza suprema. Devemos utilizar todos os meios que pudermos para transmitir o evangelho, em vista da salva\u00e7\u00e3o de todos.<\/p>\n<p style=\"text-align: justify\">A pintura do muro tamb\u00e9m vai em dire\u00e7\u00e3o ao que \u00e9 proposto nas Diretrizes Gerais da A\u00e7\u00e3o Evangelizadora para o pr\u00f3ximo quadri\u00eanio (2019 a 2023), aprovadas na \u00faltima Assembleia da CNBB e que est\u00e3o centradas na evangeliza\u00e7\u00e3o do mundo urbano. Em nosso particular, na Arquidiocese de Juiz de Fora, mesmo antes das DGAE, n\u00f3s est\u00e1vamos muito preocupados com o tema. J\u00e1 t\u00ednhamos programado e j\u00e1 est\u00e1vamos construindo o II S\u00ednodo Arquidiocesano, que tem como tema a evangeliza\u00e7\u00e3o da cidade.<\/p>\n<p style=\"text-align: justify\">A realidade da nossa Arquidiocese \u00e9 um pouco particular: n\u00f3s temos uma grande cidade de 600 mil habitantes, que \u00e9 Juiz de Fora, e depois mais 36 munic\u00edpios menores, sabendo que o segundo em popula\u00e7\u00e3o \u00e9 Santos Dumont, com 50 mil habitantes. Ent\u00e3o, n\u00f3s dividimos o S\u00ednodo em duas partes: uma que vai tratar apenas da grande cidade de Juiz de Fora, com suas caracter\u00edsticas muito atuais, essencialmente urbanas. O segundo momento do S\u00ednodo ser\u00e1 o interior, as outras cidades que, como sabemos, tamb\u00e9m est\u00e3o marcadas fortemente pela caracter\u00edstica de urbanismo.<\/p>\n<p style=\"text-align: justify\">E, por isso, este painel agora grafitado tem tudo a ver com as DGAE da CNBB para todo o Brasil e com a proposta do nosso S\u00ednodo Arquidiocesano, cujo lema ser\u00e1 \u201cProclamai o Evangelho pelas ruas e sobre os telhados\u201d (Mt 10,27).<\/p>\n<p>&nbsp;<\/p>\n","protected":false},"excerpt":{"rendered":"<p>Dom Gil Ant\u00f4nio Moreira Arcebispo de Juiz de Fora &nbsp; Nos \u00faltimos meses, a Arquidiocese de Juiz de Fora tem se esfor\u00e7ado para reformar o muro que divide a chamada \u201cColina da F\u00e9\u201d da Avenida Rio Branco, principal via de Juiz de Fora. Para quem n\u00e3o conhece, o terreno, que abriga o Semin\u00e1rio Santo Ant\u00f4nio, &hellip;<\/p>\n<p class=\"read-more\"> <a class=\"\" href=\"https:\/\/www.cnbb.org.br\/arte-que-comunica-e-evangeliza\/\"> <span class=\"screen-reader-text\">Arte que comunica e evangeliza<\/span> Leia mais &raquo;<\/a><\/p>\n","protected":false},"author":12,"featured_media":0,"comment_status":"closed","ping_status":"open","sticky":false,"template":"","format":"standard","meta":{"site-sidebar-layout":"default","site-content-layout":"default","ast-global-header-display":"","ast-banner-title-visibility":"","ast-main-header-display":"","ast-hfb-above-header-display":"","ast-hfb-below-header-display":"","ast-hfb-mobile-header-display":"","site-post-title":"","ast-breadcrumbs-content":"","ast-featured-img":"","footer-sml-layout":"","theme-transparent-header-meta":"","adv-header-id-meta":"","stick-header-meta":"","header-above-stick-meta":"","header-main-stick-meta":"","header-below-stick-meta":""},"categories":[758],"tags":[],"acf":[],"_links":{"self":[{"href":"https:\/\/www.cnbb.org.br\/cnbb-app\/wp\/v2\/posts\/35134"}],"collection":[{"href":"https:\/\/www.cnbb.org.br\/cnbb-app\/wp\/v2\/posts"}],"about":[{"href":"https:\/\/www.cnbb.org.br\/cnbb-app\/wp\/v2\/types\/post"}],"author":[{"embeddable":true,"href":"https:\/\/www.cnbb.org.br\/cnbb-app\/wp\/v2\/users\/12"}],"replies":[{"embeddable":true,"href":"https:\/\/www.cnbb.org.br\/cnbb-app\/wp\/v2\/comments?post=35134"}],"version-history":[{"count":0,"href":"https:\/\/www.cnbb.org.br\/cnbb-app\/wp\/v2\/posts\/35134\/revisions"}],"wp:attachment":[{"href":"https:\/\/www.cnbb.org.br\/cnbb-app\/wp\/v2\/media?parent=35134"}],"wp:term":[{"taxonomy":"category","embeddable":true,"href":"https:\/\/www.cnbb.org.br\/cnbb-app\/wp\/v2\/categories?post=35134"},{"taxonomy":"post_tag","embeddable":true,"href":"https:\/\/www.cnbb.org.br\/cnbb-app\/wp\/v2\/tags?post=35134"}],"curies":[{"name":"wp","href":"https:\/\/api.w.org\/{rel}","templated":true}]}}