{"id":35149,"date":"2019-09-02T00:00:00","date_gmt":"2019-09-02T03:00:00","guid":{"rendered":"https:\/\/www.cnbb.org.br\/omissao\/"},"modified":"2019-09-02T00:00:00","modified_gmt":"2019-09-02T03:00:00","slug":"omissao","status":"publish","type":"post","link":"https:\/\/www.cnbb.org.br\/omissao\/","title":{"rendered":"Omiss\u00e3o"},"content":{"rendered":"<p style=\"text-align: right\"><strong>Dom Pedro Cipollini<\/strong><br \/>\n<strong>Bispo de Santo Andr\u00e9<\/strong><\/p>\n<p style=\"text-align: justify\">O poeta Fernando Pessoa chamou o Padre Antonio Vieira de \u201cimperador da L\u00edngua portuguesa\u201d. Foi um literato de racioc\u00ednio engenhoso, mission\u00e1rio, historiador, diplomata: n\u00e3o s\u00f3 erudito, mas tamb\u00e9m s\u00e1bio.<\/p>\n<p style=\"text-align: justify\">Nascido em Lisboa, com 6 anos de idade, veio com a fam\u00edlia para o Brasil. Radicado na Bahia, ingressa no col\u00e9gio jesu\u00edta de Salvador. Em 1634 \u00e9 ordenado padre tornando-se um grande orador. Seus serm\u00f5es o tornaram famoso em todo o reino. Sua obra escrita, de modo especial seus 200 serm\u00f5es, est\u00e1 impregnada de sabedoria, nela ele aborda temas hist\u00f3ricos e pol\u00edticos de forma magistral. Fascina o seu estilo, o dom\u00ednio da l\u00edngua, mas, sobretudo, a exposi\u00e7\u00e3o da f\u00e9 que impele \u00e0 pr\u00e1tica da caridade.<\/p>\n<p style=\"text-align: justify\">Foi homem de estudo, de erudi\u00e7\u00e3o e de a\u00e7\u00e3o, que enfrentou com muita coragem as vicissitudes da vida. Morreu em Salvador da Bahia em 1697. Suas atividades no Brasil dizem respeito \u00e0 defesa da liberdade dos ind\u00edgenas, \u00e0 invas\u00e3o holandesa e o empenho pelo desenvolvimento do Pa\u00eds.<\/p>\n<p style=\"text-align: justify\">S\u00e3o in\u00fameros os temas abordados em seus serm\u00f5es entre os quais um dos mais famosos talvez seja o serm\u00e3o da Sexag\u00e9sima de 1655. Por\u00e9m em um deles, h\u00e1 um tema util\u00edssimo, um tanto fora de moda, que chama a aten\u00e7\u00e3o. Trata-se da \u201comiss\u00e3o\u201d, que ele aborda no serm\u00e3o do primeiro domingo do advento no ano de 1650. Omiss\u00e3o que \u00e9 o ato ou efeito de n\u00e3o fazer o que moral ou juridicamente se deveria fazer, e de que resulta, ou pode resultar preju\u00edzo para terceiros ou para a sociedade. O serm\u00e3o tem como eixo o ju\u00edzo final, cito a seguir um par\u00e1grafo referente \u00e0 omiss\u00e3o dos governantes.<\/p>\n<p style=\"text-align: justify\">\u201cSabei crist\u00e3os , sabei pr\u00edncipes, sabei ministros, que se vos h\u00e1 de pedir estreita conta do que fizestes; mas muito mais estreita do que deixastes de fazer. Pelo que fizestes se h\u00e3o de condenar muitos, pelo que n\u00e3o fizeram todos. As culpas porque se condenam os Reis s\u00e3o as que se cont\u00eam nos relat\u00f3rios das\u00a0 senten\u00e7as: \u2018Apartai-vos de mim, malditos, para o fogo eterno. E por qu\u00ea? Porque tive fome e n\u00e3o me destes de comer, tive sede e n\u00e3o me destes de beber, porque n\u00e3o recolhestes, n\u00e3o visitastes, porque n\u00e3o vestistes (Mt 25, 42-42)\u2019. Em suma, que os pecados que ultimamente h\u00e3o de levar os condenados ao inferno, s\u00e3o os pecados de omiss\u00e3o. N\u00e3o se espantem os doutos de uma proposi\u00e7\u00e3o t\u00e3o universal como esta; porque assim \u00e9 verdadeira em todo o rigor da Teologia&#8230; A omiss\u00e3o \u00e9 o pecado que com mais facilidade se comete, e com mais dificuldade se conhece; e o que facilmente se comete e dificultosamente se conhece, raramente se emenda. A omiss\u00e3o \u00e9 um pecado que se faz n\u00e3o fazendo: e pecado que nunca \u00e9 m\u00e1 obra, e algumas vezes pode ser obra boa\u201d.<\/p>\n<p style=\"text-align: justify\">A omiss\u00e3o em rela\u00e7\u00e3o \u00e0 educa\u00e7\u00e3o provoca fatos tr\u00e1gicos em nosso meio, como a superlota\u00e7\u00e3o dos pres\u00eddios, sendo a maioria de jovens pardos e negros, constando que 90% n\u00e3o terminaram o ensino m\u00e9dio.<\/p>\n<p style=\"text-align: justify\">Assim sendo, a omiss\u00e3o segundo Vieira, t\u00e3o alastrada em nosso meio e ampliada pelo famoso \u201cjeitinho brasileiro\u201d se torna mais grave do que fazer o mal. Pois permite o mal no lugar do bem que se devia fazer e n\u00e3o faz!<\/p>\n","protected":false},"excerpt":{"rendered":"<p>Dom Pedro Cipollini Bispo de Santo Andr\u00e9 O poeta Fernando Pessoa chamou o Padre Antonio Vieira de \u201cimperador da L\u00edngua portuguesa\u201d. Foi um literato de racioc\u00ednio engenhoso, mission\u00e1rio, historiador, diplomata: n\u00e3o s\u00f3 erudito, mas tamb\u00e9m s\u00e1bio. Nascido em Lisboa, com 6 anos de idade, veio com a fam\u00edlia para o Brasil. Radicado na Bahia, ingressa &hellip;<\/p>\n<p class=\"read-more\"> <a class=\"\" href=\"https:\/\/www.cnbb.org.br\/omissao\/\"> <span class=\"screen-reader-text\">Omiss\u00e3o<\/span> Leia mais &raquo;<\/a><\/p>\n","protected":false},"author":28,"featured_media":0,"comment_status":"closed","ping_status":"open","sticky":false,"template":"","format":"standard","meta":{"site-sidebar-layout":"default","site-content-layout":"default","ast-global-header-display":"","ast-banner-title-visibility":"","ast-main-header-display":"","ast-hfb-above-header-display":"","ast-hfb-below-header-display":"","ast-hfb-mobile-header-display":"","site-post-title":"","ast-breadcrumbs-content":"","ast-featured-img":"","footer-sml-layout":"","theme-transparent-header-meta":"","adv-header-id-meta":"","stick-header-meta":"","header-above-stick-meta":"","header-main-stick-meta":"","header-below-stick-meta":""},"categories":[758],"tags":[],"acf":[],"_links":{"self":[{"href":"https:\/\/www.cnbb.org.br\/cnbb-app\/wp\/v2\/posts\/35149"}],"collection":[{"href":"https:\/\/www.cnbb.org.br\/cnbb-app\/wp\/v2\/posts"}],"about":[{"href":"https:\/\/www.cnbb.org.br\/cnbb-app\/wp\/v2\/types\/post"}],"author":[{"embeddable":true,"href":"https:\/\/www.cnbb.org.br\/cnbb-app\/wp\/v2\/users\/28"}],"replies":[{"embeddable":true,"href":"https:\/\/www.cnbb.org.br\/cnbb-app\/wp\/v2\/comments?post=35149"}],"version-history":[{"count":0,"href":"https:\/\/www.cnbb.org.br\/cnbb-app\/wp\/v2\/posts\/35149\/revisions"}],"wp:attachment":[{"href":"https:\/\/www.cnbb.org.br\/cnbb-app\/wp\/v2\/media?parent=35149"}],"wp:term":[{"taxonomy":"category","embeddable":true,"href":"https:\/\/www.cnbb.org.br\/cnbb-app\/wp\/v2\/categories?post=35149"},{"taxonomy":"post_tag","embeddable":true,"href":"https:\/\/www.cnbb.org.br\/cnbb-app\/wp\/v2\/tags?post=35149"}],"curies":[{"name":"wp","href":"https:\/\/api.w.org\/{rel}","templated":true}]}}