{"id":35209,"date":"2019-09-09T00:00:00","date_gmt":"2019-09-09T03:00:00","guid":{"rendered":"https:\/\/www.cnbb.org.br\/pastoral-juvenil-se-manifesta-em-apoio-a-repam-e-ao-sinodo-para-a-amazonia\/"},"modified":"2020-10-23T13:44:40","modified_gmt":"2020-10-23T16:44:40","slug":"pastoral-juvenil-se-manifesta-em-apoio-a-repam-e-ao-sinodo-para-a-amazonia","status":"publish","type":"post","link":"https:\/\/www.cnbb.org.br\/pastoral-juvenil-se-manifesta-em-apoio-a-repam-e-ao-sinodo-para-a-amazonia\/","title":{"rendered":"Pastoral Juvenil se manifesta em apoio \u00e0 REPAM e ao S\u00ednodo para a Amaz\u00f4nia"},"content":{"rendered":"<p style=\"text-align: justify\">A Pastoral Juvenil da Confer\u00eancia Nacional dos Bispos do Brasil (CNBB) manifestou apoio ao S\u00ednodo para a Amaz\u00f4nia, convocado pelo Papa Francisco para o pr\u00f3ximo m\u00eas de outubro. Assessores, respons\u00e1veis diocesanos de juventude, l\u00edderes de express\u00f5es juvenis cat\u00f3licas e a Comiss\u00e3o Episcopal Pastoral para a Juventude, reunidos em Bras\u00edlia (DF), nos dias 6 e 7 de setembro, assinaram mo\u00e7\u00e3o com \u201cforte e irredut\u00edvel apoio \u00e0 REPAM (Rede Pan-Amaz\u00f4nica) e ao S\u00ednodo Pan-amaz\u00f4nico\u201d.<\/p>\n<p style=\"text-align: justify\">Os membros da Pastoral Juvenil citaram virtudes de desafios presentes na Amaz\u00f4nia, recordaram o grande n\u00famero proporcional de jovens presente nos estados da regi\u00e3o e apontaram para uma postura de esperan\u00e7a.<\/p>\n<p style=\"text-align: justify\">Enquanto jovens cremos num futuro diferente! Temos mais futuro do que passado! Por isso queremos manifestar aos organizadores do S\u00ednodo e, em especial ao Papa Francisco, o nosso incondicional apoio e ora\u00e7\u00f5es. Cremos ainda que n\u00e3o basta denunciar os males, \u00e9 preciso que todos n\u00f3s sejamos semeadores de esperan\u00e7a nos comprometendo na promo\u00e7\u00e3o da ecologia integral.<\/p>\n<p>Confira o texto na \u00edntegra:<\/p>\n<p>&nbsp;<\/p>\n<blockquote>\n<p style=\"text-align: justify\">N\u00f3s assessores, respons\u00e1veis diocesanos de juventude, l\u00edderes de express\u00f5es juvenis cat\u00f3licas e Comiss\u00e3o Episcopal Pastoral para a Juventude, reunidos em Bras\u00edlia nos dias 6 e 7 de Setembro, queremos manifestar o nosso forte e irredut\u00edvel apoio \u00e0 REPAM (Rede Pan-Amaz\u00f4nica) e ao S\u00ednodo Pan-amaz\u00f4nico a ser realizado em Roma de 06 a 27 de outubro deste ano.<\/p>\n<p style=\"text-align: justify\">Estamos ainda vivenciando a alegria e o entusiasmo provocados em n\u00f3s pelo S\u00ednodo da Juventude; bem como \u00e9 forte em nossos cora\u00e7\u00f5es o est\u00edmulo do Papa Francisco nos animando: \u201cQuando te sentires envelhecido pela tristeza, os rancores, os medos, as d\u00favidas ou os fracassos, Jesus estar\u00e1 a teu lado para te devolver a for\u00e7a e a esperan\u00e7a\u201d (CV,1) e mais ainda: \u201cPe\u00e7amos ao Senhor que liberte a Igreja daqueles que querem envelhec\u00ea-la, ancor\u00e1-la ao passado, trav\u00e1-la, torn\u00e1-la im\u00f3vel\u201d (CV, 35). Agora a Igreja se volta para outro tema de suma import\u00e2ncia: a Amaz\u00f4nia.<\/p>\n<p style=\"text-align: justify\">Considerando a Amaz\u00f4nia uma das regi\u00f5es mais significativas e estrat\u00e9gicas para o Brasil e o mundo; contemplando as in\u00fameras amea\u00e7as \u00e0 sua biodiversidade; reconhecendo o sofrimento de tantos povos feridos em sua dignidade pela pobreza, pela aus\u00eancia de dignos servi\u00e7os p\u00fablicos e a nega\u00e7\u00e3o dos seus valores culturais; observando a diversidade de contextos onde impera corrup\u00e7\u00e3o e o populismo pol\u00edtico; cientes de tantos desafios e dificuldades para a evangeliza\u00e7\u00e3o, constatamos a import\u00e2ncia e a necessidade desse evento eclesial em vista da descoberta de novos caminhos para o fortalecimento da presen\u00e7a da Igreja na referida regi\u00e3o. Muito nos alegra saber que na regi\u00e3o amaz\u00f4nica est\u00e1 concentrado, proporcionalmente, o maior \u00edndice de jovens do Brasil. A Amaz\u00f4nia, portanto, \u00e9 demograficamente a regi\u00e3o da Esperan\u00e7a, por ter uma popula\u00e7\u00e3o jovem superando a metade da sua popula\u00e7\u00e3o. Eis, portanto, uma regi\u00e3o que merece estrategicamente o m\u00e1ximo e atencioso carinho tamb\u00e9m da Pastoral Juvenil.<\/p>\n<p style=\"text-align: justify\">Todavia, tamb\u00e9m lamentamos a realidade de dram\u00e1ticos fen\u00f4menos dos quais padecem os jovens na Amaz\u00f4nia, a juventude ribeirinha, ind\u00edgena e quilombola, como por exemplo, a viol\u00eancia, o tr\u00e1fico de drogas, a gravidez na adolesc\u00eancia, o desemprego, o suic\u00eddio, a inadequada forma\u00e7\u00e3o profissional, o semi-analfabetismo, a pouca perspectiva de melhoria de vida.<\/p>\n<p style=\"text-align: justify\">Enquanto jovens cremos num futuro diferente! Temos mais futuro do que passado! Por isso queremos manifestar aos organizadores do S\u00ednodo e, em especial ao Papa Francisco, o nosso incondicional apoio e ora\u00e7\u00f5es. Cremos ainda que n\u00e3o basta denunciar os males, \u00e9 preciso que todos n\u00f3s sejamos semeadores de esperan\u00e7a nos comprometendo na promo\u00e7\u00e3o da ecologia integral.<\/p>\n<p style=\"text-align: justify\">Jesus Cristo sempre jovem, nosso amigo, mestre e Senhor, nos estimula a sermos em todas as circunst\u00e2ncias profetas da Civiliza\u00e7\u00e3o do Amor. Pedimos insistentemente ao Esp\u00edrito Santo, amor do Pai e do Filho, que derrame sobre todos os padres sinodais o dom da Sabedoria para que possam refletir com sinceridade e decidir conforme aquilo que o Esp\u00edrito quer da Igreja (cf. Ap 2,7).<\/p>\n<p style=\"text-align: justify\">Cordialmente, assessores, respons\u00e1veis diocesanos de juventude, l\u00edderes de express\u00f5es juvenis cat\u00f3licas e Comiss\u00e3o Episcopal Pastoral para a Juventude.<\/p>\n<p style=\"text-align: justify\">Bras\u00edlia, 07 de Setembro de 2019<\/p>\n<\/blockquote>\n<p>&nbsp;<\/p>\n<p>http:\/\/jovensconectados.org.br\/pastoral-juvenil-emite-mocao-de-apoio-ao-sinodo-pan-amazonico.html<\/p>\n<p>&nbsp;<\/p>\n<p>&nbsp;<\/p>\n","protected":false},"excerpt":{"rendered":"<p>\u201cEnquanto jovens cremos num futuro diferente! Temos mais futuro do que passado!\u201d, afirma Pastoral em mo\u00e7\u00e3o aprovada no fim de semana<\/p>\n","protected":false},"author":83,"featured_media":2373,"comment_status":"closed","ping_status":"open","sticky":false,"template":"","format":"standard","meta":{"site-sidebar-layout":"default","site-content-layout":"default","ast-global-header-display":"","ast-banner-title-visibility":"","ast-main-header-display":"","ast-hfb-above-header-display":"","ast-hfb-below-header-display":"","ast-hfb-mobile-header-display":"","site-post-title":"","ast-breadcrumbs-content":"","ast-featured-img":"","footer-sml-layout":"","theme-transparent-header-meta":"","adv-header-id-meta":"","stick-header-meta":"","header-above-stick-meta":"","header-main-stick-meta":"","header-below-stick-meta":""},"categories":[1],"tags":[1424],"acf":[],"_links":{"self":[{"href":"https:\/\/www.cnbb.org.br\/cnbb-app\/wp\/v2\/posts\/35209"}],"collection":[{"href":"https:\/\/www.cnbb.org.br\/cnbb-app\/wp\/v2\/posts"}],"about":[{"href":"https:\/\/www.cnbb.org.br\/cnbb-app\/wp\/v2\/types\/post"}],"author":[{"embeddable":true,"href":"https:\/\/www.cnbb.org.br\/cnbb-app\/wp\/v2\/users\/83"}],"replies":[{"embeddable":true,"href":"https:\/\/www.cnbb.org.br\/cnbb-app\/wp\/v2\/comments?post=35209"}],"version-history":[{"count":0,"href":"https:\/\/www.cnbb.org.br\/cnbb-app\/wp\/v2\/posts\/35209\/revisions"}],"wp:featuredmedia":[{"embeddable":true,"href":"https:\/\/www.cnbb.org.br\/cnbb-app\/wp\/v2\/media\/2373"}],"wp:attachment":[{"href":"https:\/\/www.cnbb.org.br\/cnbb-app\/wp\/v2\/media?parent=35209"}],"wp:term":[{"taxonomy":"category","embeddable":true,"href":"https:\/\/www.cnbb.org.br\/cnbb-app\/wp\/v2\/categories?post=35209"},{"taxonomy":"post_tag","embeddable":true,"href":"https:\/\/www.cnbb.org.br\/cnbb-app\/wp\/v2\/tags?post=35209"}],"curies":[{"name":"wp","href":"https:\/\/api.w.org\/{rel}","templated":true}]}}