{"id":35228,"date":"2019-09-11T00:00:00","date_gmt":"2019-09-11T03:00:00","guid":{"rendered":"https:\/\/www.cnbb.org.br\/pastoral-juvenil-no-mes-da-biblia-proposta-de-leitura-orante-e-videos-para-reflexao\/"},"modified":"2020-10-23T15:56:17","modified_gmt":"2020-10-23T18:56:17","slug":"pastoral-juvenil-no-mes-da-biblia-proposta-de-leitura-orante-e-videos-para-reflexao","status":"publish","type":"post","link":"https:\/\/www.cnbb.org.br\/pastoral-juvenil-no-mes-da-biblia-proposta-de-leitura-orante-e-videos-para-reflexao\/","title":{"rendered":"Pastoral Juvenil no M\u00eas da B\u00edblia: proposta de leitura orante e v\u00eddeos para reflex\u00e3o"},"content":{"rendered":"<p style=\"text-align: justify\">A Pastoral Juvenil est\u00e1 atenta aos meses tem\u00e1ticos propostos pela Igreja no Brasil. Em agosto com o M\u00eas Vocacional e, agora em setembro, com o M\u00eas da B\u00edblia. Algumas iniciativas t\u00eam sido propostas para promover a anima\u00e7\u00e3o b\u00edblica das juventudes espalhadas pelo pa\u00eds. O bispo de Valen\u00e7a (RJ) e presidente da Comiss\u00e3o Episcopal Pastoral para a Juventude da Confer\u00eancia Nacional dos Bispos do Brasil (CNBB), dom Nelson Francelino, escreveu artigo com propostas para o redescobrimento da leitura orante da Palavra. Tamb\u00e9m a equipe de comunica\u00e7\u00e3o da Pastoral Juvenil quis oferecer uma contribui\u00e7\u00e3o com uma s\u00e9rie de v\u00eddeos.<\/p>\n<figure id=\"attachment_225335\" aria-describedby=\"caption-attachment-225335\" style=\"width: 300px\" class=\"wp-caption alignright\"><a href=\"https:\/\/www.cnbb.org.br\/pastoral-juvenil-no-mes-da-biblia-proposta-de-leitura-orante-e-videos-para-reflexao\/dom-nelson-francelino\/\" rel=\"attachment wp-att-225335\"><img decoding=\"async\" loading=\"lazy\" class=\"size-medium wp-image-225335\" src=\"https:\/\/www.cnbb.org.br\/wp-content\/uploads\/2020\/03\/dom-nelson-francelino-300x198.jpg\" alt=\"\" width=\"300\" height=\"198\" \/><\/a><figcaption id=\"caption-attachment-225335\" class=\"wp-caption-text\"><em>Dom Nelson Francelino | Foto: Pastoral Juvenil CNBB<\/em><\/figcaption><\/figure>\n<p style=\"text-align: justify\">Dom Nelson perguntou: \u201cas express\u00f5es juvenis, desafiadas de v\u00e1rias maneiras pela cultura urbana, podem dinamizar e se enriquecer com essa proposta pastoral da Igreja nesse m\u00eas da B\u00edblia?\u201d Em seguida, quis \u201cpropor aos jovens algo que possa lev\u00e1-los a amar mais as Sagradas Escrituras, como uma salutar fonte de vida\u201d.<\/p>\n<p style=\"text-align: justify\">O presidente da Comiss\u00e3o para a Juventude da CNBB prop\u00f4s tr\u00eas atitudes fundamentais que devem ser cultivadas dentro de si ao se aproximar da B\u00edblia: a leitura lenta, atenta e amorosa.<\/p>\n<blockquote><p>&nbsp;<\/p>\n<p style=\"text-align: justify\"><em><strong>\u2013 Lentamente:<\/strong>\u00a0n\u00e3o somos acostumados a ler lentamente. Hoje temos quase uma voracidade compulsiva em ler muito. H\u00e1, poder\u00edamos dizer, uma concentra\u00e7\u00e3o artificial de ideias que n\u00e3o conseguimos digerir. \u00c9 muito importante na ora\u00e7\u00e3o evitar essa \u201cfome de palavra\u201d, ter mais cuidado na escolha do que lemos e ler mais lentamente, quase saboreando palavra por palavra, repartindo as palavras como se fossem uma fruta que queremos saborear e n\u00e3o apenas engolir;<\/em><\/p>\n<p style=\"text-align: justify\"><em><strong>\u2013 Atentamente:<\/strong>\u00a0prestar aten\u00e7\u00e3o ao que se diz ou se l\u00ea. Para Santa Teresa, este \u00e9 o segredo da verdadeira medita\u00e7\u00e3o. \u201c\u00c9 preciso \u2013\u00a0 diz ela \u2013 saber o que diz e para quem diz, para que seja verdadeira ora\u00e7\u00e3o\u201d. A mesma pedagogia se deve ser usada quando se quer compreender o que se estar lendo para poder penetrar no seu sentido. Tr\u00eas perguntas podem ser \u00fateis aqui: \u201cO que diz a Palavra?\u201d, \u00a0\u201cPara quem \u00e9 dirigida?\u201d e \u201cO que diz para mim hoje?\u201d. Essa releitura da Palavra \u00e9 fundamental para, diante dela, n\u00e3o nos portarmos como espectadores ou visitantes de um museu, mas atualiz\u00e1-la para a nossa vida;<\/em><\/p>\n<p style=\"text-align: justify\"><em><strong>\u2013 Amorosamente:<\/strong>\u00a0ler com amor, como se a Palavra ou o texto fosse dirigido t\u00e3o somente a n\u00f3s. Essa personaliza\u00e7\u00e3o da Palavra \u00e9 fundamental para que possamos ser \u201ctocados\u201d pelo esp\u00edrito do autor que, quando escreveu, tinha uma finalidade: sermos alimentados pela Palavra ouvida e meditada. Quando se ler algo com amor, produz-se mais fruto dentro de n\u00f3s.<\/em><\/p>\n<\/blockquote>\n<p style=\"text-align: justify\">Dom Nelson tamb\u00e9m prop\u00f4s a leitura orante da B\u00edblia por meio dos quatro passos: leitura, medita\u00e7\u00e3o, ora\u00e7\u00e3o e contempla\u00e7\u00e3o. Este deve ser um esfor\u00e7o di\u00e1rio como alimento para a alma:<\/p>\n<blockquote>\n<p style=\"text-align: justify\"><em>\u201cAssim como voc\u00ea alimenta o corpo todos os dias, deve tamb\u00e9m alimentar diariamente o seu projeto de vida com a Palavra de Deus. Reze com ela e nela, descubra as maravilhas que Deus deseja lhe confiar! Entre na sintonia com a Igreja do Brasil nesse m\u00eas de setembro e fa\u00e7a as suas descobertas, a ponto de afirmar com convic\u00e7\u00e3o: \u2018Tua Palavra \u00e9 l\u00e2mpada para os meus Senhor\u2026\u2019\u201d.<\/em><\/p>\n<p>&nbsp;<\/p><\/blockquote>\n<figure id=\"attachment_225337\" aria-describedby=\"caption-attachment-225337\" style=\"width: 205px\" class=\"wp-caption alignleft\"><a href=\"https:\/\/www.cnbb.org.br\/pastoral-juvenil-no-mes-da-biblia-proposta-de-leitura-orante-e-videos-para-reflexao\/jovens-eu-vos-escrevi\/\" rel=\"attachment wp-att-225337\"><img decoding=\"async\" loading=\"lazy\" class=\" wp-image-225337\" src=\"https:\/\/www.cnbb.org.br\/wp-content\/uploads\/2020\/03\/jovens-eu-vos-escrevi-240x300.jpg\" alt=\"\" width=\"205\" height=\"257\" \/><\/a><figcaption id=\"caption-attachment-225337\" class=\"wp-caption-text\"><em>Foto: Pastoral Juvenil CNBB<\/em><\/figcaption><\/figure>\n<p style=\"text-align: justify\"><strong>S\u00e9rie de v\u00eddeos<\/strong><br \/>\nA equipe de comunica\u00e7\u00e3o da Pastoral Juvenil quis oferecer uma contribui\u00e7\u00e3o \u00e0s reflex\u00f5es do M\u00eas da B\u00edblia com base na primeira carta de S\u00e3o Jo\u00e3o, escolhida pela CNBB neste ano. Os jovens tomaram um trecho do cap\u00edtulo 2 do livro como inspira\u00e7\u00e3o para uma s\u00e9rie de v\u00eddeos: \u201cJovens eu vos escrevi, porque sois forte e a Palavra de Deus permanece em v\u00f3s, e vencestes o maligno\u201d.<\/p>\n<p style=\"text-align: justify\">Nesta ter\u00e7a-feira, 10 de setembro, foi divulgado o segundo v\u00eddeo da s\u00e9rie, como o t\u00edtulo \u201cSim, somos fortes!\u201d. Os v\u00eddeos s\u00e3o divulgados \u00e0s ter\u00e7as-feiras, no hor\u00e1rio de 19h, no Youtube e no IGTV, a plataforma de v\u00eddeo do Instagram.<\/p>\n<p style=\"text-align: justify\">A s\u00e9rie est\u00e1 programada da seguinte maneira:<\/p>\n<p style=\"text-align: justify\"><strong>Confira a programa\u00e7\u00e3o da s\u00e9rie:<\/strong><br \/>\n1\u00ba V\u00eddeo | 03.09 \u00e0s 19h \u2013 <a href=\"https:\/\/www.youtube.com\/watch?v=tPydVvd5wDo\" data-rel=\"lightbox-video-0\" target=\"_blank\" rel=\"noopener\">\u201cA n\u00f3s, todos os jovens!\u201d<\/a><br \/>\n2\u00ba V\u00eddeo | 10.09 \u00e0s 19h \u2013 <a href=\"https:\/\/youtu.be\/Og_IOoBTQu0\" data-rel=\"lightbox-video-1\" target=\"_blank\" rel=\"noopener\">\u201cSim, somos fortes!\u201d<\/a><br \/>\n3\u00ba V\u00eddeo | 17.09 \u00e0s 19h \u2013 \u201cSempre perto\u2026\u201d<br \/>\n4\u00ba V\u00eddeo | 24.09 \u00e0s 19h \u2013 \u201cVencemos!\u201d<\/p>\n","protected":false},"excerpt":{"rendered":"<p>Presidente da Comiss\u00e3o para a Juventude indicou atitudes fundamentais para contato com a B\u00edblia e pr\u00e1tica da leitura orante<\/p>\n","protected":false},"author":83,"featured_media":35230,"comment_status":"closed","ping_status":"open","sticky":false,"template":"","format":"standard","meta":{"site-sidebar-layout":"default","site-content-layout":"default","ast-global-header-display":"","ast-banner-title-visibility":"","ast-main-header-display":"","ast-hfb-above-header-display":"","ast-hfb-below-header-display":"","ast-hfb-mobile-header-display":"","site-post-title":"","ast-breadcrumbs-content":"","ast-featured-img":"","footer-sml-layout":"","theme-transparent-header-meta":"","adv-header-id-meta":"","stick-header-meta":"","header-above-stick-meta":"","header-main-stick-meta":"","header-below-stick-meta":""},"categories":[1],"tags":[1185],"acf":[],"_links":{"self":[{"href":"https:\/\/www.cnbb.org.br\/cnbb-app\/wp\/v2\/posts\/35228"}],"collection":[{"href":"https:\/\/www.cnbb.org.br\/cnbb-app\/wp\/v2\/posts"}],"about":[{"href":"https:\/\/www.cnbb.org.br\/cnbb-app\/wp\/v2\/types\/post"}],"author":[{"embeddable":true,"href":"https:\/\/www.cnbb.org.br\/cnbb-app\/wp\/v2\/users\/83"}],"replies":[{"embeddable":true,"href":"https:\/\/www.cnbb.org.br\/cnbb-app\/wp\/v2\/comments?post=35228"}],"version-history":[{"count":0,"href":"https:\/\/www.cnbb.org.br\/cnbb-app\/wp\/v2\/posts\/35228\/revisions"}],"wp:featuredmedia":[{"embeddable":true,"href":"https:\/\/www.cnbb.org.br\/cnbb-app\/wp\/v2\/media\/35230"}],"wp:attachment":[{"href":"https:\/\/www.cnbb.org.br\/cnbb-app\/wp\/v2\/media?parent=35228"}],"wp:term":[{"taxonomy":"category","embeddable":true,"href":"https:\/\/www.cnbb.org.br\/cnbb-app\/wp\/v2\/categories?post=35228"},{"taxonomy":"post_tag","embeddable":true,"href":"https:\/\/www.cnbb.org.br\/cnbb-app\/wp\/v2\/tags?post=35228"}],"curies":[{"name":"wp","href":"https:\/\/api.w.org\/{rel}","templated":true}]}}