{"id":35366,"date":"2019-09-24T00:00:00","date_gmt":"2019-09-24T03:00:00","guid":{"rendered":"https:\/\/www.cnbb.org.br\/cimi-apresenta-relatorio-que-aponta-aumento-de-casos-de-violencia-contra-povos-indigenas\/"},"modified":"2020-10-23T16:59:20","modified_gmt":"2020-10-23T19:59:20","slug":"cimi-apresenta-relatorio-que-aponta-aumento-de-casos-de-violencia-contra-povos-indigenas","status":"publish","type":"post","link":"https:\/\/www.cnbb.org.br\/cimi-apresenta-relatorio-que-aponta-aumento-de-casos-de-violencia-contra-povos-indigenas\/","title":{"rendered":"CIMI apresenta relat\u00f3rio que aponta aumento de casos de viol\u00eancia contra povos ind\u00edgenas"},"content":{"rendered":"<figure id=\"attachment_226093\" aria-describedby=\"caption-attachment-226093\" style=\"width: 300px\" class=\"wp-caption alignright\"><a href=\"http:\/\/www.cnbb.org.br\/cimi-apresenta-relatorio-que-aponta-aumento-de-casos-de-violencia-contra-povos-indigenas\/aberturacimi\/\" rel=\"attachment wp-att-226093\"><img decoding=\"async\" loading=\"lazy\" class=\"wp-image-226093 size-medium\" src=\"https:\/\/www.cnbb.org.br\/wp-content\/uploads\/2020\/03\/aberturaCimi-300x168.jpg\" alt=\"\" width=\"300\" height=\"168\" \/><\/a><figcaption id=\"caption-attachment-226093\" class=\"wp-caption-text\">Coletiva de imprensa. Foto: Comunica\u00e7\u00e3o CNBB\/Daniel Flores<\/figcaption><\/figure>\n<p style=\"text-align: justify\">Nos primeiros nove meses de 2019, ocorreram 160 casos de invas\u00e3o em 153 terras ind\u00edgenas de 19 estados. No ano completo de 2018, ocorreram 111 casos em 76 terras ind\u00edgenas de 13 estados. Esses dados foram apresentados em coletiva de imprensa na tarde desta ter\u00e7a-feira, 24 de setembro, durante o lan\u00e7amento do relat\u00f3rio \u201cViol\u00eancia contra povos ind\u00edgenas no Brasil \u2013 dados 2018\u201d sistematizados pelo Conselho Indigenista Mission\u00e1rio (CIMI), organismo vinculado \u00e0 Confer\u00eancia Nacional dos Bispos do Brasil (CNBB).<\/p>\n<p style=\"text-align: justify\">O Subsecret\u00e1rio Adjunto Geral da CNBB, padre Dirceu de Oliveira Medeiros, em nome da presid\u00eancia da entidade, saudou aos participantes, profissionais da imprensa, autoridades pol\u00edticas, representantes ind\u00edgenas e lideran\u00e7as do CIMI. Ele destacou que a CNBB \u00e9 uma casa de acolhida e de compromisso na defesa dos grupos mais vulner\u00e1veis.<\/p>\n<p style=\"text-align: justify\">O relat\u00f3rio aponta que os povos ind\u00edgenas no Brasil enfrentam um substancial aumento da grilagem, roubo de madeira, garimpo, invas\u00f5es e at\u00e9 mesmo implanta\u00e7\u00e3o de loteamentos em seus territ\u00f3rios tradicionais. Em 2018 foram registrados 135 casos de assassinato de ind\u00edgenas, 25 a mais que os registrados em 2017.<\/p>\n<p style=\"text-align: justify\">Segundo Roberto Liebott, coordenador do CIMI Regional Sul e um dos organizadores do relat\u00f3rio, os n\u00fameros demonstram um crescimento vertiginoso de invas\u00f5es aos territ\u00f3rios ind\u00edgenas no Brasil. Para o representante do CIMI, o \u201cDia do Fogo\u201d \u00e9 emblem\u00e1tico da situa\u00e7\u00e3o que os ind\u00edgenas est\u00e3o vivendo no pa\u00eds. H\u00e1 em curso, em sua avalia\u00e7\u00e3o, uma perspectiva integracionista, ideia em voga na d\u00e9cada de 70. \u201cPara integrar os \u00edndios, \u00e9 necess\u00e1rio desterritorializ\u00e1-los, como aconteceu no Rio Grande do Sul e no Mato Grosso do Sul\u201d, disse.<\/p>\n<p style=\"text-align: justify\">O arcebispo de Porto Velho (RO), dom Roque Paloschi, presidente do Cimi, disse que a viol\u00eancia contra os povos ind\u00edgenas se tornou uma chaga institucionalizada. Ele destacou que se trata de uma realidade nacional, registrada de norte a sul e de leste a oeste. \u201cA agressividade de autoridades pol\u00edticas serve de combust\u00edvel para o aumento da viol\u00eancia contra os povos ind\u00edgenas\u201d, disse.<\/p>\n<p style=\"text-align: justify\">O cacique Suru\u00ed Patax\u00f3 da Aldeia Barra Velha em Porto Seguro (BA) participou do lan\u00e7amento do relat\u00f3rio. Segundo ele, apesar do atual governo n\u00e3o ceder aos direitos dos povos ind\u00edgenas, os primeiros habitantes do territ\u00f3rio brasileiro, isso n\u00e3o \u00e9 motivo para esmorecimento. Segundo ele, \u00e9 a sabedoria dos \u201cencantados\u201d, seus antepassados, que vai ajud\u00e1-los a continuar na resist\u00eancia e na luta por seus direitos.<\/p>\n<p style=\"text-align: justify\"><strong><a href=\"http:\/\/www.cnbb.org.br\/cimi-apresenta-relatorio-que-aponta-aumento-de-casos-de-violencia-contra-povos-indigenas\/plenariacimi\/\" rel=\"attachment wp-att-226095\"><img decoding=\"async\" loading=\"lazy\" class=\"size-medium wp-image-226095 alignleft\" src=\"https:\/\/www.cnbb.org.br\/wp-content\/uploads\/2020\/03\/plen\u00e1riacimi-300x168.jpg\" alt=\"\" width=\"300\" height=\"168\" \/><\/a>Corte or\u00e7ament\u00e1rio<\/strong> &#8211; Al\u00e9m dos casos de viol\u00eancia, o relat\u00f3rio aponta uma redu\u00e7\u00e3o or\u00e7ament\u00e1ria paras as pol\u00edticas p\u00fablicas federais. Em 2015, o relat\u00f3rio mostra que existiam 9 programas, com 29 a\u00e7\u00f5es com dota\u00e7\u00f5es or\u00e7ament\u00e1rias destinadas explicitamente a povos ind\u00edgenas. Em 2018, foram localizadas informa\u00e7\u00f5es apenas de 2 programas com 10 a\u00e7\u00f5es relacionadas a estes mesmos povos.<\/p>\n<p style=\"text-align: justify\">Em seu primeiro cap\u00edtulo, o relat\u00f3rio aborda os dados referentes \u00e0 \u201cViol\u00eancia contra o Patrim\u00f4nio\u201d, nos quais entram an\u00e1lises sobre omiss\u00e3o e morosidade na regulariza\u00e7\u00e3o de terras, conflitos relativos a direitos territoriais, invas\u00f5es possess\u00f3rias, explora\u00e7\u00e3o ilegal de recursos naturais e danos diversos ao patrim\u00f4nio.<\/p>\n<p style=\"text-align: justify\">O segundo cap\u00edtulo lan\u00e7a um olhar sobre a \u201cViol\u00eancia contra a pessoa\u201d, com dados sobre homic\u00eddios, amea\u00e7as de morte, assassinatos, entre outros. O terceiro cap\u00edtulo trata da \u201cViol\u00eancia por Omiss\u00e3o do Poder P\u00fablico\u201d, com abordagem da desestrutura\u00e7\u00e3o das pol\u00edticas p\u00fablicas de assist\u00eancia \u00e0 sa\u00fade e educa\u00e7\u00e3o voltadas para os povos ind\u00edgenas.<\/p>\n<p style=\"text-align: justify\">O quarto cap\u00edtulo dedica-se a aprofundar \u201cA Viol\u00eancia contra os Povos Ind\u00edgenas Livres e de Pouco Contato\u201d. O \u00faltimo cap\u00edtulo, o quinto, trata da \u201cMem\u00f3ria e Justi\u00e7a\u201d, aprofundando a repara\u00e7\u00e3o dos crimes de tutela em fun\u00e7\u00e3o de um desenvolvimento sem respeito.<\/p>\n<p style=\"text-align: justify\">Segundo Roberto Liebott, o relat\u00f3rio \u00e9 organizado com base na pesquisa das pr\u00f3prias den\u00fancias que os \u00edndios apresentam. A segunda fonte s\u00e3o os dados levantados pelos mission\u00e1rios do CIMI nas comunidades onde atuam. A terceira fonte de dados s\u00e3o as viola\u00e7\u00f5es apresentadas na m\u00eddia brasileira e por dados do pr\u00f3prio poder p\u00fablico, como secretarias de seguran\u00e7a p\u00fablica dos estados e o Minist\u00e9rio P\u00fablico Federal. \u201cN\u00e3o necessariamente s\u00e3o apenas esses dados. Trata-se apenas dos dados que o CIMI consegue sistematizar. Pode haver muitos outros casos que n\u00e3o conseguimos cobrir\u201d, disse.<\/p>\n<p style=\"text-align: justify\">A \u00edntegra do relat\u00f3rio pode ser acessada em: https:\/\/<a href=\"https:\/\/cimi.org.br\/wp-content\/uploads\/2019\/09\/relatorio-violencia-contra-os-povos-indigenas-brasil-2018.pdf\" target=\"_blank\" rel=\"noopener\">cimi.org.br<\/a><\/p>\n<p>&nbsp;<\/p>\n","protected":false},"excerpt":{"rendered":"<p>At\u00e9 setembro de 2019, h\u00e1 registros de 160 invas\u00f5es a 153 territ\u00f3rios de povos ind\u00edgenas ante 111 invas\u00f5es de 76 povos em 2018.<\/p>\n","protected":false},"author":83,"featured_media":35368,"comment_status":"closed","ping_status":"open","sticky":false,"template":"","format":"standard","meta":{"site-sidebar-layout":"default","site-content-layout":"default","ast-global-header-display":"","ast-banner-title-visibility":"","ast-main-header-display":"","ast-hfb-above-header-display":"","ast-hfb-below-header-display":"","ast-hfb-mobile-header-display":"","site-post-title":"","ast-breadcrumbs-content":"","ast-featured-img":"","footer-sml-layout":"","theme-transparent-header-meta":"","adv-header-id-meta":"","stick-header-meta":"","header-above-stick-meta":"","header-main-stick-meta":"","header-below-stick-meta":""},"categories":[763,762],"tags":[1301],"acf":[],"_links":{"self":[{"href":"https:\/\/www.cnbb.org.br\/cnbb-app\/wp\/v2\/posts\/35366"}],"collection":[{"href":"https:\/\/www.cnbb.org.br\/cnbb-app\/wp\/v2\/posts"}],"about":[{"href":"https:\/\/www.cnbb.org.br\/cnbb-app\/wp\/v2\/types\/post"}],"author":[{"embeddable":true,"href":"https:\/\/www.cnbb.org.br\/cnbb-app\/wp\/v2\/users\/83"}],"replies":[{"embeddable":true,"href":"https:\/\/www.cnbb.org.br\/cnbb-app\/wp\/v2\/comments?post=35366"}],"version-history":[{"count":0,"href":"https:\/\/www.cnbb.org.br\/cnbb-app\/wp\/v2\/posts\/35366\/revisions"}],"wp:featuredmedia":[{"embeddable":true,"href":"https:\/\/www.cnbb.org.br\/cnbb-app\/wp\/v2\/media\/35368"}],"wp:attachment":[{"href":"https:\/\/www.cnbb.org.br\/cnbb-app\/wp\/v2\/media?parent=35366"}],"wp:term":[{"taxonomy":"category","embeddable":true,"href":"https:\/\/www.cnbb.org.br\/cnbb-app\/wp\/v2\/categories?post=35366"},{"taxonomy":"post_tag","embeddable":true,"href":"https:\/\/www.cnbb.org.br\/cnbb-app\/wp\/v2\/tags?post=35366"}],"curies":[{"name":"wp","href":"https:\/\/api.w.org\/{rel}","templated":true}]}}