{"id":35405,"date":"2019-09-30T00:00:00","date_gmt":"2019-09-30T03:00:00","guid":{"rendered":"https:\/\/www.cnbb.org.br\/obrigado-frei-hildebrando\/"},"modified":"2019-09-30T00:00:00","modified_gmt":"2019-09-30T03:00:00","slug":"obrigado-frei-hildebrando","status":"publish","type":"post","link":"https:\/\/www.cnbb.org.br\/obrigado-frei-hildebrando\/","title":{"rendered":"Obrigado, Frei Hildebrando!"},"content":{"rendered":"<p style=\"text-align: right\"><strong>Dom Murilo S.R. Krieger<\/strong><br \/>\n<strong>Arcebispo de Salvador<\/strong><\/p>\n<p>&nbsp;<\/p>\n<p style=\"text-align: justify\">Na entrada da cidade de Damasco, o ap\u00f3stolo Paulo ouviu uma ordem de Jesus: \u201cLevanta-te, entra na cidade, e ali te dir\u00e3o o que deves fazer\u201d. Tendo obedecido, Paulo encontrou-se com Ananias, que curou sua cegueira e o orientou nos primeiros passos como crist\u00e3o. Hoje, n\u00e3o \u00e9 poss\u00edvel se pensar nesse grande ap\u00f3stolo sem voltar o pensamento para Ananias. N\u00e3o foi Ananias que escolheu exercer o papel que desempenhou: foi Deus que assim o quis, mostrando que lhe agrada servir-se de intermedi\u00e1rios para conduzir algu\u00e9m por Seus caminhos.<\/p>\n<p style=\"text-align: justify\">Frei Hildebrando Kruthaup, franciscano, nascido na Alemanha em 1902, foi o principal \u201cAnanias\u201d na vida de Irm\u00e3 Dulce. Ordenado sacerdote no Brasil, em 1929, viveu em Salvador ao longo de cinquenta anos, dedicados \u00e0 assist\u00eancia social, fazendo-se brasileiro com os brasileiros. Criou a Uni\u00e3o Oper\u00e1ria de S\u00e3o Francisco (mais tarde: C\u00edrculo Oper\u00e1rio da Bahia), fundou as Obras Sociais Franciscanas, a Casa de Retiro S\u00e3o Francisco e o Carmelo da Bahia. Profundamente tocado pela pobreza e pelas desigualdades sociais de Salvador, Frei Hildebrando multiplicou-se para apoiar necessitados, doentes e oper\u00e1rios, convicto de que \u201cAntes de se pensar em salvar as almas dos pobres, \u00e9 preciso proporcionar-lhes uma vida que lhes permita tomar consci\u00eancia de que t\u00eam uma alma\u201d (Palestra, 1986). Percebendo a import\u00e2ncia dos meios de comunica\u00e7\u00e3o, abriu salas cinematogr\u00e1ficas e fundou, em 1941, a R\u00e1dio Excelsior da Bahia. Mantendo sempre vivo o esp\u00edrito mission\u00e1rio, comprou uma caminhoneta e fez dela um carro- capela, para atender o povo da periferia de nossa cidade. Quanto nossa Arquidiocese deve a esse franciscano!<\/p>\n<p style=\"text-align: justify\">Por ser alem\u00e3o, sofreu muito durante a Segunda Guerra Mundial: foi criticado, caluniado e injusti\u00e7ado at\u00e9 por pessoas de quem se esperaria um m\u00ednimo de amor \u00e0 verdade. Mais tarde, o pa\u00eds lhe fez justi\u00e7a: foi naturalizado brasileiro (1949), tornou-se cidad\u00e3o honor\u00e1rio da Bahia (1968) e seu nome foi dado a uma pra\u00e7a em Salvador.<\/p>\n<p style=\"text-align: justify\">Mas, por que chamar Frei Hildebrando de \u201cAnanias\u201d na vida de Irm\u00e3 Dulce? Ainda jovem, ao conhec\u00ea-lo, Irm\u00e3 Dulce o escolheu como orientador e confessor. Foi ele que a fez conhecer o carisma franciscano e que a introduziu no servi\u00e7o de assist\u00eancia social. Nos trabalhos pelo Reino de Deus, ela era o cora\u00e7\u00e3o; ele, o c\u00e9rebro. Ambos eram apaixonados pelo Evangelho e queriam dedicar-se aos necessitados; ambos sofreram (muito!) por Cristo.<\/p>\n<p style=\"text-align: justify\">Quando Irm\u00e3 Dulce celebrou o jubileu de vida religiosa (1983), Frei Hildebrando afirmou publicamente: \u201cTu acreditas plenamente naquilo que Cristo um dia proclamou solenemente, em tom categ\u00f3rico: que ele se esconde no pr\u00f3ximo necessitado!\u201d<\/p>\n<p style=\"text-align: justify\">Obrigado, Frei Hildebrando, \u201cAnanias\u201d de Irm\u00e3 Dulce!<\/p>\n","protected":false},"excerpt":{"rendered":"<p>Dom Murilo S.R. Krieger Arcebispo de Salvador &nbsp; Na entrada da cidade de Damasco, o ap\u00f3stolo Paulo ouviu uma ordem de Jesus: \u201cLevanta-te, entra na cidade, e ali te dir\u00e3o o que deves fazer\u201d. Tendo obedecido, Paulo encontrou-se com Ananias, que curou sua cegueira e o orientou nos primeiros passos como crist\u00e3o. Hoje, n\u00e3o \u00e9 &hellip;<\/p>\n<p class=\"read-more\"> <a class=\"\" href=\"https:\/\/www.cnbb.org.br\/obrigado-frei-hildebrando\/\"> <span class=\"screen-reader-text\">Obrigado, Frei Hildebrando!<\/span> Leia mais &raquo;<\/a><\/p>\n","protected":false},"author":14,"featured_media":0,"comment_status":"closed","ping_status":"open","sticky":false,"template":"","format":"standard","meta":{"site-sidebar-layout":"default","site-content-layout":"default","ast-global-header-display":"","ast-banner-title-visibility":"","ast-main-header-display":"","ast-hfb-above-header-display":"","ast-hfb-below-header-display":"","ast-hfb-mobile-header-display":"","site-post-title":"","ast-breadcrumbs-content":"","ast-featured-img":"","footer-sml-layout":"","theme-transparent-header-meta":"","adv-header-id-meta":"","stick-header-meta":"","header-above-stick-meta":"","header-main-stick-meta":"","header-below-stick-meta":""},"categories":[758],"tags":[],"acf":[],"_links":{"self":[{"href":"https:\/\/www.cnbb.org.br\/cnbb-app\/wp\/v2\/posts\/35405"}],"collection":[{"href":"https:\/\/www.cnbb.org.br\/cnbb-app\/wp\/v2\/posts"}],"about":[{"href":"https:\/\/www.cnbb.org.br\/cnbb-app\/wp\/v2\/types\/post"}],"author":[{"embeddable":true,"href":"https:\/\/www.cnbb.org.br\/cnbb-app\/wp\/v2\/users\/14"}],"replies":[{"embeddable":true,"href":"https:\/\/www.cnbb.org.br\/cnbb-app\/wp\/v2\/comments?post=35405"}],"version-history":[{"count":0,"href":"https:\/\/www.cnbb.org.br\/cnbb-app\/wp\/v2\/posts\/35405\/revisions"}],"wp:attachment":[{"href":"https:\/\/www.cnbb.org.br\/cnbb-app\/wp\/v2\/media?parent=35405"}],"wp:term":[{"taxonomy":"category","embeddable":true,"href":"https:\/\/www.cnbb.org.br\/cnbb-app\/wp\/v2\/categories?post=35405"},{"taxonomy":"post_tag","embeddable":true,"href":"https:\/\/www.cnbb.org.br\/cnbb-app\/wp\/v2\/tags?post=35405"}],"curies":[{"name":"wp","href":"https:\/\/api.w.org\/{rel}","templated":true}]}}