{"id":35409,"date":"2019-09-30T00:00:00","date_gmt":"2019-09-30T03:00:00","guid":{"rendered":"https:\/\/www.cnbb.org.br\/narrativa-e-memoria-integram-o-tema-para-o-54o-dia-mundial-das-comunicacoes\/"},"modified":"2019-09-30T00:00:00","modified_gmt":"2019-09-30T03:00:00","slug":"narrativa-e-memoria-integram-o-tema-para-o-54o-dia-mundial-das-comunicacoes","status":"publish","type":"post","link":"https:\/\/www.cnbb.org.br\/narrativa-e-memoria-integram-o-tema-para-o-54o-dia-mundial-das-comunicacoes\/","title":{"rendered":"Narrativa e mem\u00f3ria integram o tema para o 54\u00ba Dia Mundial das Comunica\u00e7\u00f5es"},"content":{"rendered":"<p style=\"text-align: justify\">A Sala de Imprensa da Santa S\u00e9 divulgou neste s\u00e1bado, 28, o tema da Mensagem do Papa Francisco para o 54\u00ba Dia Mundial das Comunica\u00e7\u00f5es, celebrado em 2 de junho: &#8220;Para que contes aos teus filhos e aos teus netos. A vida se faz hist\u00f3ria\u201d.\u00a0O tema escolhido \u00e9 extra\u00eddo de uma passagem do Livro do \u00caxodo (10,2): &#8220;Para que contes aos teus filhos e aos teus netos. A vida se faz hist\u00f3ria\u201d. No Brasil celebra-se a\u00a0data na solenidade da ascens\u00e3o do Senhor.<\/p>\n<p style=\"text-align: justify\">Com este tema o Papa afirma que a heran\u00e7a da mem\u00f3ria \u00e9 particularmente preciosa na comunica\u00e7\u00e3o. Francisco recordou muitas vezes, que n\u00e3o h\u00e1 futuro sem o enraizamento na hist\u00f3ria vivida. Desta forma, ele nos leva a entender que a mem\u00f3ria n\u00e3o deve ser considerada um &#8220;corpo est\u00e1tico&#8221;, mas uma &#8220;realidade din\u00e2mica&#8221;. Atrav\u00e9s da mem\u00f3ria, se d\u00e1 a transmiss\u00e3o de hist\u00f3rias, esperan\u00e7as, sonhos e experi\u00eancias de uma gera\u00e7\u00e3o \u00e0 outra.<\/p>\n<p style=\"text-align: justify\">Este tema do pr\u00f3ximo Dia Mundial das Comunica\u00e7\u00f5es tamb\u00e9m nos recorda que toda hist\u00f3ria nasce da vida, do encontro com o outro. Portanto, a comunica\u00e7\u00e3o \u00e9 chamada a colocar a mem\u00f3ria em contato com a vida, mediante a narra\u00e7\u00e3o. Para comunicar a for\u00e7a vital do Reino de Deus, Jesus recorreu ao uso de par\u00e1bolas, deixando aos ouvintes a liberdade de aceitar ou n\u00e3o suas narra\u00e7\u00f5es , assim como tamb\u00e9m de transmiti-las.<\/p>\n<p style=\"text-align: justify\">A for\u00e7a de uma hist\u00f3ria \u00e9 expressa pela capacidade de gerar mudan\u00e7as. Uma hist\u00f3ria exemplar, tem uma for\u00e7a transformadora. \u00c9 o que experimentamos quando nos deparamos, atrav\u00e9s da hist\u00f3ria, com a vida dos Santos. Um aspecto que o Santo Padre adotou ao comunicar a &#8220;grande riqueza&#8221; oferecida pelo testemunho da vida dos m\u00e1rtires.<br \/>\nMais uma vez, portanto, o Pont\u00edfice coloca ao centro da sua reflex\u00e3o a pessoa com seus relacionamentos e sua capacidade inata de se comunicar.<\/p>\n<p style=\"text-align: justify\">Por isso, com o tema que escolheu para o pr\u00f3ximo Dia Mundial das Comunica\u00e7\u00f5es, o Papa pede a todos, sem exce\u00e7\u00e3o, para frutificar seu talento: fazer da comunica\u00e7\u00e3o um meio para construir pontes, unir e compartilhar a beleza de ser irm\u00e3os em um tempo marcado por contraposi\u00e7\u00f5es e divis\u00f5es.<\/p>\n<p>Com informa\u00e7\u00f5es do VaticanNews<\/p>\n","protected":false},"excerpt":{"rendered":"<p>&#8220;Para que contes aos teus filhos e aos teus netos. A vida se faz hist\u00f3ria\u201d ser\u00e1 o tema para o pr\u00f3ximo Dia Mundial das Comunica\u00e7\u00f5es<\/p>\n","protected":false},"author":83,"featured_media":2554,"comment_status":"closed","ping_status":"open","sticky":false,"template":"","format":"standard","meta":{"site-sidebar-layout":"default","site-content-layout":"default","ast-global-header-display":"","ast-banner-title-visibility":"","ast-main-header-display":"","ast-hfb-above-header-display":"","ast-hfb-below-header-display":"","ast-hfb-mobile-header-display":"","site-post-title":"","ast-breadcrumbs-content":"","ast-featured-img":"","footer-sml-layout":"","theme-transparent-header-meta":"","adv-header-id-meta":"","stick-header-meta":"","header-above-stick-meta":"","header-main-stick-meta":"","header-below-stick-meta":""},"categories":[784],"tags":[1408],"acf":[],"_links":{"self":[{"href":"https:\/\/www.cnbb.org.br\/cnbb-app\/wp\/v2\/posts\/35409"}],"collection":[{"href":"https:\/\/www.cnbb.org.br\/cnbb-app\/wp\/v2\/posts"}],"about":[{"href":"https:\/\/www.cnbb.org.br\/cnbb-app\/wp\/v2\/types\/post"}],"author":[{"embeddable":true,"href":"https:\/\/www.cnbb.org.br\/cnbb-app\/wp\/v2\/users\/83"}],"replies":[{"embeddable":true,"href":"https:\/\/www.cnbb.org.br\/cnbb-app\/wp\/v2\/comments?post=35409"}],"version-history":[{"count":0,"href":"https:\/\/www.cnbb.org.br\/cnbb-app\/wp\/v2\/posts\/35409\/revisions"}],"wp:featuredmedia":[{"embeddable":true,"href":"https:\/\/www.cnbb.org.br\/cnbb-app\/wp\/v2\/media\/2554"}],"wp:attachment":[{"href":"https:\/\/www.cnbb.org.br\/cnbb-app\/wp\/v2\/media?parent=35409"}],"wp:term":[{"taxonomy":"category","embeddable":true,"href":"https:\/\/www.cnbb.org.br\/cnbb-app\/wp\/v2\/categories?post=35409"},{"taxonomy":"post_tag","embeddable":true,"href":"https:\/\/www.cnbb.org.br\/cnbb-app\/wp\/v2\/tags?post=35409"}],"curies":[{"name":"wp","href":"https:\/\/api.w.org\/{rel}","templated":true}]}}