{"id":35438,"date":"2019-10-02T00:00:00","date_gmt":"2019-10-02T03:00:00","guid":{"rendered":"https:\/\/www.cnbb.org.br\/a-semana-da-vida-2\/"},"modified":"2019-10-02T00:00:00","modified_gmt":"2019-10-02T03:00:00","slug":"a-semana-da-vida-2","status":"publish","type":"post","link":"https:\/\/www.cnbb.org.br\/a-semana-da-vida-2\/","title":{"rendered":"A Semana da Vida"},"content":{"rendered":"<p style=\"text-align: right\"><strong> Dom Fernando Ar\u00eaas Rifan<\/strong><br \/>\n<strong>Bispo da Administra\u00e7\u00e3o Apost\u00f3lica Pessoal S\u00e3o Jo\u00e3o Maria Vianney<\/strong><\/p>\n<p>&nbsp;<\/p>\n<p style=\"text-align: justify\">A Igreja no Brasil realiza, entre os dias 1\u00ba e 7 de outubro, a Semana Nacional da Vida, cujo objetivo \u00e9 celebrar a vida e a dignidade da pessoa humana, desde a sua concep\u00e7\u00e3o (fecunda\u00e7\u00e3o) at\u00e9 \u00e0 sua morte natural. Essa comemora\u00e7\u00e3o culmina no dia 8 com a celebra\u00e7\u00e3o do Dia do Nascituro, para dar destaque \u00e0 import\u00e2ncia do nascituro como ser humano j\u00e1 concebido, que se encontra no ventre materno e goza do direito \u00e0 vida, direito a ser respeitado na sua integridade e dignidade de ser humano, como a de qualquer pessoa j\u00e1 nascida.<\/p>\n<p style=\"text-align: justify\">Durante esses dias, todas as dioceses est\u00e3o convidadas a desenvolver atividades em favor da vida, como realizar ora\u00e7\u00f5es habituais em cada comunidade crist\u00e3, em grupos e em fam\u00edlia, promover encontros de casais, pais e filhos, namorados e noivos; visitar asilos, orfanatos e maternidades, etc., com o intuito de valorizar a vida humana, bem como a dignidade de todo ser humano, especialmente da mulher, dos idosos e das crian\u00e7as.<\/p>\n<p style=\"text-align: justify\">Diante da atual banaliza\u00e7\u00e3o da vida e de opini\u00f5es favor\u00e1veis ao aborto, defendido por in\u00fameras pessoas influentes, \u00e9 importante lembrar que a Igreja compreende as situa\u00e7\u00f5es dif\u00edceis que levam m\u00e3es a abortar, mas, por uma quest\u00e3o de princ\u00edpios, defende com firmeza a vida do nascituro: \u201c\u00c9 verdade que, muitas vezes, a op\u00e7\u00e3o de abortar reveste para a m\u00e3e um car\u00e1ter dram\u00e1tico e doloroso: a decis\u00e3o de se desfazer do fruto concebido n\u00e3o \u00e9 tomada por raz\u00f5es puramente ego\u00edstas ou de comodidade, mas porque se quereriam salvaguardar alguns bens importantes como a pr\u00f3pria sa\u00fade ou um n\u00edvel de vida digno para os outros membros da fam\u00edlia. \u00c0s vezes, temem-se para o nascituro condi\u00e7\u00f5es de exist\u00eancia tais que levam a pensar que seria melhor para ele n\u00e3o nascer. Mas essas e outras raz\u00f5es semelhantes, por mais graves e dram\u00e1ticas que sejam,<em><u> nunca podem justificar a supress\u00e3o deliberada de um ser humano inocente\u201d<\/u><\/em> (S. Jo\u00e3o Paulo II, <em>Evangelium Vitae<\/em> n. 58).<\/p>\n<p style=\"text-align: justify\">E, usando da prerrogativa da infalibilidade pontif\u00edcia, o mesmo Papa define: \u201cCom a autoridade que Cristo conferiu a Pedro e aos seus sucessores, em comunh\u00e3o com os Bispos \u2013 que de v\u00e1rias e repetidas formas condenaram o aborto e que&#8230; apesar de dispersos pelo mundo, afirmaram un\u00e2nime consenso sobre esta doutrina &#8211; declaro que o aborto direto, isto \u00e9, querido como fim ou como meio, constitui sempre uma desordem moral grave, enquanto <u>morte deliberada de um ser humano inocente<\/u>. Tal doutrina est\u00e1 fundada sobre a lei natural e sobre a Palavra de Deus escrita, \u00e9 transmitida pela tradi\u00e7\u00e3o da Igreja e ensinada pelo Magist\u00e9rio ordin\u00e1rio e universal\u201d (ibidem n. 62).<\/p>\n<p style=\"text-align: justify\">Agrade\u00e7amos ao Criador pelo dom da vida que nos deu, e renovemos o nosso compromisso de lutar pela vida daqueles que, como n\u00f3s fomos tamb\u00e9m, ainda n\u00e3o t\u00eam voz, mas que s\u00e3o chamados a um dia agradecerem a Deus por t\u00e3o grande dom. Lutemos pela vida, contra o aborto. Que Nossa Senhora Aparecida, M\u00e3e de Deus que se fez homem, Jesus Cristo, nascituro em seu ventre, proteja todos os nascituros e todo o nosso Brasil.<\/p>\n<p>&nbsp;<\/p>\n","protected":false},"excerpt":{"rendered":"<p>Dom Fernando Ar\u00eaas Rifan Bispo da Administra\u00e7\u00e3o Apost\u00f3lica Pessoal S\u00e3o Jo\u00e3o Maria Vianney &nbsp; A Igreja no Brasil realiza, entre os dias 1\u00ba e 7 de outubro, a Semana Nacional da Vida, cujo objetivo \u00e9 celebrar a vida e a dignidade da pessoa humana, desde a sua concep\u00e7\u00e3o (fecunda\u00e7\u00e3o) at\u00e9 \u00e0 sua morte natural. Essa &hellip;<\/p>\n<p class=\"read-more\"> <a class=\"\" href=\"https:\/\/www.cnbb.org.br\/a-semana-da-vida-2\/\"> <span class=\"screen-reader-text\">A Semana da Vida<\/span> Leia mais &raquo;<\/a><\/p>\n","protected":false},"author":29,"featured_media":0,"comment_status":"closed","ping_status":"open","sticky":false,"template":"","format":"standard","meta":{"site-sidebar-layout":"default","site-content-layout":"default","ast-global-header-display":"","ast-banner-title-visibility":"","ast-main-header-display":"","ast-hfb-above-header-display":"","ast-hfb-below-header-display":"","ast-hfb-mobile-header-display":"","site-post-title":"","ast-breadcrumbs-content":"","ast-featured-img":"","footer-sml-layout":"","theme-transparent-header-meta":"","adv-header-id-meta":"","stick-header-meta":"","header-above-stick-meta":"","header-main-stick-meta":"","header-below-stick-meta":""},"categories":[758],"tags":[],"acf":[],"_links":{"self":[{"href":"https:\/\/www.cnbb.org.br\/cnbb-app\/wp\/v2\/posts\/35438"}],"collection":[{"href":"https:\/\/www.cnbb.org.br\/cnbb-app\/wp\/v2\/posts"}],"about":[{"href":"https:\/\/www.cnbb.org.br\/cnbb-app\/wp\/v2\/types\/post"}],"author":[{"embeddable":true,"href":"https:\/\/www.cnbb.org.br\/cnbb-app\/wp\/v2\/users\/29"}],"replies":[{"embeddable":true,"href":"https:\/\/www.cnbb.org.br\/cnbb-app\/wp\/v2\/comments?post=35438"}],"version-history":[{"count":0,"href":"https:\/\/www.cnbb.org.br\/cnbb-app\/wp\/v2\/posts\/35438\/revisions"}],"wp:attachment":[{"href":"https:\/\/www.cnbb.org.br\/cnbb-app\/wp\/v2\/media?parent=35438"}],"wp:term":[{"taxonomy":"category","embeddable":true,"href":"https:\/\/www.cnbb.org.br\/cnbb-app\/wp\/v2\/categories?post=35438"},{"taxonomy":"post_tag","embeddable":true,"href":"https:\/\/www.cnbb.org.br\/cnbb-app\/wp\/v2\/tags?post=35438"}],"curies":[{"name":"wp","href":"https:\/\/api.w.org\/{rel}","templated":true}]}}