{"id":35440,"date":"2019-10-02T00:00:00","date_gmt":"2019-10-02T03:00:00","guid":{"rendered":"https:\/\/www.cnbb.org.br\/regional-oeste-1-realiza-57a-assembleia-do-povo-de-deus\/"},"modified":"2019-10-02T00:00:00","modified_gmt":"2019-10-02T03:00:00","slug":"regional-oeste-1-realiza-57a-assembleia-do-povo-de-deus","status":"publish","type":"post","link":"https:\/\/www.cnbb.org.br\/regional-oeste-1-realiza-57a-assembleia-do-povo-de-deus\/","title":{"rendered":"Regional Oeste 1 realiza 57\u00aa Assembleia do Povo de Deus, no Mato Grosso do Sul"},"content":{"rendered":"<p style=\"text-align: justify\">Nos dias 28 e 29 de setembro, em sua sede, o regional Oeste 1, se reuniu para ouvir-se e ouvir os gritos que chegam das v\u00e1rias realidades do Mato Grosso do Sul. Iluminados pelas novas Diretrizes Gerais da Evangeliza\u00e7\u00e3o da Igreja no Brasil, que tem como objetivo \u201cevangelizar no Brasil cada vez mais urbano, pelo an\u00fancio da Palavra de Deus, formando disc\u00edpulos e disc\u00edpulas de Jesus Cristo, em comunidades eclesiais mission\u00e1rias, \u00e0 luz da evang\u00e9lica op\u00e7\u00e3o preferencial pelos pobres, cuidando da Casa Comum e testemunhando o Reino de Deus rumo \u00e0 plenitude\u201d; cerca de 50 pessoas arcebispo, bispos, sacerdotes, religiosos, leigos provenientes das 07 dioceses, que comp\u00f5em o regional fizeram um grande exerc\u00edcio de escutarem-se e escutarem a realidade.<\/p>\n<p style=\"text-align: justify\">A ocasi\u00e3o contou com as ilumina\u00e7\u00f5es de assessores do pr\u00f3prio regional, o padre Fabio Antunes do Nascimento, que iluminou o encontro refletindo sobre as Novas Diretrizes, o padre Andr\u00e9 M\u00e1rcio Nogueira, que fez uma leitura da atual conjuntura eclesial do regional. Padre Fabio e padre Andr\u00e9, s\u00e3o do clero da diocese de Coxim, e por fim, escancarando a dura realidade do Mato Grosso do Sul, o professor Edmilson Schinello da Universidade Cat\u00f3lica Dom Bosco, trazendo dados sociais alarmantes da vida do Povo.<\/p>\n<p><a href=\"https:\/\/cnbboeste1.org.br\/57a-assembleia-do-povo-de-deus-para-e-escuta-os-gritos-da-igreja-do-regional-oeste-1\/\" target=\"_blank\" rel=\"noopener\">Confira a not\u00edcia na \u00edntegra.<\/a><\/p>\n","protected":false},"excerpt":{"rendered":"<p>Nos dias 28 e 29 de setembro, em sua sede, o regional Oeste 1, se reuniu para ouvir os gritos que chegam das v\u00e1rias realidades do Mato Grosso do Sul<\/p>\n","protected":false},"author":83,"featured_media":35441,"comment_status":"closed","ping_status":"open","sticky":false,"template":"","format":"standard","meta":{"site-sidebar-layout":"default","site-content-layout":"default","ast-global-header-display":"","ast-banner-title-visibility":"","ast-main-header-display":"","ast-hfb-above-header-display":"","ast-hfb-below-header-display":"","ast-hfb-mobile-header-display":"","site-post-title":"","ast-breadcrumbs-content":"","ast-featured-img":"","footer-sml-layout":"","theme-transparent-header-meta":"","adv-header-id-meta":"","stick-header-meta":"","header-above-stick-meta":"","header-main-stick-meta":"","header-below-stick-meta":""},"categories":[788,769],"tags":[],"acf":[],"_links":{"self":[{"href":"https:\/\/www.cnbb.org.br\/cnbb-app\/wp\/v2\/posts\/35440"}],"collection":[{"href":"https:\/\/www.cnbb.org.br\/cnbb-app\/wp\/v2\/posts"}],"about":[{"href":"https:\/\/www.cnbb.org.br\/cnbb-app\/wp\/v2\/types\/post"}],"author":[{"embeddable":true,"href":"https:\/\/www.cnbb.org.br\/cnbb-app\/wp\/v2\/users\/83"}],"replies":[{"embeddable":true,"href":"https:\/\/www.cnbb.org.br\/cnbb-app\/wp\/v2\/comments?post=35440"}],"version-history":[{"count":0,"href":"https:\/\/www.cnbb.org.br\/cnbb-app\/wp\/v2\/posts\/35440\/revisions"}],"wp:featuredmedia":[{"embeddable":true,"href":"https:\/\/www.cnbb.org.br\/cnbb-app\/wp\/v2\/media\/35441"}],"wp:attachment":[{"href":"https:\/\/www.cnbb.org.br\/cnbb-app\/wp\/v2\/media?parent=35440"}],"wp:term":[{"taxonomy":"category","embeddable":true,"href":"https:\/\/www.cnbb.org.br\/cnbb-app\/wp\/v2\/categories?post=35440"},{"taxonomy":"post_tag","embeddable":true,"href":"https:\/\/www.cnbb.org.br\/cnbb-app\/wp\/v2\/tags?post=35440"}],"curies":[{"name":"wp","href":"https:\/\/api.w.org\/{rel}","templated":true}]}}