{"id":35453,"date":"2019-10-03T00:00:00","date_gmt":"2019-10-03T03:00:00","guid":{"rendered":"https:\/\/www.cnbb.org.br\/por-que-um-sinodo-para-a-amazonia-ii\/"},"modified":"2019-10-03T00:00:00","modified_gmt":"2019-10-03T03:00:00","slug":"por-que-um-sinodo-para-a-amazonia-ii","status":"publish","type":"post","link":"https:\/\/www.cnbb.org.br\/por-que-um-sinodo-para-a-amazonia-ii\/","title":{"rendered":"Por que um S\u00ednodo para a Amaz\u00f4nia? (II)"},"content":{"rendered":"<p style=\"text-align: right\"><strong><em>Dom Jo\u00e3o Justino de Medeiros Silva<br \/>\n<\/em><em>Arcebispode Montes Claros<\/em><\/strong><\/p>\n<p>&nbsp;<\/p>\n<p style=\"text-align: justify\">Acontecer\u00e1 em Roma, nos dias 6 a 27 de outubro do corrente ano, a Assembleia do S\u00ednodo Especial para a Pan-amaz\u00f4nia. O S\u00ednodo foi convocado pelo Papa Francisco em 15 de outubro de 2017 e ter\u00e1 como tema \u201cAmaz\u00f4nia: novos caminhos para a Igreja e para a ecologia integral\u201d. O Papa indicou como finalidade principal \u201cencontrar novos caminhos para a evangeliza\u00e7\u00e3o daquela por\u00e7\u00e3o do Povo de Deus, sobretudo dos ind\u00edgenas, muitas vezes esquecidos e sem a perspectiva de um futuro sereno, tamb\u00e9m por causa da crise da floresta Amaz\u00f4nica, pulm\u00e3o de import\u00e2ncia fundamental para o nosso planeta\u201d.<\/p>\n<p style=\"text-align: justify\">A aten\u00e7\u00e3o para a realidade da Amaz\u00f4nia n\u00e3o \u00e9 uma atitude recente da Igreja no Brasil. Recorde-se do Projeto Igrejas Irm\u00e3s, que tem concretizado relevantes parcerias entre dioceses, especialmente do sul e sudeste com dioceses da regi\u00e3o norte para o envio de mission\u00e1rios \u2013 leigos, religiosos e padres \u2013 e de recursos para a a\u00e7\u00e3o evangelizadora naquelas terras. Outra recorda\u00e7\u00e3o se refere \u00e0 Campanha da Fraternidade de 2007, com o tema \u201cFraternidade e Amaz\u00f4nia\u201d e com o lema \u201cVida e miss\u00e3o neste ch\u00e3o\u201d. Incont\u00e1veis iniciativas poderiam ser aqui lembradas para assinalar que o S\u00ednodo Pan-amaz\u00f4nico se inscreve num hist\u00f3rico de zelo e cuidado pastoral pela regi\u00e3o.<\/p>\n<p style=\"text-align: justify\">No entanto, quando se trata de um S\u00ednodo convocado pelo Papa a tem\u00e1tica ganha uma import\u00e2ncia para toda a Igreja. No cen\u00e1rio eclesial, falar da Amaz\u00f4nia e de sua desafiadora realidade para a evangeliza\u00e7\u00e3o suscita grande interesse e compromisso, mas tamb\u00e9m desconfian\u00e7as e resist\u00eancias. Esse mecanismo de rea\u00e7\u00f5es a favor ou contra \u00e9 muito comum na hist\u00f3ria dos conc\u00edlios e dos s\u00ednodos. Nos dias de hoje, por\u00e9m, qualquer pol\u00eamica \u00e9 facilmente alimentada atrav\u00e9s das redes sociais. E, infelizmente, tem sido comum a prolifera\u00e7\u00e3o de <em>fake News<\/em>, enorme desservi\u00e7o \u00e0 verdade e \u00e0 causa da evangeliza\u00e7\u00e3o. Lamentavelmente, muitos cat\u00f3licos t\u00eam se deixado levar por opositores e agido contra bispos e o papa. Alguns apelam ao desrespeito e \u00e0s agress\u00f5es verbais, ferindo o princ\u00edpio evang\u00e9lico da caridade.<\/p>\n<p style=\"text-align: justify\">Mas a ousadia \u00e9 um tra\u00e7o da personalidade de Francisco e dos bispos que vivem na Amaz\u00f4nia. Eles n\u00e3o hesitam em abrir o di\u00e1logo sobre os temas relevantes para a miss\u00e3o da Igreja, mesmo quando esses temas provocam rea\u00e7\u00f5es apaixonadas. Foi assim com o S\u00ednodo para a Fam\u00edlia e, tamb\u00e9m, com o S\u00ednodo para os Jovens. Francisco sabe que \u00e9 fundamental abrir a palavra para o tema da evangeliza\u00e7\u00e3o na Amaz\u00f4nia, com a expectativa de encontrar novos caminhos para a Igreja e para a ecologia integral. O processo sinodal \u00e9 sempre fecundo. O que o Esp\u00edrito dir\u00e1 \u00e0 Igreja da Amaz\u00f4nia? O que Ele disser passar\u00e1 pela palavra dos participantes do S\u00ednodo. Nossos irm\u00e3os bispos, que cruzam a floresta amaz\u00f4nica e seus rios para manter entre os povos amaz\u00f4nicos a chama da f\u00e9 e a comunh\u00e3o eclesial, s\u00e3o verdadeiros mission\u00e1rios que a Igreja precisa nos dias de hoje. Confiemos na experi\u00eancia, na lucidez e na sabedoria de cada um deles.<\/p>\n<p style=\"text-align: justify\">Finalizemos com as \u00faltimas palavras do Instrumento de Trabalho: \u201cEsperemos que este S\u00ednodo seja uma express\u00e3o concreta da sinodalidade de uma Igreja em sa\u00edda, para que a vida plena que Jesus veio trazer ao mundo (cf. Jo 10,10) chegue a todos, especialmente aos pobres\u201d.<\/p>\n<p style=\"text-align: justify\">\n","protected":false},"excerpt":{"rendered":"<p>Dom Jo\u00e3o Justino de Medeiros Silva Arcebispode Montes Claros &nbsp; Acontecer\u00e1 em Roma, nos dias 6 a 27 de outubro do corrente ano, a Assembleia do S\u00ednodo Especial para a Pan-amaz\u00f4nia. O S\u00ednodo foi convocado pelo Papa Francisco em 15 de outubro de 2017 e ter\u00e1 como tema \u201cAmaz\u00f4nia: novos caminhos para a Igreja e &hellip;<\/p>\n<p class=\"read-more\"> <a class=\"\" href=\"https:\/\/www.cnbb.org.br\/por-que-um-sinodo-para-a-amazonia-ii\/\"> <span class=\"screen-reader-text\">Por que um S\u00ednodo para a Amaz\u00f4nia? (II)<\/span> Leia mais &raquo;<\/a><\/p>\n","protected":false},"author":64,"featured_media":0,"comment_status":"closed","ping_status":"open","sticky":false,"template":"","format":"standard","meta":{"site-sidebar-layout":"default","site-content-layout":"default","ast-global-header-display":"","ast-banner-title-visibility":"","ast-main-header-display":"","ast-hfb-above-header-display":"","ast-hfb-below-header-display":"","ast-hfb-mobile-header-display":"","site-post-title":"","ast-breadcrumbs-content":"","ast-featured-img":"","footer-sml-layout":"","theme-transparent-header-meta":"","adv-header-id-meta":"","stick-header-meta":"","header-above-stick-meta":"","header-main-stick-meta":"","header-below-stick-meta":""},"categories":[758],"tags":[],"acf":[],"_links":{"self":[{"href":"https:\/\/www.cnbb.org.br\/cnbb-app\/wp\/v2\/posts\/35453"}],"collection":[{"href":"https:\/\/www.cnbb.org.br\/cnbb-app\/wp\/v2\/posts"}],"about":[{"href":"https:\/\/www.cnbb.org.br\/cnbb-app\/wp\/v2\/types\/post"}],"author":[{"embeddable":true,"href":"https:\/\/www.cnbb.org.br\/cnbb-app\/wp\/v2\/users\/64"}],"replies":[{"embeddable":true,"href":"https:\/\/www.cnbb.org.br\/cnbb-app\/wp\/v2\/comments?post=35453"}],"version-history":[{"count":0,"href":"https:\/\/www.cnbb.org.br\/cnbb-app\/wp\/v2\/posts\/35453\/revisions"}],"wp:attachment":[{"href":"https:\/\/www.cnbb.org.br\/cnbb-app\/wp\/v2\/media?parent=35453"}],"wp:term":[{"taxonomy":"category","embeddable":true,"href":"https:\/\/www.cnbb.org.br\/cnbb-app\/wp\/v2\/categories?post=35453"},{"taxonomy":"post_tag","embeddable":true,"href":"https:\/\/www.cnbb.org.br\/cnbb-app\/wp\/v2\/tags?post=35453"}],"curies":[{"name":"wp","href":"https:\/\/api.w.org\/{rel}","templated":true}]}}