{"id":35456,"date":"2019-10-03T00:00:00","date_gmt":"2019-10-03T03:00:00","guid":{"rendered":"https:\/\/www.cnbb.org.br\/sinodo-espaco-de-dialogo-e-discernimento\/"},"modified":"2019-10-03T00:00:00","modified_gmt":"2019-10-03T03:00:00","slug":"sinodo-espaco-de-dialogo-e-discernimento","status":"publish","type":"post","link":"https:\/\/www.cnbb.org.br\/sinodo-espaco-de-dialogo-e-discernimento\/","title":{"rendered":"S\u00ednodo: espa\u00e7o de di\u00e1logo e discernimento"},"content":{"rendered":"<p style=\"text-align: right\"><strong>Dom Jaime Spengler<\/strong><br \/>\n<strong>Arcebispo de Porto Alegre\u00a0<\/strong><\/p>\n<p style=\"text-align: justify\">\nO S\u00ednodo especial para a regi\u00e3o Pan-Amaz\u00f4nica, que inicia neste domingo (6), no Vaticano, representa uma oportunidade para a Igreja rever sua metodologia de atua\u00e7\u00e3o evangelizadora e sua pr\u00e1tica pastoral, buscando novos caminhos para ser presen\u00e7a ainda mais eficaz naquela regi\u00e3o.<\/p>\n<p>A prepara\u00e7\u00e3o do S\u00ednodo originou muitos debates. Suscitou pol\u00eamica o conceito de ecologia integral. O Papa Francisco explica que o conceito requer \u201cabertura para categorias que transcendem a linguagem das ci\u00eancias exatas ou da biologia e nos p\u00f5em em contato com a ess\u00eancia do ser humano. (&#8230;) Uma ecologia integral exige que se dedique algum tempo para recuperar a harmonia serena com a cria\u00e7\u00e3o, refletir sobre o nosso estilo de vida e os nossos ideais, contemplar o Criador, que vive entre n\u00f3s e naquilo que nos rodeia e cuja presen\u00e7a n\u00e3o precisa ser criada, mas descoberta, desvendada\u201d (Papa Francisco). Al\u00e9m disso, \u00e9 necess\u00e1rio ter presente que o ambiente situa-se na l\u00f3gica da recep\u00e7\u00e3o. \u00c9 um empr\u00e9stimo que cada gera\u00e7\u00e3o recebe e deve transmitir \u00e0 gera\u00e7\u00e3o seguinte.<\/p>\n<p>Precede a celebra\u00e7\u00e3o da assembleia sinodal um amplo processo de escuta dos povos e das comunidades daquela imensa regi\u00e3o.<\/p>\n<p>Durante os trabalhos da assembleia, os Bispos s\u00e3o chamados a desenvolver a obra do discernimento, a fim de propor caminhos para o an\u00fancio do Evangelho de Jesus Cristo junto \u00e0quela realidade. Caber\u00e1, depois, ao Papa Francisco avaliar as propostas apresentadas e de acordo com o Evangelho, a tradi\u00e7\u00e3o da Igreja e as novas exig\u00eancias que o tempo atual apresenta para a Igreja, decidir quais caminhos empreender para que ela cumpra a sua miss\u00e3o de anunciar o Evangelho a todos os povos.<\/p>\n<p>A regi\u00e3o Pan-Amaz\u00f4nica, al\u00e9m de cidades importantes, conserva uma variedade de povos nativos com suas culturas. Ora, desde o seu nascimento, o cristianismo tocou e se deixou tocar por outras culturas, colhendo dessas elementos e caracter\u00edsticas. Isso diz de um processo de incultura\u00e7\u00e3o, ou seja, de inser\u00e7\u00e3o da mensagem crist\u00e3 em diversas regi\u00f5es e contextos sociais, por meio de um processo de di\u00e1logo com o universo simb\u00f3lico dos povos com os quais o Evangelho entrou em contato.<\/p>\n<p>Construir novos caminhos para a Igreja e para uma ecologia integral requer capacidade para o di\u00e1logo, ora\u00e7\u00e3o e sincero compromisso com a miss\u00e3o de cooperar ativamente na constru\u00e7\u00e3o de uma \u201cTerra sem males\u201d, segundo os crit\u00e9rios do Evangelho.<\/p>\n","protected":false},"excerpt":{"rendered":"<p>Dom Jaime Spengler Arcebispo de Porto Alegre\u00a0 O S\u00ednodo especial para a regi\u00e3o Pan-Amaz\u00f4nica, que inicia neste domingo (6), no Vaticano, representa uma oportunidade para a Igreja rever sua metodologia de atua\u00e7\u00e3o evangelizadora e sua pr\u00e1tica pastoral, buscando novos caminhos para ser presen\u00e7a ainda mais eficaz naquela regi\u00e3o. A prepara\u00e7\u00e3o do S\u00ednodo originou muitos debates. &hellip;<\/p>\n<p class=\"read-more\"> <a class=\"\" href=\"https:\/\/www.cnbb.org.br\/sinodo-espaco-de-dialogo-e-discernimento\/\"> <span class=\"screen-reader-text\">S\u00ednodo: espa\u00e7o de di\u00e1logo e discernimento<\/span> Leia mais &raquo;<\/a><\/p>\n","protected":false},"author":11,"featured_media":0,"comment_status":"closed","ping_status":"open","sticky":false,"template":"","format":"standard","meta":{"site-sidebar-layout":"default","site-content-layout":"default","ast-global-header-display":"","ast-banner-title-visibility":"","ast-main-header-display":"","ast-hfb-above-header-display":"","ast-hfb-below-header-display":"","ast-hfb-mobile-header-display":"","site-post-title":"","ast-breadcrumbs-content":"","ast-featured-img":"","footer-sml-layout":"","theme-transparent-header-meta":"","adv-header-id-meta":"","stick-header-meta":"","header-above-stick-meta":"","header-main-stick-meta":"","header-below-stick-meta":""},"categories":[758],"tags":[],"acf":[],"_links":{"self":[{"href":"https:\/\/www.cnbb.org.br\/cnbb-app\/wp\/v2\/posts\/35456"}],"collection":[{"href":"https:\/\/www.cnbb.org.br\/cnbb-app\/wp\/v2\/posts"}],"about":[{"href":"https:\/\/www.cnbb.org.br\/cnbb-app\/wp\/v2\/types\/post"}],"author":[{"embeddable":true,"href":"https:\/\/www.cnbb.org.br\/cnbb-app\/wp\/v2\/users\/11"}],"replies":[{"embeddable":true,"href":"https:\/\/www.cnbb.org.br\/cnbb-app\/wp\/v2\/comments?post=35456"}],"version-history":[{"count":0,"href":"https:\/\/www.cnbb.org.br\/cnbb-app\/wp\/v2\/posts\/35456\/revisions"}],"wp:attachment":[{"href":"https:\/\/www.cnbb.org.br\/cnbb-app\/wp\/v2\/media?parent=35456"}],"wp:term":[{"taxonomy":"category","embeddable":true,"href":"https:\/\/www.cnbb.org.br\/cnbb-app\/wp\/v2\/categories?post=35456"},{"taxonomy":"post_tag","embeddable":true,"href":"https:\/\/www.cnbb.org.br\/cnbb-app\/wp\/v2\/tags?post=35456"}],"curies":[{"name":"wp","href":"https:\/\/api.w.org\/{rel}","templated":true}]}}