{"id":35470,"date":"2019-10-04T00:00:00","date_gmt":"2019-10-04T03:00:00","guid":{"rendered":"https:\/\/www.cnbb.org.br\/em-dia-de-sao-francisco-presidente-da-cnbb-reinaugura-templo-dedicado-ao-santo\/"},"modified":"2019-10-04T00:00:00","modified_gmt":"2019-10-04T03:00:00","slug":"em-dia-de-sao-francisco-presidente-da-cnbb-reinaugura-templo-dedicado-ao-santo","status":"publish","type":"post","link":"https:\/\/www.cnbb.org.br\/em-dia-de-sao-francisco-presidente-da-cnbb-reinaugura-templo-dedicado-ao-santo\/","title":{"rendered":"Em dia de S\u00e3o Francisco, presidente da CNBB reinaugura templo dedicado ao santo"},"content":{"rendered":"<p style=\"text-align: justify\">Hoje, 4 de outubro, o arcebispo de Belo Horizonte (MG) e presidente da Confer\u00eancia Nacional dos Bispos do Brasil (CNBB), dom Walmor Oliveira de Azevedo reinaugurou a Igrejinha da Pampulha, dedicada a S\u00e3o Francisco de Assis, padroeiro da Natureza e dos animais.<\/p>\n<p style=\"text-align: justify\">Durante um ano e tr\u00eas meses, o templo passou por um trabalho de restaura\u00e7\u00e3o, com obra executada pela prefeitura de Belo Horizonte com recursos do Instituto do Patrim\u00f4nio Hist\u00f3rico e Art\u00edstico Nacional (Iphan). O pr\u00e9dio apresentava problemas estruturais e de infiltra\u00e7\u00e3o, fato que impedia a realiza\u00e7\u00e3o de celebra\u00e7\u00f5es, visita\u00e7\u00e3o de turistas e colocava em risco as obras de arte, como os pain\u00e9is do altar e a via sacra do pintor C\u00e2ndido Portinari no interior da Igrejinha.<\/p>\n<blockquote>\n<p style=\"text-align: justify\"><em>\u201cNossos cora\u00e7\u00f5es se alegram pela restaura\u00e7\u00e3o deste conjunto arquitet\u00f4nico da mais alta import\u00e2ncia para a capital mineira, dedicada \u00e0 S\u00e3o Francisco de Assis, o pai inspirador da ecologia integral\u201d<\/em>, disse dom Walmor.<\/p>\n<\/blockquote>\n<figure id=\"attachment_226642\" aria-describedby=\"caption-attachment-226642\" style=\"width: 300px\" class=\"wp-caption alignright\"><a href=\"http:\/\/www.cnbb.org.br\/em-dia-de-sao-francisco-presidente-da-cnbb-reinaugura-templo-dedicado-ao-santo\/pampulha\/\" rel=\"attachment wp-att-226642\"><img decoding=\"async\" loading=\"lazy\" class=\"wp-image-226642 size-medium\" src=\"https:\/\/www.cnbb.org.br\/wp-content\/uploads\/2020\/03\/Pampulha-300x200.jpg\" alt=\"\" width=\"300\" height=\"200\" \/><\/a><figcaption id=\"caption-attachment-226642\" class=\"wp-caption-text\">Painel de C\u00e2ndido Portinari. Foto: Ascom Arquidiocese de Belo Horizonte (MG).<\/figcaption><\/figure>\n<p style=\"text-align: justify\">Para o presidente da CNBB, o local pode se tornar uma escola de aprendizagem da Ecologia Integral, como inspira S\u00e3o Francisco, com novos modos de viver os relacionamentos uns com os outros e tamb\u00e9m de organizar a economia, o social, a pol\u00edtica e a rela\u00e7\u00e3o com o meio ambiente.\u00a0Inspirado pelo gesto do Papa Francisco, dom Walmor, na solenidade de inaugura\u00e7\u00e3o, tamb\u00e9m plantou uma \u00e1rvore, um p\u00e9 de ip\u00ea-roxo-de-bola, em frente \u00e0 Igreja da Pampulha.<\/p>\n<p style=\"text-align: justify\">Segundo a presidente do Iphan, K\u00e1tia Borg\u00e9a, a Igreja da Pampulha \u00e9 um dos marcos do movimento modernista na arquitetura n\u00e3o s\u00f3 para o Brasil mas para o mundo. O templo, projetado pelo arquiteto Oscar Niemeyer, se tornou um dos mais importantes cart\u00f5es postais da cidade e uma\u00a0das principais atra\u00e7\u00f5es do conjunto arquitet\u00f4nico e urban\u00edstico da Pampulha.<\/p>\n<figure id=\"attachment_226648\" aria-describedby=\"caption-attachment-226648\" style=\"width: 300px\" class=\"wp-caption alignleft\"><a href=\"http:\/\/www.cnbb.org.br\/em-dia-de-sao-francisco-presidente-da-cnbb-reinaugura-templo-dedicado-ao-santo\/pampulha-2\/\" rel=\"attachment wp-att-226648\"><img decoding=\"async\" loading=\"lazy\" class=\"wp-image-226648 size-medium\" src=\"https:\/\/www.cnbb.org.br\/wp-content\/uploads\/2020\/03\/Pampulha-1-300x200.jpg\" alt=\"\" width=\"300\" height=\"200\" \/><\/a><figcaption id=\"caption-attachment-226648\" class=\"wp-caption-text\">Foto: Raphael Calixto<\/figcaption><\/figure>\n<p style=\"text-align: justify\">A Igreja S\u00e3o Francisco de Assis \u00e9 emoldurada pelas \u00e1guas da lagoa e re\u00fane o trabalho do arquiteto Oscar Niemeyer, do paisagista Burle Marx e do pintor C\u00e2ndido Portinari. A combina\u00e7\u00e3o gerou a constru\u00e7\u00e3o em tons azuis, com linhas e curvas totalmente revestida por azulejos e pelos pain\u00e9is de C\u00e2ndido Portinari que retratam a Via Sacra e a imagem de S\u00e3o Francisco.<\/p>\n<p style=\"text-align: justify\">A Igreja da Pampulha \u00e9 tombada pelo IPHAN, pelo Instituto Estadual do Patrim\u00f4nio Hist\u00f3rico e Art\u00edstico de Minas Gerais e pela Ger\u00eancia do Patrim\u00f4nio Municipal.<\/p>\n","protected":false},"excerpt":{"rendered":"<p>Em sintonia com o Papa, dom Walmor tamb\u00e9m planta uma \u00e1rvore, um Ip\u00ea roxo, em frente \u00e0 Igreja no complexo da Pampulha<\/p>\n","protected":false},"author":83,"featured_media":35472,"comment_status":"closed","ping_status":"open","sticky":false,"template":"","format":"standard","meta":{"site-sidebar-layout":"default","site-content-layout":"default","ast-global-header-display":"","ast-banner-title-visibility":"","ast-main-header-display":"","ast-hfb-above-header-display":"","ast-hfb-below-header-display":"","ast-hfb-mobile-header-display":"","site-post-title":"","ast-breadcrumbs-content":"","ast-featured-img":"","footer-sml-layout":"","theme-transparent-header-meta":"","adv-header-id-meta":"","stick-header-meta":"","header-above-stick-meta":"","header-main-stick-meta":"","header-below-stick-meta":""},"categories":[797],"tags":[],"acf":[],"_links":{"self":[{"href":"https:\/\/www.cnbb.org.br\/cnbb-app\/wp\/v2\/posts\/35470"}],"collection":[{"href":"https:\/\/www.cnbb.org.br\/cnbb-app\/wp\/v2\/posts"}],"about":[{"href":"https:\/\/www.cnbb.org.br\/cnbb-app\/wp\/v2\/types\/post"}],"author":[{"embeddable":true,"href":"https:\/\/www.cnbb.org.br\/cnbb-app\/wp\/v2\/users\/83"}],"replies":[{"embeddable":true,"href":"https:\/\/www.cnbb.org.br\/cnbb-app\/wp\/v2\/comments?post=35470"}],"version-history":[{"count":0,"href":"https:\/\/www.cnbb.org.br\/cnbb-app\/wp\/v2\/posts\/35470\/revisions"}],"wp:featuredmedia":[{"embeddable":true,"href":"https:\/\/www.cnbb.org.br\/cnbb-app\/wp\/v2\/media\/35472"}],"wp:attachment":[{"href":"https:\/\/www.cnbb.org.br\/cnbb-app\/wp\/v2\/media?parent=35470"}],"wp:term":[{"taxonomy":"category","embeddable":true,"href":"https:\/\/www.cnbb.org.br\/cnbb-app\/wp\/v2\/categories?post=35470"},{"taxonomy":"post_tag","embeddable":true,"href":"https:\/\/www.cnbb.org.br\/cnbb-app\/wp\/v2\/tags?post=35470"}],"curies":[{"name":"wp","href":"https:\/\/api.w.org\/{rel}","templated":true}]}}