{"id":35483,"date":"2019-10-07T00:00:00","date_gmt":"2019-10-07T03:00:00","guid":{"rendered":"https:\/\/www.cnbb.org.br\/segundo-vice-presidente-da-cnbb-visita-7-comunidades-indigenas-da-raposa-serra-do-sol\/"},"modified":"2020-10-23T14:56:14","modified_gmt":"2020-10-23T17:56:14","slug":"segundo-vice-presidente-da-cnbb-visita-7-comunidades-indigenas-da-raposa-serra-do-sol","status":"publish","type":"post","link":"https:\/\/www.cnbb.org.br\/segundo-vice-presidente-da-cnbb-visita-7-comunidades-indigenas-da-raposa-serra-do-sol\/","title":{"rendered":"Segundo vice-presidente da CNBB visita sete comunidades ind\u00edgenas da Raposa Serra do Sol"},"content":{"rendered":"<div style=\"text-align: justify\"><a href=\"http:\/\/www.cnbb.org.br\/segundo-vice-presidente-da-cnbb-visita-7-comunidades-indigenas-da-raposa-serra-do-sol\/comunidade-popo-1004x669\/\" rel=\"attachment wp-att-226729\"><img decoding=\"async\" loading=\"lazy\" class=\"size-medium wp-image-226729 alignright\" src=\"https:\/\/www.cnbb.org.br\/wp-content\/uploads\/2020\/03\/Comunidade-Pop\u00f3-1004x669-300x200-1.jpg\" alt=\"\" width=\"300\" height=\"200\" \/><\/a>As v\u00e9speras do S\u00ednodo, sete comunidades ind\u00edgenas da Terra Ind\u00edgena Raposa Serra do Sol receberam a visita do bispo de Roraima, dom M\u00e1rio Ant\u00f4nio da Silva, segundo vice-presidente da Confer\u00eancia Nacional dos Bispos do Brasil (CNBB), entre os dias 26 e 29 de setembro.<\/div>\n<div style=\"text-align: justify\"><span style=\"text-align: justify\"><br \/>\nUma comitiva mission\u00e1ria de 24 pessoas, formada por padres Mission\u00e1rios da Consolata, leigas mission\u00e1rias de Manaus (AM) e Boa Vista (RR) e lideran\u00e7as das comunidades ind\u00edgenas, acompanhou o bispo nas visitas, onde estavam programadas dedica\u00e7\u00f5es do altar de igrejas, inaugura\u00e7\u00e3o de um audit\u00f3rio e de um maloc\u00e3o, batizados, casamentos e crisma.<\/span><\/div>\n<div style=\"text-align: justify\">\n<p>Em todas as comunidades visitadas (Maturuca, Caxirim\u00e3, Pop\u00f3, Wilimon, Tabatinga, Enseada e S\u00e3o Mateus) os mission\u00e1rios foram acolhidos pelas lideran\u00e7as, pelo Tuxaua (o cacique) e pelas crian\u00e7as e jovens, que cantavam e dan\u00e7avam, vestidas com trajes t\u00edpicos. As comunidades ind\u00edgenas da regi\u00e3o da Raposa Serra do Sol est\u00e3o divididas em 9 centros: Maturuca, Wilimon, Morro, Pedra Branca, S\u00e3o Mateus, Caraparu, Carapan\u00e3, Pedra Preta e Campo Formoso. Cada um deles abrange diversas comunidades ind\u00edgenas de etnias: Macuxi, Wapichana, Patamona, Igarico, Tauripang.<\/p>\n<p>Ao todo foram tr\u00eas casamentos, 32 batizados e 83 jovens crismados. Estes no domingo, dia 29 de setembro, \u00a0na comunidade da Enseada, que recebeu, pela primeira vez, dom M\u00e1rio Ant\u00f4nio. Os jovens crismandos estavam vestidos com uma camiseta vermelha estampada na frente com os dons do Esp\u00edrito Santo e atr\u00e1s com o nome da comunidade e 0 logo da CNBB. Dom M\u00e1rio agradeceu e elogiou a homenagem in\u00e9dita aos bispos do Brasil. Sua homilia foi voltada para a juventude, convidando-os a serem o melhor que puderem para Deus, a comunidade e a sociedade.<\/p>\n<\/div>\n<div style=\"text-align: justify\">\n<figure id=\"attachment_226730\" aria-describedby=\"caption-attachment-226730\" style=\"width: 300px\" class=\"wp-caption alignleft\"><a href=\"http:\/\/www.cnbb.org.br\/segundo-vice-presidente-da-cnbb-visita-7-comunidades-indigenas-da-raposa-serra-do-sol\/comunidade-enseada-1024x683\/\" rel=\"attachment wp-att-226730\"><img decoding=\"async\" loading=\"lazy\" class=\"size-medium wp-image-226730\" src=\"https:\/\/www.cnbb.org.br\/wp-content\/uploads\/2020\/03\/Comunidade-Enseada-1024x683-300x200-1.jpg\" alt=\"\" width=\"300\" height=\"200\" \/><\/a><figcaption id=\"caption-attachment-226730\" class=\"wp-caption-text\">Dom M\u00e1rio na comunidade Enseada onde crismou 83 jovens. Foto: Karina Carvalho.<\/figcaption><\/figure>\n<p>Ap\u00f3s esses quatro dias de visita mission\u00e1ria, dom M\u00e1rio Ant\u00f4nio afirmou que essa experi\u00eancia o ajuda a se preparar melhor para o S\u00ednodo da Amaz\u00f4nia, que teve in\u00edcio no \u00faltimo dia 6 de outubro.<\/p>\n<p>\u201cLevo no cora\u00e7\u00e3o, dilatado de alegria, essa experi\u00eancia nesses dias aqui nas comunidades ind\u00edgenas da Raposa Serra do Sol para o S\u00ednodo especial para a Amaz\u00f4nia, onde o Papa Francisco nos convoca a fazer a experi\u00eancia da escuta, da celebra\u00e7\u00e3o, da incultura\u00e7\u00e3o, do estar junto com os povos ind\u00edgenas, com todas as comunidades da Amaz\u00f4nia\u201d, disse dom M\u00e1rio, que tamb\u00e9m pedia a todas as comunidades para acompanharem o S\u00ednodo com a ora\u00e7\u00e3o, amor e carinho.<\/p>\n<p>No v\u00eddeo abaixo, dom M\u00e1rio conta como foi a experi\u00eancia. Para ele, pisar em terras ind\u00edgenas e pisar no Estado do Vaticano \u00e9 um mesmo novo caminho, \u00e9 uma mesma sintonia. \u201cS\u00e3o duas terras sagradas que se confluem no mesmo objetivo: defender a vida, em novos caminhos de Evangeliza\u00e7\u00e3o e para uma ecologia integral\u201d, disse.<\/p>\n<\/div>\n<div><\/div>\n<div><\/div>\n<div><\/div>\n<div><\/div>\n<div><\/div>\n<div style=\"text-align: justify\">Veja o relato da experi\u00eancia:<\/div>\n<div><\/div>\n<div><a href=\"https:\/\/youtu.be\/1wbulP7O9V0\" data-rel=\"lightbox-video-0\" target=\"_blank\" rel=\"noopener\">https:\/\/youtu.be\/1wbulP7O9V0<\/a><\/div>\n<div><\/div>\n<div style=\"text-align: justify\">Colabora\u00e7\u00e3o de Karina Carvalho<\/div>\n","protected":false},"excerpt":{"rendered":"<p>&#8220;Pisar em terras ind\u00edgenas e no Vaticano \u00e9 parte de um mesmo caminho que se conflui na defesa da ecologia integral&#8221;, disse dom M\u00e1rio<\/p>\n","protected":false},"author":83,"featured_media":35484,"comment_status":"closed","ping_status":"open","sticky":false,"template":"","format":"standard","meta":{"site-sidebar-layout":"default","site-content-layout":"default","ast-global-header-display":"","ast-banner-title-visibility":"","ast-main-header-display":"","ast-hfb-above-header-display":"","ast-hfb-below-header-display":"","ast-hfb-mobile-header-display":"","site-post-title":"","ast-breadcrumbs-content":"","ast-featured-img":"","footer-sml-layout":"","theme-transparent-header-meta":"","adv-header-id-meta":"","stick-header-meta":"","header-above-stick-meta":"","header-main-stick-meta":"","header-below-stick-meta":""},"categories":[1],"tags":[1900],"acf":[],"_links":{"self":[{"href":"https:\/\/www.cnbb.org.br\/cnbb-app\/wp\/v2\/posts\/35483"}],"collection":[{"href":"https:\/\/www.cnbb.org.br\/cnbb-app\/wp\/v2\/posts"}],"about":[{"href":"https:\/\/www.cnbb.org.br\/cnbb-app\/wp\/v2\/types\/post"}],"author":[{"embeddable":true,"href":"https:\/\/www.cnbb.org.br\/cnbb-app\/wp\/v2\/users\/83"}],"replies":[{"embeddable":true,"href":"https:\/\/www.cnbb.org.br\/cnbb-app\/wp\/v2\/comments?post=35483"}],"version-history":[{"count":0,"href":"https:\/\/www.cnbb.org.br\/cnbb-app\/wp\/v2\/posts\/35483\/revisions"}],"wp:featuredmedia":[{"embeddable":true,"href":"https:\/\/www.cnbb.org.br\/cnbb-app\/wp\/v2\/media\/35484"}],"wp:attachment":[{"href":"https:\/\/www.cnbb.org.br\/cnbb-app\/wp\/v2\/media?parent=35483"}],"wp:term":[{"taxonomy":"category","embeddable":true,"href":"https:\/\/www.cnbb.org.br\/cnbb-app\/wp\/v2\/categories?post=35483"},{"taxonomy":"post_tag","embeddable":true,"href":"https:\/\/www.cnbb.org.br\/cnbb-app\/wp\/v2\/tags?post=35483"}],"curies":[{"name":"wp","href":"https:\/\/api.w.org\/{rel}","templated":true}]}}