{"id":35486,"date":"2019-10-07T00:00:00","date_gmt":"2019-10-07T03:00:00","guid":{"rendered":"https:\/\/www.cnbb.org.br\/papa-francisco-abre-os-trabalhos-do-sinodo-para-a-amazonia-com-oracao-cantos-e-procissao\/"},"modified":"2020-10-23T13:46:23","modified_gmt":"2020-10-23T16:46:23","slug":"papa-francisco-abre-os-trabalhos-do-sinodo-para-a-amazonia-com-oracao-cantos-e-procissao","status":"publish","type":"post","link":"https:\/\/www.cnbb.org.br\/papa-francisco-abre-os-trabalhos-do-sinodo-para-a-amazonia-com-oracao-cantos-e-procissao\/","title":{"rendered":"Papa Francisco abre os trabalhos do S\u00ednodo para a Amaz\u00f4nia"},"content":{"rendered":"<p>Manuela Castro &#8211; Cidade do Vaticano<\/p>\n<p style=\"text-align: justify\">A abertura dos trabalhos do S\u00ednodo dos Bispos sobre a Amaz\u00f4nia se deu com ora\u00e7\u00e3o, m\u00fasica e prociss\u00e3o. Os participantes do S\u00ednodo se reuniram diante do t\u00famulo de S\u00e3o Pedro, na Bas\u00edlica Vaticana, fizeram ora\u00e7\u00f5es, ouviram cantos, inclusive um da regi\u00e3o amaz\u00f4nica, e seguiram em prociss\u00e3o ao lado do Papa Francisco.<\/p>\n<p style=\"text-align: justify\"><a href=\"http:\/\/www.cnbb.org.br\/papa-francisco-abre-os-trabalhos-do-sinodo-para-a-amazonia-com-oracao-cantos-e-procissao\/whatsapp-image-2019-10-07-at-16-42-25\/\" rel=\"attachment wp-att-226744\"><img decoding=\"async\" loading=\"lazy\" class=\"size-medium wp-image-226744 alignleft\" src=\"https:\/\/www.cnbb.org.br\/wp-content\/uploads\/2020\/03\/WhatsApp-Image-2019-10-07-at-16.42.25-225x300.jpeg\" alt=\"\" width=\"225\" height=\"300\" \/><\/a>O caminho para a sala sinodal ficou cheio de bispos, religiosos, leigos e \u00edndios que v\u00e3o contribuir, durante tr\u00eas semanas, para as discuss\u00f5es sobre os novos caminhos de evangeliza\u00e7\u00e3o na regi\u00e3o amaz\u00f4nica. Muitos carregavam cartazes com imagens de m\u00e1rtires, outros levavam objetos da cultura ind\u00edgena, como barcos e redes.<\/p>\n<p style=\"text-align: justify\">J\u00e1 na sala de trabalhos, o Papa fez a sauda\u00e7\u00e3o inicial. Ele destacou o trabalho de milhares de pessoas na prepara\u00e7\u00e3o do S\u00ednodo, na escuta das necessidades da popula\u00e7\u00e3o amaz\u00f4nica e nos eventos pr\u00e9-sinodais. Francisco lembrou que tudo o que for discutido a partir de agora precisa ser visto pelos mais diversos \u00e2ngulos. \u201cAs discuss\u00f5es que come\u00e7am hoje precisam envolver quatro dimens\u00f5es: pastoral, cultural, social e ecol\u00f3gica\u201d.<\/p>\n<p style=\"text-align: justify\">Por fim, o Papa pediu aten\u00e7\u00e3o aos participantes para que n\u00e3o criem dois S\u00ednodos, \u201co do lado de dentro e o do lado de fora\u201d, referindo-se \u00e0s informa\u00e7\u00f5es que devem ser repassadas aos jornalistas com prud\u00eancia. \u201cUma informa\u00e7\u00e3o impudente leva a equ\u00edvocos\u201d, alertou o pont\u00edfice.<a href=\"http:\/\/www.cnbb.org.br\/papa-francisco-abre-os-trabalhos-do-sinodo-para-a-amazonia-com-oracao-cantos-e-procissao\/whatsapp-image-2019-10-07-at-16-42-24\/\" rel=\"attachment wp-att-226745\"><img decoding=\"async\" loading=\"lazy\" class=\"size-medium wp-image-226745 alignright\" src=\"https:\/\/www.cnbb.org.br\/wp-content\/uploads\/2020\/03\/WhatsApp-Image-2019-10-07-at-16.42.24-300x225.jpeg\" alt=\"\" width=\"300\" height=\"225\" \/><\/a><\/p>\n<p style=\"text-align: justify\">Em seguida, o relator-geral do S\u00ednodo para a Amaz\u00f4nia e presidente da Rede Eclesial Pan-amaz\u00f4nica (REPAM), cardeal Cl\u00e1udio Hummes, afirmou em sua sauda\u00e7\u00e3o inicial que a Igreja precisa definir novos caminhos. \u201cEla (a Igreja) n\u00e3o pode ficar sentada em casa, cuidando de si mesma, cercada de muros de prote\u00e7\u00e3o. Muito menos ficar olhando para tr\u00e1s com certa nostalgia de tempos passados. Precisa abrir as portas, derrubar muros que a cercam e construir pontes, sair e p\u00f4r-se a caminho na hist\u00f3ria\u201d, explicou o cardeal Hummes.<\/p>\n<p style=\"text-align: justify\">J\u00e1 o secret\u00e1rio-geral do S\u00ednodo dos Bispos, o cardeal Lorenzo Baldisseri, usou seu pronunciamento durante a sess\u00e3o inaugural da assembleia especial para a regi\u00e3o Pan-Amaz\u00f4nica para refor\u00e7ar os dois principais objetivos do evento: \u201cA Amaz\u00f4nia \u00e9 uma terra de miss\u00e3o, com caracter\u00edsticas pr\u00f3prias, que exigem de n\u00f3s adequadas propostas para dar uma resposta \u00e0 necessidade de evangelizar. Por outro lado, o S\u00ednodo dever\u00e1 enfrentar a provoca\u00e7\u00e3o causada pela quest\u00e3o ambiental, respondendo com uma ecologia integral\u201d.<\/p>\n","protected":false},"excerpt":{"rendered":"<p>Os participantes do S\u00ednodo se reuniram diante do t\u00famulo de S\u00e3o Pedro<\/p>\n","protected":false},"author":83,"featured_media":35488,"comment_status":"closed","ping_status":"open","sticky":false,"template":"","format":"standard","meta":{"site-sidebar-layout":"default","site-content-layout":"default","ast-global-header-display":"","ast-banner-title-visibility":"","ast-main-header-display":"","ast-hfb-above-header-display":"","ast-hfb-below-header-display":"","ast-hfb-mobile-header-display":"","site-post-title":"","ast-breadcrumbs-content":"","ast-featured-img":"","footer-sml-layout":"","theme-transparent-header-meta":"","adv-header-id-meta":"","stick-header-meta":"","header-above-stick-meta":"","header-main-stick-meta":"","header-below-stick-meta":""},"categories":[1078],"tags":[1424],"acf":[],"_links":{"self":[{"href":"https:\/\/www.cnbb.org.br\/cnbb-app\/wp\/v2\/posts\/35486"}],"collection":[{"href":"https:\/\/www.cnbb.org.br\/cnbb-app\/wp\/v2\/posts"}],"about":[{"href":"https:\/\/www.cnbb.org.br\/cnbb-app\/wp\/v2\/types\/post"}],"author":[{"embeddable":true,"href":"https:\/\/www.cnbb.org.br\/cnbb-app\/wp\/v2\/users\/83"}],"replies":[{"embeddable":true,"href":"https:\/\/www.cnbb.org.br\/cnbb-app\/wp\/v2\/comments?post=35486"}],"version-history":[{"count":0,"href":"https:\/\/www.cnbb.org.br\/cnbb-app\/wp\/v2\/posts\/35486\/revisions"}],"wp:featuredmedia":[{"embeddable":true,"href":"https:\/\/www.cnbb.org.br\/cnbb-app\/wp\/v2\/media\/35488"}],"wp:attachment":[{"href":"https:\/\/www.cnbb.org.br\/cnbb-app\/wp\/v2\/media?parent=35486"}],"wp:term":[{"taxonomy":"category","embeddable":true,"href":"https:\/\/www.cnbb.org.br\/cnbb-app\/wp\/v2\/categories?post=35486"},{"taxonomy":"post_tag","embeddable":true,"href":"https:\/\/www.cnbb.org.br\/cnbb-app\/wp\/v2\/tags?post=35486"}],"curies":[{"name":"wp","href":"https:\/\/api.w.org\/{rel}","templated":true}]}}