{"id":35497,"date":"2019-10-08T00:00:00","date_gmt":"2019-10-08T03:00:00","guid":{"rendered":"https:\/\/www.cnbb.org.br\/os-politicos-nao-tem-tempo-para-nos-escutar-mas-o-papa-francisco-tem\/"},"modified":"2019-10-08T00:00:00","modified_gmt":"2019-10-08T03:00:00","slug":"os-politicos-nao-tem-tempo-para-nos-escutar-mas-o-papa-francisco-tem","status":"publish","type":"post","link":"https:\/\/www.cnbb.org.br\/os-politicos-nao-tem-tempo-para-nos-escutar-mas-o-papa-francisco-tem\/","title":{"rendered":"\u201cOs pol\u00edticos n\u00e3o t\u00eam tempo para nos escutar, mas o Papa Francisco tem\u201d"},"content":{"rendered":"<p>Manuela Castro &#8211; Cidade do Vaticano<\/p>\n<p style=\"text-align: justify\">Dom Pedro Barreto Jimeno sempre esteve pr\u00f3ximo \u00e0s quest\u00f5es ind\u00edgenas no seu pa\u00eds, o Peru. N\u00e3o \u00e9 para menos que foi um dos fundadores da Rede Eclesial Pan-Amaz\u00f4nica (REPAM). H\u00e1 um ano e meio, o trabalho se intensificou com os eventos de prepara\u00e7\u00e3o para o S\u00ednodo, principalmente a escuta atenta \u00e0s demandas que os povos da floresta gostariam que chegassem ao Papa Francisco.<\/p>\n<p style=\"text-align: justify\">De in\u00edcio, dom Pedro percebeu como os ind\u00edgenas estavam felizes em partilhar seus problemas. A fala de uma \u00edndia o chamou muita aten\u00e7\u00e3o: \u201cos pol\u00edticos n\u00e3o t\u00eam tempo para nos escutar, mas o Papa Franciso tem\u201d. Ao perguntar o que querem com a realiza\u00e7\u00e3o do S\u00ednodo para Amaz\u00f4nia, a principal resposta foi: nos traz de volta a esperan\u00e7a.<\/p>\n<p style=\"text-align: justify\">O cardeal ouviu muitos relatos de pouco acesso das comunidades a padres, de viol\u00eancia contra os \u00edndios, de explora\u00e7\u00e3o ilegal de terras ind\u00edgenas e car\u00eancia de servi\u00e7os p\u00fablico. <a href=\"http:\/\/www.cnbb.org.br\/os-politicos-nao-tem-tempo-para-nos-escutar-mas-o-papa-francisco-tem\/whatsapp-image-2019-10-08-at-13-15-24\/\" rel=\"attachment wp-att-226846\"><img decoding=\"async\" loading=\"lazy\" class=\"size-medium wp-image-226846 alignright\" src=\"https:\/\/www.cnbb.org.br\/wp-content\/uploads\/2020\/03\/WhatsApp-Image-2019-10-08-at-13.15.24-300x142.jpeg\" alt=\"\" width=\"300\" height=\"142\" \/><\/a><\/p>\n<blockquote>\n<p style=\"text-align: justify\"><em>\u201cA Floresta Amaz\u00f4nica \u00e9 um terreno disputado por diversas frentes, que sofre de maneira constante ao longo da hist\u00f3ria. \u00c9 dever evang\u00e9lico da Igreja socorrer os povos da regi\u00e3o. \u00c9 a grande responsabilidade deste S\u00ednodo, ajudar uma sociedade deprimida com tantas divis\u00f5es econ\u00f4micas\u201d.<\/em><\/p>\n<\/blockquote>\n<p style=\"text-align: justify\">Dom Pedro lembrou que o precursor das discuss\u00f5es em pauta no S\u00ednodo foi S\u00e3o Francisco de Assis. O santo espalhou seu amor pela cria\u00e7\u00e3o. Ele falava em irm\u00e3 Terra. Para o cardeal, os \u00edndios assumiram exatamente essa espiritualidade de S\u00e3o Franciso.<\/p>\n<p style=\"text-align: justify\"><em>\u201cQuando falam em m\u00e3e terra, esses povos est\u00e3o em sintonia com o que a Igreja prega como a Casa Comum. Eles seguem a linha de S\u00e3o Francisco de Assis, assim como o Papa Franscisco tamb\u00e9m o faz, desde a escolha do nome Franscisco para o seu pontificado. Pe\u00e7o, por intercess\u00e3o do Santo de Assis, que todos entendam que h\u00e1 uma s\u00f3 linguagem, a linguagem do caminhar juntos\u201d.<\/em><\/p>\n","protected":false},"excerpt":{"rendered":"<p>O cardeal peruano Pedro Barreto Jimeno trouxe ao S\u00ednodo para Amaz\u00f4nia depoimentos dos \u00edndios da regi\u00e3o de floresta no Peru<\/p>\n","protected":false},"author":83,"featured_media":35498,"comment_status":"closed","ping_status":"open","sticky":false,"template":"","format":"standard","meta":{"site-sidebar-layout":"default","site-content-layout":"default","ast-global-header-display":"","ast-banner-title-visibility":"","ast-main-header-display":"","ast-hfb-above-header-display":"","ast-hfb-below-header-display":"","ast-hfb-mobile-header-display":"","site-post-title":"","ast-breadcrumbs-content":"","ast-featured-img":"","footer-sml-layout":"","theme-transparent-header-meta":"","adv-header-id-meta":"","stick-header-meta":"","header-above-stick-meta":"","header-main-stick-meta":"","header-below-stick-meta":""},"categories":[1078],"tags":[1424],"acf":[],"_links":{"self":[{"href":"https:\/\/www.cnbb.org.br\/cnbb-app\/wp\/v2\/posts\/35497"}],"collection":[{"href":"https:\/\/www.cnbb.org.br\/cnbb-app\/wp\/v2\/posts"}],"about":[{"href":"https:\/\/www.cnbb.org.br\/cnbb-app\/wp\/v2\/types\/post"}],"author":[{"embeddable":true,"href":"https:\/\/www.cnbb.org.br\/cnbb-app\/wp\/v2\/users\/83"}],"replies":[{"embeddable":true,"href":"https:\/\/www.cnbb.org.br\/cnbb-app\/wp\/v2\/comments?post=35497"}],"version-history":[{"count":0,"href":"https:\/\/www.cnbb.org.br\/cnbb-app\/wp\/v2\/posts\/35497\/revisions"}],"wp:featuredmedia":[{"embeddable":true,"href":"https:\/\/www.cnbb.org.br\/cnbb-app\/wp\/v2\/media\/35498"}],"wp:attachment":[{"href":"https:\/\/www.cnbb.org.br\/cnbb-app\/wp\/v2\/media?parent=35497"}],"wp:term":[{"taxonomy":"category","embeddable":true,"href":"https:\/\/www.cnbb.org.br\/cnbb-app\/wp\/v2\/categories?post=35497"},{"taxonomy":"post_tag","embeddable":true,"href":"https:\/\/www.cnbb.org.br\/cnbb-app\/wp\/v2\/tags?post=35497"}],"curies":[{"name":"wp","href":"https:\/\/api.w.org\/{rel}","templated":true}]}}