{"id":35509,"date":"2019-10-09T00:00:00","date_gmt":"2019-10-09T03:00:00","guid":{"rendered":"https:\/\/www.cnbb.org.br\/batizados-e-enviados-a-missao\/"},"modified":"2019-10-09T00:00:00","modified_gmt":"2019-10-09T03:00:00","slug":"batizados-e-enviados-a-missao","status":"publish","type":"post","link":"https:\/\/www.cnbb.org.br\/batizados-e-enviados-a-missao\/","title":{"rendered":"Batizados e enviados: a miss\u00e3o"},"content":{"rendered":"<p style=\"text-align: right\"><u>Dom Fernando Ar\u00eaas Rifan<br \/>\n<\/u><u>Bispo da Administra\u00e7\u00e3o Apost\u00f3lica Pessoal S\u00e3o Jo\u00e3o Maria Vianney<\/u><strong><u><\/p>\n<p><\/u><\/strong><\/p>\n<p>&nbsp;<\/p>\n<p style=\"text-align: justify\">Para celebrar o centen\u00e1rio da Carta Apost\u00f3lica <em>Maximum illud<\/em> de Bento XV, sobre a atividade desenvolvida pelos mission\u00e1rios no mundo, o Papa Francisco decretou este m\u00eas de outubro como M\u00eas Mission\u00e1rio Extraordin\u00e1rio, com o tema \u201cBatizados e enviados: a Igreja de Cristo em miss\u00e3o no mundo\u201d. A finalidade desse decreto \u00e9 despertar, em medida maior, a consci\u00eancia da miss\u00e3o <em>ad gentes<\/em> e retomar com novo impulso a transforma\u00e7\u00e3o mission\u00e1ria da vida e da pastoral. Por isso, a r\u00e9plica da Cruz Mission\u00e1ria, aben\u00e7oada pelo Papa, est\u00e1 percorrendo todas as dioceses do Brasil, recordando a todos a Miss\u00e3o da Igreja, incentivando a todos os crist\u00e3os a serem mission\u00e1rios, cada qual no seu pr\u00f3prio estado de vida e condi\u00e7\u00e3o.<\/p>\n<p style=\"text-align: justify\">Na <em>Evangelii Gaudium<\/em>, o Papa Francisco afirma que \u201ca a\u00e7\u00e3o mission\u00e1ria \u00e9 o paradigma de toda obra da Igreja\u201d (n. 15). Trata-se de p\u00f4r a miss\u00e3o de Jesus no cora\u00e7\u00e3o da Igreja, transformando-a em crit\u00e9rio para medir a efic\u00e1cia de suas estruturas, os resultados de seu trabalho, a fecundidade de seus ministros e a alegria que eles s\u00e3o capazes de suscitar. Porque sem alegria n\u00e3o se atrai ningu\u00e9m. \u201cSonho com uma op\u00e7\u00e3o mission\u00e1ria capaz de transformar tudo, para que os costumes, os estilos, os hor\u00e1rios, a linguagem e toda a estrutura eclesial se tornem um canal proporcionado mais \u00e0 evangeliza\u00e7\u00e3o do mundo atual que \u00e0 autopreserva\u00e7\u00e3o. A reforma das estruturas, que a convers\u00e3o pastoral exige, s\u00f3 se pode entender neste sentido: fazer com que todas elas se tornem mais mission\u00e1rias, que a pastoral ordin\u00e1ria em todas as suas inst\u00e2ncias seja mais comunicativa e aberta, que coloque os agentes pastorais em atitude constante de \u2018sa\u00edda\u2019 e, assim, favore\u00e7a a resposta positiva de todos aqueles a quem Jesus oferece a sua amizade. Como dizia Jo\u00e3o Paulo II aos Bispos da Oceania, \u2018toda a renova\u00e7\u00e3o na Igreja h\u00e1 de ter como alvo a miss\u00e3o, para n\u00e3o cair v\u00edtima duma esp\u00e9cie de introvers\u00e3o eclesial\u2019.\u201d (<em>Evangelii Gaudium<\/em> n. 27).<\/p>\n<p style=\"text-align: justify\">O Papa Francisco indicou quatro dimens\u00f5es para vivermos este m\u00eas mission\u00e1rio: 1. O encontro pessoal com Jesus Cristo vivo na sua Igreja: Eucaristia, palavra de Deus, ora\u00e7\u00e3o pessoal e comunit\u00e1ria. Jesus \u00e9 o modelo da miss\u00e3o, que nasce do nosso encontro com ele, que d\u00e1 novo horizonte \u00e0 vida; 2. Testemunho: valorizar os Santos Padroeiros da Miss\u00e3o, S\u00e3o Francisco Xavier e Santa Teresinha, bem como o testemunho de muitos santos, especialmente dos M\u00e1rtires da Miss\u00e3o e dos confessores da f\u00e9, que s\u00e3o express\u00e3o da Igreja espalhada por todo o mundo; 3. Forma\u00e7\u00e3o: B\u00edblica, catequ\u00e9tica, espiritual e teol\u00f3gica sobre a <em>missio ad gentes<\/em>, a partir da tem\u00e1tica do M\u00eas Mission\u00e1rio e do texto da Carta Apost\u00f3lica <em>Maximum illud <\/em>de Bento XV. Recuperar a proposta de itiner\u00e1rio formativo do disc\u00edpulo mission\u00e1rio no documento de Aparecida (n. 276-278). 4. Caridade mission\u00e1ria: como ajuda material para o imenso trabalho de evangeliza\u00e7\u00e3o, da <em>missio ad gentes<\/em> e da forma\u00e7\u00e3o crist\u00e3 das Igrejas mais necessitadas.<\/p>\n<p style=\"text-align: justify\">E como inten\u00e7\u00e3o especial neste m\u00eas mission\u00e1rio, rezemos pelo bom sucesso do S\u00ednodo da Amaz\u00f4nia, que trata dos desafios da Evangeliza\u00e7\u00e3o naquela regi\u00e3o, para que se acenda com mais vigor o esp\u00edrito mission\u00e1rio dos que l\u00e1 trabalham em nome da Igreja, como quer o Papa, e que ideias esp\u00farias e planos heterodoxos n\u00e3o sejam adotados na regi\u00e3o, em detrimento da miss\u00e3o evangelizadora.<\/p>\n<p style=\"text-align: justify\">\n<p>&nbsp;<\/p>\n","protected":false},"excerpt":{"rendered":"<p>Dom Fernando Ar\u00eaas Rifan Bispo da Administra\u00e7\u00e3o Apost\u00f3lica Pessoal S\u00e3o Jo\u00e3o Maria Vianney &nbsp; Para celebrar o centen\u00e1rio da Carta Apost\u00f3lica Maximum illud de Bento XV, sobre a atividade desenvolvida pelos mission\u00e1rios no mundo, o Papa Francisco decretou este m\u00eas de outubro como M\u00eas Mission\u00e1rio Extraordin\u00e1rio, com o tema \u201cBatizados e enviados: a Igreja de &hellip;<\/p>\n<p class=\"read-more\"> <a class=\"\" href=\"https:\/\/www.cnbb.org.br\/batizados-e-enviados-a-missao\/\"> <span class=\"screen-reader-text\">Batizados e enviados: a miss\u00e3o<\/span> Leia mais &raquo;<\/a><\/p>\n","protected":false},"author":29,"featured_media":0,"comment_status":"closed","ping_status":"open","sticky":false,"template":"","format":"standard","meta":{"site-sidebar-layout":"default","site-content-layout":"default","ast-global-header-display":"","ast-banner-title-visibility":"","ast-main-header-display":"","ast-hfb-above-header-display":"","ast-hfb-below-header-display":"","ast-hfb-mobile-header-display":"","site-post-title":"","ast-breadcrumbs-content":"","ast-featured-img":"","footer-sml-layout":"","theme-transparent-header-meta":"","adv-header-id-meta":"","stick-header-meta":"","header-above-stick-meta":"","header-main-stick-meta":"","header-below-stick-meta":""},"categories":[758],"tags":[],"acf":[],"_links":{"self":[{"href":"https:\/\/www.cnbb.org.br\/cnbb-app\/wp\/v2\/posts\/35509"}],"collection":[{"href":"https:\/\/www.cnbb.org.br\/cnbb-app\/wp\/v2\/posts"}],"about":[{"href":"https:\/\/www.cnbb.org.br\/cnbb-app\/wp\/v2\/types\/post"}],"author":[{"embeddable":true,"href":"https:\/\/www.cnbb.org.br\/cnbb-app\/wp\/v2\/users\/29"}],"replies":[{"embeddable":true,"href":"https:\/\/www.cnbb.org.br\/cnbb-app\/wp\/v2\/comments?post=35509"}],"version-history":[{"count":0,"href":"https:\/\/www.cnbb.org.br\/cnbb-app\/wp\/v2\/posts\/35509\/revisions"}],"wp:attachment":[{"href":"https:\/\/www.cnbb.org.br\/cnbb-app\/wp\/v2\/media?parent=35509"}],"wp:term":[{"taxonomy":"category","embeddable":true,"href":"https:\/\/www.cnbb.org.br\/cnbb-app\/wp\/v2\/categories?post=35509"},{"taxonomy":"post_tag","embeddable":true,"href":"https:\/\/www.cnbb.org.br\/cnbb-app\/wp\/v2\/tags?post=35509"}],"curies":[{"name":"wp","href":"https:\/\/api.w.org\/{rel}","templated":true}]}}