{"id":35516,"date":"2019-10-09T00:00:00","date_gmt":"2019-10-09T03:00:00","guid":{"rendered":"https:\/\/www.cnbb.org.br\/em-mensagem-papa-recorda-zelo-com-que-cardeal-serafim-de-araujo-serviu-a-igreja\/"},"modified":"2019-10-09T00:00:00","modified_gmt":"2019-10-09T03:00:00","slug":"em-mensagem-papa-recorda-zelo-com-que-cardeal-serafim-de-araujo-serviu-a-igreja","status":"publish","type":"post","link":"https:\/\/www.cnbb.org.br\/em-mensagem-papa-recorda-zelo-com-que-cardeal-serafim-de-araujo-serviu-a-igreja\/","title":{"rendered":"Em mensagem, Papa recorda zelo com que cardeal Serafim de Ara\u00fajo serviu a Igreja"},"content":{"rendered":"<p style=\"text-align: justify\">Em telegrama de pesar enviado na tarde desta quarta-feira, 9, a Dom Walmor de Oliveira Azevedo, arcebispo de Belo Horizonte e presidente da Confer\u00eancia Nacional dos Bispos do Brasil, o Papa Francisco recordou a \u201cpaix\u00e3o mission\u00e1ria\u201d do cardeal Serafim Fernandes de Ara\u00fajo, falecido aos 95 anos na manh\u00e3 de ter\u00e7a-feira, \u201cque fez crescer no cora\u00e7\u00e3o dos fi\u00e9is o amor a Jesus Cristo e \u00e0 sua Igreja\u201d. Eis a mensagem na \u00edntegra:<\/p>\n<p style=\"text-align: justify\"><i>\u201cRecebi com pesar a not\u00edcia do falecimento do cardeal Dom Serafim Fernandes de Ara\u00fajo e desejo manifestar a minha comunh\u00e3o de ora\u00e7\u00f5es com os seus familiares e com todos os fi\u00e9is dessa Arquidiocese neste momento de luto. Confio \u00e0 miseric\u00f3rdia de Deus o amado cardeal, que com tanto zelo serviu a Igreja, tendo sido Padre Conciliar durante o Conc\u00edlio Vaticano II e, de modo particular, por mais de cinquenta anos se dedicou \u00e0 Arquidiocese de Belo Horizonte, onde sua paix\u00e3o mission\u00e1ria fez crescer no cora\u00e7\u00e3o dos fi\u00e9is o amor a Jesus Cristo e \u00e0 sua Igreja. Ao elevar fervorosas preces, sob a intercess\u00e3o de Nossa Senhora da Boa Viagem, para que Deus acolha na sua felicidade eterna este seu servo bom e fiel, envio a essa comunidade arquidiocesana que chora a perda de seu amado pastor, \u00e0 Igreja do Brasil e a quantos partilham esta hora de tristeza que anuncia a ressurrei\u00e7\u00e3o, a B\u00ean\u00e7\u00e3o Apost\u00f3lica. Franciscus P.P.<\/i>\u201d.<\/p>\n<p style=\"text-align: justify\">O corpo do cardeal Serafim Fernandes de Ara\u00fajo<i>\u00a0<\/i>est\u00e1 sendo velado no \u00a0Santu\u00e1rio Arquidiocesano da Adora\u00e7\u00e3o Perp\u00e9tua \u2013 Igreja Nossa Senhora da Boa Viagem. As homenagens prosseguem at\u00e9 quinta-feira, 17h, quando o arcebispo metropolitano de Belo Horizonte, dom Walmor Oliveira de Azevedo, preside a \u00faltima Missa antes do sepultamento.<\/p>\n<p>&nbsp;<\/p>\n<p><strong>Com informa\u00e7\u00f5es do Vatican News<\/strong><\/p>\n","protected":false},"excerpt":{"rendered":"<p>Na mensagem enviada ao arcebispo de Belo Horizonte, dom Walmor, o Santo Padre expressa seu pesar pelo falecimento do cardeal<\/p>\n","protected":false},"author":83,"featured_media":0,"comment_status":"closed","ping_status":"open","sticky":false,"template":"","format":"standard","meta":{"site-sidebar-layout":"default","site-content-layout":"default","ast-global-header-display":"","ast-banner-title-visibility":"","ast-main-header-display":"","ast-hfb-above-header-display":"","ast-hfb-below-header-display":"","ast-hfb-mobile-header-display":"","site-post-title":"","ast-breadcrumbs-content":"","ast-featured-img":"","footer-sml-layout":"","theme-transparent-header-meta":"","adv-header-id-meta":"","stick-header-meta":"","header-above-stick-meta":"","header-main-stick-meta":"","header-below-stick-meta":""},"categories":[784],"tags":[],"acf":[],"_links":{"self":[{"href":"https:\/\/www.cnbb.org.br\/cnbb-app\/wp\/v2\/posts\/35516"}],"collection":[{"href":"https:\/\/www.cnbb.org.br\/cnbb-app\/wp\/v2\/posts"}],"about":[{"href":"https:\/\/www.cnbb.org.br\/cnbb-app\/wp\/v2\/types\/post"}],"author":[{"embeddable":true,"href":"https:\/\/www.cnbb.org.br\/cnbb-app\/wp\/v2\/users\/83"}],"replies":[{"embeddable":true,"href":"https:\/\/www.cnbb.org.br\/cnbb-app\/wp\/v2\/comments?post=35516"}],"version-history":[{"count":0,"href":"https:\/\/www.cnbb.org.br\/cnbb-app\/wp\/v2\/posts\/35516\/revisions"}],"wp:attachment":[{"href":"https:\/\/www.cnbb.org.br\/cnbb-app\/wp\/v2\/media?parent=35516"}],"wp:term":[{"taxonomy":"category","embeddable":true,"href":"https:\/\/www.cnbb.org.br\/cnbb-app\/wp\/v2\/categories?post=35516"},{"taxonomy":"post_tag","embeddable":true,"href":"https:\/\/www.cnbb.org.br\/cnbb-app\/wp\/v2\/tags?post=35516"}],"curies":[{"name":"wp","href":"https:\/\/api.w.org\/{rel}","templated":true}]}}