{"id":35534,"date":"2019-10-11T00:00:00","date_gmt":"2019-10-11T03:00:00","guid":{"rendered":"https:\/\/www.cnbb.org.br\/por-intercessao-de-irma-dulce-o-maestro-jose-mauricio-voltou-a-enxergar\/"},"modified":"2019-10-11T00:00:00","modified_gmt":"2019-10-11T03:00:00","slug":"por-intercessao-de-irma-dulce-o-maestro-jose-mauricio-voltou-a-enxergar","status":"publish","type":"post","link":"https:\/\/www.cnbb.org.br\/por-intercessao-de-irma-dulce-o-maestro-jose-mauricio-voltou-a-enxergar\/","title":{"rendered":"Por intercess\u00e3o de Irm\u00e3 Dulce, o maestro Jos\u00e9 Maur\u00edcio voltou a enxergar"},"content":{"rendered":"<figure id=\"attachment_227042\" aria-describedby=\"caption-attachment-227042\" style=\"width: 300px\" class=\"wp-caption alignright\"><a href=\"http:\/\/www.cnbb.org.br\/por-intercessao-de-irma-dulce-o-maestro-jose-mauricio-voltou-a-enxergar\/miraculado\/\" rel=\"attachment wp-att-227042\"><img decoding=\"async\" loading=\"lazy\" class=\"wp-image-227042 size-medium\" src=\"https:\/\/www.cnbb.org.br\/wp-content\/uploads\/2020\/03\/Miraculado-scaled.jpg\" alt=\"\" width=\"300\" height=\"200\" \/><\/a><figcaption id=\"caption-attachment-227042\" class=\"wp-caption-text\">Cerim\u00f4nia de an\u00fancio da canoniza\u00e7\u00e3o, em Salvador. Foto: Ascom Arquidiocese de Salvador<\/figcaption><\/figure>\n<p style=\"text-align: justify\">O maestro Jos\u00e9 Maur\u00edcio Bragan\u00e7a Moreira, 50 anos, recebeu em 10 de dezembro de 2014, por intercess\u00e3o de Irm\u00e3 Dulce a gra\u00e7a da cura para sua cegueira em decorr\u00eancia de um glaucoma diagnosticado quando tinha 23 anos, em 1992. O milagre que o fez voltar a enxegar foi o respons\u00e1vel por assegurar o cumprimento da \u00faltima etapa da canoniza\u00e7\u00e3o da beata baiana. O Papa Francisco promulgou, em 13 de maio de 2019, o decreto que reconheceu o segundo milagre atribu\u00eddo \u00e0 intercess\u00e3o de Irm\u00e3 Dulce.<\/p>\n<p style=\"text-align: justify\">Ele conheceu Irm\u00e3 Dulce quando ainda era menino. Seu pai, gerente de uma casa de materiais de constru\u00e7\u00e3o, doava material para as obras de Irm\u00e3 Dulce. A sua m\u00e3e tamb\u00e9m e seu av\u00f4 ajudava com doa\u00e7\u00e3o de roupas e armarinhos. \u201cEu cresci vendo Irm\u00e3 Dulce naquela luta incans\u00e1vel para construir o hospital e dar continuidade \u00e0s obras, com muita luta e sacrif\u00edcio. N\u00f3s j\u00e1 a consider\u00e1vamos santa ainda em vida\u201d.<\/p>\n<p style=\"text-align: justify\">Ele \u00e9 m\u00fasico e maestro, casado e natural de Salvador, na Bahia, mas atualmente mora em Recife-PE. Tem 50 anos, \u00e9 filho de Ernesto Lula Moreira e Therezinha Bragan\u00e7a Moreira, falecidos, tamb\u00e9m baianos e amantes da m\u00fasica. Dos pais, al\u00e9m da alegria e da voca\u00e7\u00e3o para a m\u00fasica, ele herdou uma pequena imagem de Irm\u00e3 Dulce que mant\u00e9m no criado mudo de sua cama.<\/p>\n<p style=\"text-align: justify\">Ap\u00f3s perder a vis\u00e3o total, em 2000, ele dedicou-se a estudar o braile, m\u00e9todo de leitura para cegos, e deu continuidade aos estudos de m\u00fasica com \u00eanfase em reg\u00eancia iniciados ainda na juventude. O passo seguinte foi montar o seu primeiro coral de cegos em Salvador no Centro de Apoio Pedag\u00f3gico na escola onde aprendeu a ler em braile. \u201cMe transformei em maestro de coral. Tive v\u00e1rios corais em Salvador\u201d, conta.<\/p>\n<p style=\"text-align: justify\">\u00c0s v\u00e9speras de uma apresenta\u00e7\u00e3o de seu coral, ele foi acometido por um derrame nos olhos em decorr\u00eancia de uma conjuntivite viral que o deixou sem dormir por quatro dias seguintes. Na madrugada do dia 10 de dezembro de 2014, j\u00e1 exausto e sem conseguir dormir, por volta das 4h, ele pegou a imagem de Irm\u00e3 Dulce, a colocou em seus olhos e pediu que Irm\u00e3 Dulce aliviasse a sua dor. \u201cCom toda a minha f\u00e9, fiz a minha prece em sil\u00eancio\u201d, disse.<\/p>\n<p style=\"text-align: justify\">Nesse mesmo momento, recorda-se, quando colocou a imagem de volta, j\u00e1 deu um bocejo e e dormiu. \u201cEl me fez dormir e acredito que ela tenha me operado durante o meu sono. Quando eu acordei de manh\u00e3, a minha esposa me deu umas compressas de gelo e foi quando eu comecei a enxergar o gelo e a ver a minha m\u00e3o, e aos poucos a vis\u00e3o foi voltando. O momento que come\u00e7ou o retorno da vis\u00e3o foi pouco tempo depois da ora\u00e7\u00e3o. \u00c9 um milagre\u201d, afirmou.<\/p>\n<p style=\"text-align: justify\">Embora tenha voltado a enxergar, os exames cl\u00ednicos do miraculado continuam como sendo de um paciente cego. \u201cEu ouvi de m\u00e9dicos que eu nunca ia voltar a enxergar porque a vis\u00e3o perdida do nervo \u00f3tico n\u00e3o se recupera. Eu nunca pedi para voltar a enxergar, pois eu tinha consci\u00eancia de que era imposs\u00edvel. O que Irm\u00e3 Dulce me deu foi muito mais do que a cura da conjuntivite ou o al\u00edvio da dor. Ela atendeu a minha ora\u00e7\u00e3o. \u00c9 uma gratid\u00e3o infinita, pois eu nunca imaginei que isso ia acontecer em minha vida\u201d, disse o miraculado. O maestro explica o milagre como resultado e conclus\u00e3o da f\u00e9.<\/p>\n<p><a href=\"https:\/\/www.edicoescnbb.com.br\/bote-fe\" target=\"_blank\" rel=\"noopener\">Revista Bote F\u00e9 n\u00ba 29, Edi\u00e7\u00f5es CNBB<\/a><\/p>\n","protected":false},"excerpt":{"rendered":"<p>O milagre foi o respons\u00e1vel por assegurar o cumprimento da \u00faltima etapa da canoniza\u00e7\u00e3o da beata baiana<\/p>\n","protected":false},"author":83,"featured_media":35535,"comment_status":"closed","ping_status":"open","sticky":false,"template":"","format":"standard","meta":{"site-sidebar-layout":"default","site-content-layout":"default","ast-global-header-display":"","ast-banner-title-visibility":"","ast-main-header-display":"","ast-hfb-above-header-display":"","ast-hfb-below-header-display":"","ast-hfb-mobile-header-display":"","site-post-title":"","ast-breadcrumbs-content":"","ast-featured-img":"","footer-sml-layout":"","theme-transparent-header-meta":"","adv-header-id-meta":"","stick-header-meta":"","header-above-stick-meta":"","header-main-stick-meta":"","header-below-stick-meta":""},"categories":[841],"tags":[],"acf":[],"_links":{"self":[{"href":"https:\/\/www.cnbb.org.br\/cnbb-app\/wp\/v2\/posts\/35534"}],"collection":[{"href":"https:\/\/www.cnbb.org.br\/cnbb-app\/wp\/v2\/posts"}],"about":[{"href":"https:\/\/www.cnbb.org.br\/cnbb-app\/wp\/v2\/types\/post"}],"author":[{"embeddable":true,"href":"https:\/\/www.cnbb.org.br\/cnbb-app\/wp\/v2\/users\/83"}],"replies":[{"embeddable":true,"href":"https:\/\/www.cnbb.org.br\/cnbb-app\/wp\/v2\/comments?post=35534"}],"version-history":[{"count":0,"href":"https:\/\/www.cnbb.org.br\/cnbb-app\/wp\/v2\/posts\/35534\/revisions"}],"wp:featuredmedia":[{"embeddable":true,"href":"https:\/\/www.cnbb.org.br\/cnbb-app\/wp\/v2\/media\/35535"}],"wp:attachment":[{"href":"https:\/\/www.cnbb.org.br\/cnbb-app\/wp\/v2\/media?parent=35534"}],"wp:term":[{"taxonomy":"category","embeddable":true,"href":"https:\/\/www.cnbb.org.br\/cnbb-app\/wp\/v2\/categories?post=35534"},{"taxonomy":"post_tag","embeddable":true,"href":"https:\/\/www.cnbb.org.br\/cnbb-app\/wp\/v2\/tags?post=35534"}],"curies":[{"name":"wp","href":"https:\/\/api.w.org\/{rel}","templated":true}]}}