{"id":35557,"date":"2019-10-12T00:00:00","date_gmt":"2019-10-12T03:00:00","guid":{"rendered":"https:\/\/www.cnbb.org.br\/dom-walmor-oliveira-de-azevedo-celebra-santa-missa-em-honra-a-nossa-senhora-aparecida-em-roma\/"},"modified":"2020-10-23T15:35:33","modified_gmt":"2020-10-23T18:35:33","slug":"dom-walmor-oliveira-de-azevedo-celebra-santa-missa-em-honra-a-nossa-senhora-aparecida-em-roma","status":"publish","type":"post","link":"https:\/\/www.cnbb.org.br\/dom-walmor-oliveira-de-azevedo-celebra-santa-missa-em-honra-a-nossa-senhora-aparecida-em-roma\/","title":{"rendered":"Dom Walmor Oliveira de Azevedo\u00a0celebra Santa Missa em honra \u00e0 M\u00e3e Aparecida em Roma"},"content":{"rendered":"<p lang=\"pt-BR\" style=\"text-align: justify\">A festa da Padroeira do Brasil, Nossa Senhora Aparecida, atravessa as fronteiras e sempre \u00e9 celebrada em Roma no Col\u00e9gio Pio Brasileiro, dedicado \u00e0 forma\u00e7\u00e3o permanente de presb\u00edteros diocesanos. O celebrante da missa hoje (12\/10) foi um antigo aluno do col\u00e9gio, o presidente da Confer\u00eancia Nacional dos Bispos do Brasil (CNBB) e arcebispo de Belo Horizonte, dom Walmor Oliveira de Azevedo.<\/p>\n<p lang=\"pt-BR\" style=\"text-align: justify\"><a href=\"https:\/\/www.cnbb.org.br\/dom-walmor-oliveira-de-azevedo-celebra-santa-missa-em-honra-a-nossa-senhora-aparecida-em-roma\/pio-4\/\" rel=\"attachment wp-att-227198\"><img decoding=\"async\" loading=\"lazy\" class=\"size-medium wp-image-227198 alignleft\" src=\"https:\/\/www.cnbb.org.br\/wp-content\/uploads\/2020\/03\/pio.jpg\" alt=\"\" width=\"300\" height=\"142\" \/><\/a>A capela do Pio Brasileiro ficou lotada de padres, religiosas e da comunidade brasileira que vive na capital italiana. Para dom Walmor, foi uma alegria presidir a celebra\u00e7\u00e3o eucar\u00edstica exatamente no dia de Nossa Senhora Aparecida, pois, h\u00e1 42 anos, uma semana ap\u00f3s sua chegada a Roma para estudar no Pio Brasileiro, participou exatamente desta missa do dia 12 de outubro. \u201cEu tinha apenas 23 anos e um m\u00eas de ordenado. Sinto muita gratid\u00e3o por esse lugar. O Pio Brasileiro \u00e9 um pulm\u00e3o importante para a Igreja do Brasil\u201d, afirmou o presidente da CNBB.<\/p>\n<p lang=\"pt-BR\">Em sua homilia, dom Walmor afirmou que, mesmo diante de todas as dificuldades que enfrentamos, nunca podemos nos sentir sozinhos porque a M\u00e3e Aparecida caminha conosco.<\/p>\n<p lang=\"pt-BR\" style=\"text-align: justify\">\u201cA festa da M\u00e3e Aparecida reaviva em n\u00f3s a ideia de que somos disc\u00edpulos e disc\u00edpulas. Ela \u00e9 a m\u00e3e de todos e n\u00e3o nos deixa sozinhos no desafio da missionariedade. Nunca se ouviu dizer que quem a ela recorre tenha sido abandonado\u201d<\/p>\n<p lang=\"pt-BR\" style=\"text-align: justify\">Sobre o evangelho de hoje, das Bodas de Can\u00e1, dom Walmor meditou sobre a frase \u201cFazei tudo o que Ele vos disser\u201d: \u201cN\u00e3o \u00e9 fazer por fazer, n\u00e3o \u00e9 fazer por nossas aptid\u00f5es, \u00e9 o fazer que nasce do sentido da oferta, a oferta que a gente tem que fazer de si pr\u00f3prio todos os dias\u201d, explicou.<\/p>\n<p lang=\"pt-BR\">Manuela Castro &#8211; Cidade do Vaticano<\/p>\n","protected":false},"excerpt":{"rendered":"<p>O presidente da Confer\u00eancia Nacional dos Bispos do Brasil (CNBB) celebrou a missa neste s\u00e1bado no Col\u00e9gio Pio Brasileiro, em Roma<\/p>\n","protected":false},"author":83,"featured_media":21043,"comment_status":"closed","ping_status":"open","sticky":false,"template":"","format":"standard","meta":{"site-sidebar-layout":"default","site-content-layout":"default","ast-global-header-display":"","ast-banner-title-visibility":"","ast-main-header-display":"","ast-hfb-above-header-display":"","ast-hfb-below-header-display":"","ast-hfb-mobile-header-display":"","site-post-title":"","ast-breadcrumbs-content":"","ast-featured-img":"","footer-sml-layout":"","theme-transparent-header-meta":"","adv-header-id-meta":"","stick-header-meta":"","header-above-stick-meta":"","header-main-stick-meta":"","header-below-stick-meta":""},"categories":[841],"tags":[1850],"acf":[],"_links":{"self":[{"href":"https:\/\/www.cnbb.org.br\/cnbb-app\/wp\/v2\/posts\/35557"}],"collection":[{"href":"https:\/\/www.cnbb.org.br\/cnbb-app\/wp\/v2\/posts"}],"about":[{"href":"https:\/\/www.cnbb.org.br\/cnbb-app\/wp\/v2\/types\/post"}],"author":[{"embeddable":true,"href":"https:\/\/www.cnbb.org.br\/cnbb-app\/wp\/v2\/users\/83"}],"replies":[{"embeddable":true,"href":"https:\/\/www.cnbb.org.br\/cnbb-app\/wp\/v2\/comments?post=35557"}],"version-history":[{"count":0,"href":"https:\/\/www.cnbb.org.br\/cnbb-app\/wp\/v2\/posts\/35557\/revisions"}],"wp:featuredmedia":[{"embeddable":true,"href":"https:\/\/www.cnbb.org.br\/cnbb-app\/wp\/v2\/media\/21043"}],"wp:attachment":[{"href":"https:\/\/www.cnbb.org.br\/cnbb-app\/wp\/v2\/media?parent=35557"}],"wp:term":[{"taxonomy":"category","embeddable":true,"href":"https:\/\/www.cnbb.org.br\/cnbb-app\/wp\/v2\/categories?post=35557"},{"taxonomy":"post_tag","embeddable":true,"href":"https:\/\/www.cnbb.org.br\/cnbb-app\/wp\/v2\/tags?post=35557"}],"curies":[{"name":"wp","href":"https:\/\/api.w.org\/{rel}","templated":true}]}}