{"id":35563,"date":"2019-10-14T00:00:00","date_gmt":"2019-10-14T03:00:00","guid":{"rendered":"https:\/\/www.cnbb.org.br\/cnbb-e-uma-dadiva-para-igreja-e-para-sociedade-diz-dom-walmor-oliveira-por-ocasiao-do-aniversario-de-67-anos-da-entidade\/"},"modified":"2019-10-14T00:00:00","modified_gmt":"2019-10-14T03:00:00","slug":"cnbb-e-uma-dadiva-para-igreja-e-para-sociedade-diz-dom-walmor-oliveira-por-ocasiao-do-aniversario-de-67-anos-da-entidade","status":"publish","type":"post","link":"https:\/\/www.cnbb.org.br\/cnbb-e-uma-dadiva-para-igreja-e-para-sociedade-diz-dom-walmor-oliveira-por-ocasiao-do-aniversario-de-67-anos-da-entidade\/","title":{"rendered":"\u201cCNBB \u00e9 uma d\u00e1diva para Igreja e para sociedade\u201d, diz dom Walmor Oliveira, por ocasi\u00e3o do anivers\u00e1rio da entidade"},"content":{"rendered":"<p style=\"text-align: justify\">Do Vaticano, de onde participa do S\u00ednodo para a Pan-Amaz\u00f4nia, o arcebispo de Belo Horizonte (MG) e presidente da Confer\u00eancia Nacional dos Bispos do Brasil (CNBB), dom Walmor Oliveira de Azevedo enviou mensagem por ocasi\u00e3o do anivers\u00e1rio de 67 anos da entidade, celebrado neste 14 de outubro.<\/p>\n<blockquote>\n<p style=\"text-align: justify\">Veja a \u00edntegra da mensagem do presidente:<br \/>\n\u201cA CNBB em seus 67 anos de hist\u00f3ria \u00e9 uma d\u00e1diva para a Igreja e para a sociedade. Uma d\u00e1diva para a Igreja porque \u00e9 lugar de comunh\u00e3o, fortalecendo a n\u00f3s, os bispos, servidores do povo de Deus e frequentemente fortalecendo cada diocese, cada par\u00f3quia e cada comunidade. Uma d\u00e1diva para Igreja porque trata-se exatamente do compromisso de anunciar o Evangelho. Uma d\u00e1diva para a sociedade porque este Evangelho desdobrado como luz para nosso caminho e l\u00e2mpada para nossos p\u00e9s ajuda a sociedade a reencontrar rumos particularmente neste tempo. Louvado seja Deus pelos 67 anos da CNBB. Juntos caminhemos como Igreja Mission\u00e1ria\u201d.<\/p>\n<\/blockquote>\n<p style=\"text-align: justify\">Dom Walmor tamb\u00e9m enviou um v\u00eddeo no qual anuncia a realiza\u00e7\u00e3o, a partir deste 14 de outubro, de um tr\u00edduo rumo aos 70 anos da CNBB. Veja a \u00edntegra:<\/p>\n<div class=\"ast-oembed-container\" style=\"height: 100%;\"><iframe loading=\"lazy\" title=\"Dom Walmor Oliveira de Azevedo - 67 Anos da CNBB\" width=\"500\" height=\"281\" src=\"https:\/\/www.youtube.com\/embed\/Lo01Q6ZAGu8?feature=oembed\" frameborder=\"0\" allow=\"accelerometer; autoplay; clipboard-write; encrypted-media; gyroscope; picture-in-picture\" allowfullscreen><\/iframe><\/div>\n<p style=\"text-align: justify\"><strong>Mem\u00f3ria e papel\u00a0<\/strong><\/p>\n<p style=\"text-align: justify\">Como parte das comemora\u00e7\u00f5es de seu anivers\u00e1rio de 67 anos, nesta segunda-feira, 14 de outubro, a CNBB recebe as rel\u00edquias de Santa Dulce dos Pobres. Para celebrar a data, a CNBB, institui\u00e7\u00e3o fundada em 1952, no Rio de Janeiro, preparou uma programa\u00e7\u00e3o especial focada na mem\u00f3ria de Santa Dulce dos Pobres, canonizada no domingo, 13 de outubro no Vaticano. A programa\u00e7\u00e3o come\u00e7a \u00e0s 8h30, com uma missa solene, presidida pelo bispo auxiliar do Rio de Janeiro (RJ) e secret\u00e1rio-geral da Confer\u00eancia, dom Joel Portella Amado. As rel\u00edquias de irm\u00e3 Dulce, que pertencem \u00e0 par\u00f3quia S\u00e3o Francisco de Assis, da Ceil\u00e2ndia Sul, ser\u00e3o entronizadas na celebra\u00e7\u00e3o.<\/p>\n<p style=\"text-align: justify\">A CNBB \u00e9 a institui\u00e7\u00e3o permanente que congrega os bispos da Igreja Cat\u00f3lica no pa\u00eds. Atualmente, s\u00e3o 493 bispos, sendo 320 na ativa e 173 bispos em\u00e9ritos. Destes, 77 s\u00e3o arcebispos e 9 cardeais. Foi instalada em 1952, no pal\u00e1cio S\u00e3o Joaquim, sede da arquidiocese do Rio de Janeiro (RJ). A CNBB funcionou na capital carioca at\u00e9 1977, quando foi transferida para Bras\u00edlia (DF). Dom H\u00e9lder C\u00e2mara, \u00e0 \u00e9poca bispo auxiliar do Rio de Janeiro, foi o seu primeiro secret\u00e1rio-geral e um dos principais idealizadores e articuladores. No programa Mem\u00f3ria Viva de 1983, exibido pela TV da universidade federal do Rio Grande do Norte, dom Helder conta que come\u00e7ou a articular a Confer\u00eancia dos Bispos quando ainda era padre.<\/p>\n<p style=\"text-align: justify\">A cada quatro anos a CNBB, em sua Assembleia Geral, que re\u00fane os bispos de todo o pa\u00eds, elabora as Diretrizes Gerais da A\u00e7\u00e3o Evangelizadora da Igreja (DGAE). Para o quadri\u00eanio 2019-2023, as diretrizes da CNBB foram estruturadas a partir da concep\u00e7\u00e3o da Igreja como \u201cComunidade Eclesial Mission\u00e1ria\u201d, apresentada com a imagem da \u201ccasa\u201d, sustentada por quatro pilares: Palavra, P\u00e3o, Caridade e A\u00e7\u00e3o Mission\u00e1ria.<\/p>\n<p style=\"text-align: justify\">Eleita em sua 57\u00aa Assembleia Geral realizada em Aparecida (SP) em maio deste ano, a atual presid\u00eancia conta com a seguinte composi\u00e7\u00e3o: Presidente: dom Walmor Oliveira de Azevedo, arcebispo de Belo Horizonte (MG); 1\u00ba vice-presidente: Dom Jaime Spengler, arcebispo de Porto Alegre (RS); 2\u00ba vice-presidente: dom M\u00e1rio Ant\u00f4nio da Silva, bispo de Roraima (RR); Secret\u00e1rio-geral: dom Joel Portella Amado, bispo auxiliar do Rio de Janeiro \u2013 RJ.<\/p>\n<p><strong>Programa\u00e7\u00e3o do anivers\u00e1rio de 67 anos:<\/strong><\/p>\n<p>8h \u2013 Caf\u00e9 da manh\u00e3<br \/>\n8h30 \u2013 Missa<br \/>\n9h30 \u2013 Intervalo<br \/>\n10h \u00e0s 11h45 \u2013 Apresenta\u00e7\u00e3o de document\u00e1rio sobre a vida e as obras de Irm\u00e3 Dulce<br \/>\n12 \u00e0s 12h30 \u2013 Roda de Conversa com padre Danilo dos Santos, do clero da arquidiocese de Salvador, sobre os legados da Santa<\/p>\n<p>Foto: Franco Origlia\/Getty Images<\/p>\n","protected":false},"excerpt":{"rendered":"<p>Como parte das comemora\u00e7\u00f5es de seu anivers\u00e1rio de 67 anos, nesta segunda-feira, 14 de outubro, a CNBB recebeu as rel\u00edquias de Santa Dulce dos Pobres. Para celebrar a data, dom Walmor enviou um v\u00eddeo no qual anuncia a realiza\u00e7\u00e3o de um tr\u00edduo rumo aos 70 anos da CNBB<\/p>\n","protected":false},"author":83,"featured_media":2681,"comment_status":"closed","ping_status":"open","sticky":false,"template":"","format":"standard","meta":{"site-sidebar-layout":"default","site-content-layout":"default","ast-global-header-display":"","ast-banner-title-visibility":"","ast-main-header-display":"","ast-hfb-above-header-display":"","ast-hfb-below-header-display":"","ast-hfb-mobile-header-display":"","site-post-title":"","ast-breadcrumbs-content":"","ast-featured-img":"","footer-sml-layout":"","theme-transparent-header-meta":"","adv-header-id-meta":"","stick-header-meta":"","header-above-stick-meta":"","header-main-stick-meta":"","header-below-stick-meta":""},"categories":[841],"tags":[],"acf":[],"_links":{"self":[{"href":"https:\/\/www.cnbb.org.br\/cnbb-app\/wp\/v2\/posts\/35563"}],"collection":[{"href":"https:\/\/www.cnbb.org.br\/cnbb-app\/wp\/v2\/posts"}],"about":[{"href":"https:\/\/www.cnbb.org.br\/cnbb-app\/wp\/v2\/types\/post"}],"author":[{"embeddable":true,"href":"https:\/\/www.cnbb.org.br\/cnbb-app\/wp\/v2\/users\/83"}],"replies":[{"embeddable":true,"href":"https:\/\/www.cnbb.org.br\/cnbb-app\/wp\/v2\/comments?post=35563"}],"version-history":[{"count":0,"href":"https:\/\/www.cnbb.org.br\/cnbb-app\/wp\/v2\/posts\/35563\/revisions"}],"wp:featuredmedia":[{"embeddable":true,"href":"https:\/\/www.cnbb.org.br\/cnbb-app\/wp\/v2\/media\/2681"}],"wp:attachment":[{"href":"https:\/\/www.cnbb.org.br\/cnbb-app\/wp\/v2\/media?parent=35563"}],"wp:term":[{"taxonomy":"category","embeddable":true,"href":"https:\/\/www.cnbb.org.br\/cnbb-app\/wp\/v2\/categories?post=35563"},{"taxonomy":"post_tag","embeddable":true,"href":"https:\/\/www.cnbb.org.br\/cnbb-app\/wp\/v2\/tags?post=35563"}],"curies":[{"name":"wp","href":"https:\/\/api.w.org\/{rel}","templated":true}]}}