{"id":35564,"date":"2019-10-14T00:00:00","date_gmt":"2019-10-14T03:00:00","guid":{"rendered":"https:\/\/www.cnbb.org.br\/regional-leste-1-emite-nota-de-pesar-pelo-falecimento-de-dom-elias-james-bispo-emerito-de-valenca-rj\/"},"modified":"2019-10-14T00:00:00","modified_gmt":"2019-10-14T03:00:00","slug":"regional-leste-1-emite-nota-de-pesar-pelo-falecimento-de-dom-elias-james-bispo-emerito-de-valenca-rj","status":"publish","type":"post","link":"https:\/\/www.cnbb.org.br\/regional-leste-1-emite-nota-de-pesar-pelo-falecimento-de-dom-elias-james-bispo-emerito-de-valenca-rj\/","title":{"rendered":"Regional emite nota de pesar pelo falecimento de dom Elias, bispo em\u00e9rito de Valen\u00e7a"},"content":{"rendered":"<p>O Regional Leste 1 \u2013 CNBB, com profundo pesar, comunica o falecimento do Exmo. Revmo. Dom Elias James Manning, OFM. Conv., bispo em\u00e9rito da diocese de Valen\u00e7a no Estado do Rio de Janeiro.<\/p>\n<p style=\"text-align: justify\">Natural de Troy, Nova Iorque nos Estados Unidos da Am\u00e9rica, dom Elias nasceu no dia 14 de abril de 1938. Aos vinte anos de idade recebeu o h\u00e1bito da Ordem dos Frades Menores Conventuais e o nome de Frei Elias, realizando em 08 de dezembro de 1959 a profiss\u00e3o religiosa, durante a Solenidade da Imaculada Concei\u00e7\u00e3o. Durante o per\u00edodo dos estudos acad\u00eamicos foi enviado para concluir o curso de Teologia no Semin\u00e1rio Arquidiocesano de S\u00e3o Jos\u00e9 no Rio de Janeiro. Sua ordena\u00e7\u00e3o presbiteral aconteceu no dia 30 de outubro de 1965 na sua terra natal.<\/p>\n<p>Como padre trabalhou em Pontalina no Estado de Goi\u00e1s e no Estado do Rio de Janeiro nas cidades de Araruama e na capital fluminense. Foi tamb\u00e9m Cust\u00f3dio Provincial da Ordem dos Frades Menores Conventuais. Em mar\u00e7o de 1990 foi nomeado bispo da diocese de Valen\u00e7a (RJ) pelo Papa S\u00e3o Jo\u00e3o Paulo II, recebendo a ordena\u00e7\u00e3o episcopal no dia 13 de maio do mesmo ano, ficando no governo pastoral da diocese at\u00e9 o ano de 2014, quando foi sucedido por dom Nelson Francelino Ferreira.<\/p>\n<p style=\"text-align: justify\">Al\u00e9m do servi\u00e7o pastoral como bispo diocesano de Valen\u00e7a, dom Elias foi muito presente e atuante no Regional Leste 1 \u2013 CNBB, sendo respons\u00e1vel pela Catequese e pelas Comunidades Eclesiais de Bases (CEBs). Atuou ainda como membro da Comiss\u00e3o Episcopal Pastoral para a Anima\u00e7\u00e3o B\u00edblico-Catequ\u00e9tica da Confer\u00eancia Nacional dos Bispos do Brasil (CNBB) entre os anos de 2004-2007.<\/p>\n<p style=\"text-align: justify\">Dom Elias deixa para n\u00f3s um legado de simplicidade, humildade e confian\u00e7a no Evangelho de Jesus Cristo. Firmes na esperan\u00e7a, ogamos a Deus para que acolha em seu Reino esse servo bom e fiel, um verdadeiro homem de Deus.<\/p>\n<p>Firmes na esperan\u00e7a da Ressurrei\u00e7\u00e3o,<\/p>\n<h5 style=\"text-align: center\">DOM JOS\u00c9 FRANCISCO REZENDE DIAS<br \/>\nArcebispo de Niter\u00f3i (RJ)<br \/>\nPresidente do Regional Leste 1 \u2013 CNBB<\/h5>\n<h5 style=\"text-align: center\">DOM GILSON ANDRADE DA SILVA<br \/>\nBispo de Nova Igua\u00e7u (RJ)<br \/>\nVice-presidente do Regional Leste 1 \u2013 CNBB<\/h5>\n<h5 style=\"text-align: center\">DOM TARCISIO NASCENTES DOS SANTOS<br \/>\nBispo de Duque de Caxias (RJ)<br \/>\nSecret\u00e1rio do Regional Leste 1 \u2013 CNBB<\/h5>\n","protected":false},"excerpt":{"rendered":"<p>&#8220;Dom Elias deixa para n\u00f3s um legado de simplicidade, humildade e confian\u00e7a no Evangelho de Jesus Cristo&#8221;, diz a nota assinada pela presid\u00eancia<\/p>\n","protected":false},"author":83,"featured_media":2683,"comment_status":"closed","ping_status":"open","sticky":false,"template":"","format":"standard","meta":{"site-sidebar-layout":"default","site-content-layout":"default","ast-global-header-display":"","ast-banner-title-visibility":"","ast-main-header-display":"","ast-hfb-above-header-display":"","ast-hfb-below-header-display":"","ast-hfb-mobile-header-display":"","site-post-title":"","ast-breadcrumbs-content":"","ast-featured-img":"","footer-sml-layout":"","theme-transparent-header-meta":"","adv-header-id-meta":"","stick-header-meta":"","header-above-stick-meta":"","header-main-stick-meta":"","header-below-stick-meta":""},"categories":[787,769],"tags":[],"acf":[],"_links":{"self":[{"href":"https:\/\/www.cnbb.org.br\/cnbb-app\/wp\/v2\/posts\/35564"}],"collection":[{"href":"https:\/\/www.cnbb.org.br\/cnbb-app\/wp\/v2\/posts"}],"about":[{"href":"https:\/\/www.cnbb.org.br\/cnbb-app\/wp\/v2\/types\/post"}],"author":[{"embeddable":true,"href":"https:\/\/www.cnbb.org.br\/cnbb-app\/wp\/v2\/users\/83"}],"replies":[{"embeddable":true,"href":"https:\/\/www.cnbb.org.br\/cnbb-app\/wp\/v2\/comments?post=35564"}],"version-history":[{"count":0,"href":"https:\/\/www.cnbb.org.br\/cnbb-app\/wp\/v2\/posts\/35564\/revisions"}],"wp:featuredmedia":[{"embeddable":true,"href":"https:\/\/www.cnbb.org.br\/cnbb-app\/wp\/v2\/media\/2683"}],"wp:attachment":[{"href":"https:\/\/www.cnbb.org.br\/cnbb-app\/wp\/v2\/media?parent=35564"}],"wp:term":[{"taxonomy":"category","embeddable":true,"href":"https:\/\/www.cnbb.org.br\/cnbb-app\/wp\/v2\/categories?post=35564"},{"taxonomy":"post_tag","embeddable":true,"href":"https:\/\/www.cnbb.org.br\/cnbb-app\/wp\/v2\/tags?post=35564"}],"curies":[{"name":"wp","href":"https:\/\/api.w.org\/{rel}","templated":true}]}}