{"id":35567,"date":"2019-10-15T00:00:00","date_gmt":"2019-10-15T03:00:00","guid":{"rendered":"https:\/\/www.cnbb.org.br\/67-anos-a-cnbb-e-um-pouco-de-cada-um-de-nos-disse-o-secretario-geral-dom-joel-portella\/"},"modified":"2019-10-15T00:00:00","modified_gmt":"2019-10-15T03:00:00","slug":"67-anos-a-cnbb-e-um-pouco-de-cada-um-de-nos-disse-o-secretario-geral-dom-joel-portella","status":"publish","type":"post","link":"https:\/\/www.cnbb.org.br\/67-anos-a-cnbb-e-um-pouco-de-cada-um-de-nos-disse-o-secretario-geral-dom-joel-portella\/","title":{"rendered":"67 anos: &#8220;A CNBB \u00e9 um pouco de cada um de n\u00f3s&#8221;, disse o secret\u00e1rio-geral, dom Joel Portella"},"content":{"rendered":"<figure id=\"attachment_227279\" aria-describedby=\"caption-attachment-227279\" style=\"width: 300px\" class=\"wp-caption alignleft\"><a href=\"http:\/\/www.cnbb.org.br\/67-anos-a-cnbb-e-um-pouco-de-cada-um-de-nos-disse-o-secretario-geral-dom-joel-portella\/domjoel-4\/\" rel=\"attachment wp-att-227279\"><img decoding=\"async\" loading=\"lazy\" class=\"wp-image-227279 size-medium\" src=\"https:\/\/www.cnbb.org.br\/wp-content\/uploads\/2020\/02\/domJoel.jpg\" alt=\"\" width=\"300\" height=\"214\" \/><\/a><figcaption id=\"caption-attachment-227279\" class=\"wp-caption-text\">Dom Joel Portella: &#8220;CNBB tem um pouco de cada um de n\u00f3s&#8221;. Fotos: Comunica\u00e7\u00e3o CNBB\/Daniel Flores<\/figcaption><\/figure>\n<p style=\"text-align: justify\">Elevada aos altares no dia 13 de outubro no Vaticano, Santa Dulce dos Pobres esteve no centro da celebra\u00e7\u00e3o dos 67 anos da Confer\u00eancia Nacional dos Bispos do Brasil (CNBB), na manh\u00e3 desta segunda-feira, 14 de outubro, na sede da entidade em Bras\u00edlia (DF).<\/p>\n<p style=\"text-align: justify\">A celebra\u00e7\u00e3o foi presidida pelo bispo auxiliar do Rio de Janeiro e secret\u00e1rio-geral da CNBB, dom Joel Portella Amado e concelebrada pelos padres que integram diferentes servi\u00e7os \u00e0 entidade. Colaboradores da Edi\u00e7\u00f5es CNBB e que atuam na sede participaram da celebra\u00e7\u00e3o.<\/p>\n<p style=\"text-align: justify\">Uma rel\u00edquia de Santa Dulce dos Pobres pertencente \u00e0 par\u00f3quia S\u00e3o Francisco de Assis, da Ceil\u00e2ndia Sul, foi entronizada durante a prociss\u00e3o de entrada junto aos celebrantes. O secret\u00e1rio-geral acolheu o grupo e agradeceu em nome dos presidentes da entidade.<\/p>\n<p style=\"text-align: justify\">O religioso enfatizou, em sua homilia, que a CNBB nasceu de um sonho de criar a comunh\u00e3o e a unidade entre o episcopado brasileiro. Pr\u00f3xima a completar sete d\u00e9cadas de servi\u00e7o \u00e0 Igreja e ao Brasil, dom Joel disse que quem tem f\u00e9 procura olhar para a hist\u00f3ria da entidade buscando compreender como Deus agiu, por meio das pessoas, ao longo deste tempo. \u00a0Em refer\u00eancia ao anivers\u00e1rio da CNBB, dom Joel disse que s\u00e3o 67 anos em que o Brasil e o mundo mudaram. Ao longo deste tempo, segundo o religioso, mudaram tamb\u00e9m as compreens\u00f5es de solidariedade, da justi\u00e7a e da caridade.<\/p>\n<p style=\"text-align: justify\"><strong><a href=\"http:\/\/www.cnbb.org.br\/67-anos-a-cnbb-e-um-pouco-de-cada-um-de-nos-disse-o-secretario-geral-dom-joel-portella\/concelebrantes\/\" rel=\"attachment wp-att-227281\"><img decoding=\"async\" loading=\"lazy\" class=\"size-medium wp-image-227281 alignright\" src=\"https:\/\/www.cnbb.org.br\/wp-content\/uploads\/2020\/03\/Concelebrantes-300x169.jpg\" alt=\"\" width=\"300\" height=\"169\" \/><\/a>Agradecimentos<\/strong> &#8211; O secret\u00e1rio-geral disse ter estado no domingo 13 de outubro na sala do pal\u00e1cio S\u00e3o Joaquim, sede da arquidiocese do Rio de Janeiro (RJ), onde a CNBB foi instalada em 1952. Nesta sala, ele contou que em seu \u00edntimo agradeceu a Deus que se fez presente no meio de n\u00f3s por meio de dom H\u00e9lder C\u00e2mara, por seu sonho de comunh\u00e3o e servi\u00e7o que deu origem \u00e0 CNBB.<\/p>\n<p style=\"text-align: justify\">Dom Joel disse que a CNBB \u00e9 um pouco de cada um de n\u00f3s, n\u00e3o apenas os presidentes e secret\u00e1rios-gerais que se revezaram ao longo do tempo para fazer cumprir sua miss\u00e3o mas tamb\u00e9m cada um que deixou aqui seu sorriso e suas l\u00e1grimas.<\/p>\n<p style=\"text-align: justify\">Refletindo o Evangelho do dia, dom Joel disse que a causa da CNBB \u00e9 a causa da Santa Dulce dos Pobres: \u201co trabalho pelo pequeno, pelo pobre e pelo abandonado\u201d, disse. Dom Joel disse que cada um de n\u00f3s faz a pergunta: \u201ccomo voc\u00ea, Dulce, viveu isso?\u201d. Em sua avalia\u00e7\u00e3o, ela tinha uma certeza e uma confian\u00e7a. A certeza de que amar a Deus se traduzia no amor aos pobres e sofridos.<\/p>\n<p style=\"text-align: justify\">Dom Joel disse que irm\u00e3 Dulce n\u00e3o pensava como ia resolver as coisas. Primeiro ela acolhia e depois resolvia o que fazer. \u201cSanta Dulce dos Pobres n\u00e3o foi displicente, foi confiante no amor aos pobres e a Deus\u201d, disse.<\/p>\n<p><a href=\"http:\/\/www.cnbb.org.br\/67-anos-a-cnbb-e-um-pouco-de-cada-um-de-nos-disse-o-secretario-geral-dom-joel-portella\/reliquias\/\" rel=\"attachment wp-att-227280\"><img decoding=\"async\" loading=\"lazy\" class=\"alignnone size-medium wp-image-227280\" src=\"https:\/\/www.cnbb.org.br\/wp-content\/uploads\/2020\/03\/rel\u00edqu\u00edas-300x210.jpg\" alt=\"\" width=\"300\" height=\"210\" \/><\/a><a href=\"http:\/\/www.cnbb.org.br\/67-anos-a-cnbb-e-um-pouco-de-cada-um-de-nos-disse-o-secretario-geral-dom-joel-portella\/reliquia-2\/\" rel=\"attachment wp-att-227282\"><img decoding=\"async\" loading=\"lazy\" class=\"alignnone wp-image-227282\" src=\"https:\/\/www.cnbb.org.br\/wp-content\/uploads\/2020\/03\/Rel\u00edquia-300x196.jpg\" alt=\"\" width=\"320\" height=\"210\" \/><\/a><\/p>\n<p>&nbsp;<\/p>\n","protected":false},"excerpt":{"rendered":"<p>&#8220;Santa Dulce dos Pobres n\u00e3o foi displicente, foi confiante no amor a Deus e pobres\u201d, disse dom Joel. Rel\u00edquia da Santa foi entronizada na missa<\/p>\n","protected":false},"author":83,"featured_media":35570,"comment_status":"closed","ping_status":"open","sticky":false,"template":"","format":"standard","meta":{"site-sidebar-layout":"default","site-content-layout":"default","ast-global-header-display":"","ast-banner-title-visibility":"","ast-main-header-display":"","ast-hfb-above-header-display":"","ast-hfb-below-header-display":"","ast-hfb-mobile-header-display":"","site-post-title":"","ast-breadcrumbs-content":"","ast-featured-img":"","footer-sml-layout":"","theme-transparent-header-meta":"","adv-header-id-meta":"","stick-header-meta":"","header-above-stick-meta":"","header-main-stick-meta":"","header-below-stick-meta":""},"categories":[1450,750],"tags":[1451],"acf":[],"_links":{"self":[{"href":"https:\/\/www.cnbb.org.br\/cnbb-app\/wp\/v2\/posts\/35567"}],"collection":[{"href":"https:\/\/www.cnbb.org.br\/cnbb-app\/wp\/v2\/posts"}],"about":[{"href":"https:\/\/www.cnbb.org.br\/cnbb-app\/wp\/v2\/types\/post"}],"author":[{"embeddable":true,"href":"https:\/\/www.cnbb.org.br\/cnbb-app\/wp\/v2\/users\/83"}],"replies":[{"embeddable":true,"href":"https:\/\/www.cnbb.org.br\/cnbb-app\/wp\/v2\/comments?post=35567"}],"version-history":[{"count":0,"href":"https:\/\/www.cnbb.org.br\/cnbb-app\/wp\/v2\/posts\/35567\/revisions"}],"wp:featuredmedia":[{"embeddable":true,"href":"https:\/\/www.cnbb.org.br\/cnbb-app\/wp\/v2\/media\/35570"}],"wp:attachment":[{"href":"https:\/\/www.cnbb.org.br\/cnbb-app\/wp\/v2\/media?parent=35567"}],"wp:term":[{"taxonomy":"category","embeddable":true,"href":"https:\/\/www.cnbb.org.br\/cnbb-app\/wp\/v2\/categories?post=35567"},{"taxonomy":"post_tag","embeddable":true,"href":"https:\/\/www.cnbb.org.br\/cnbb-app\/wp\/v2\/tags?post=35567"}],"curies":[{"name":"wp","href":"https:\/\/api.w.org\/{rel}","templated":true}]}}