{"id":35574,"date":"2019-10-14T00:00:00","date_gmt":"2019-10-14T03:00:00","guid":{"rendered":"https:\/\/www.cnbb.org.br\/aniversario-da-cnbb-conta-com-programacao-dedicada-a-memoria-de-santa-dulce\/"},"modified":"2019-10-14T00:00:00","modified_gmt":"2019-10-14T03:00:00","slug":"aniversario-da-cnbb-conta-com-programacao-dedicada-a-memoria-de-santa-dulce","status":"publish","type":"post","link":"https:\/\/www.cnbb.org.br\/aniversario-da-cnbb-conta-com-programacao-dedicada-a-memoria-de-santa-dulce\/","title":{"rendered":"Anivers\u00e1rio da CNBB conta com programa\u00e7\u00e3o dedicada \u00e0 mem\u00f3ria de Santa Dulce"},"content":{"rendered":"<figure id=\"attachment_227299\" aria-describedby=\"caption-attachment-227299\" style=\"width: 300px\" class=\"wp-caption alignright\"><a href=\"http:\/\/www.cnbb.org.br\/aniversario-da-cnbb-conta-com-programacao-dedicada-a-memoria-de-santa-dulce\/48897010308_45fe6eb6e4_o\/\" rel=\"attachment wp-att-227299\"><img decoding=\"async\" loading=\"lazy\" class=\"wp-image-227299 size-medium\" src=\"https:\/\/www.cnbb.org.br\/wp-content\/uploads\/2020\/03\/48897010308_45fe6eb6e4_o-scaled.jpg\" alt=\"\" width=\"300\" height=\"169\" \/><\/a><figcaption id=\"caption-attachment-227299\" class=\"wp-caption-text\">Cr\u00e9dito: Daniel Flores<\/figcaption><\/figure>\n<p style=\"text-align: justify\">Para comemorar hoje, 14 de outubro, o anivers\u00e1rio de 67 anos da Confer\u00eancia Nacional dos Bispos do Brasil (CNBB), diversas atividades estavam previstas na sede da entidade, em Bras\u00edlia (DF), dirigidas aos colaboradores que atuam na Matriz e convidados. Como parte da programa\u00e7\u00e3o que esteve embasada na mem\u00f3ria de Santa Dulce, religiosa baiana canonizada pelo papa Francisco neste \u00faltimo domingo, 13 de outubro, houve uma missa presidida pelo secret\u00e1rio-geral da CNBB, dom Joel Portella Amado, \u00e0s 8h30.<\/p>\n<figure id=\"attachment_227300\" aria-describedby=\"caption-attachment-227300\" style=\"width: 300px\" class=\"wp-caption alignleft\"><a href=\"http:\/\/www.cnbb.org.br\/aniversario-da-cnbb-conta-com-programacao-dedicada-a-memoria-de-santa-dulce\/whatsapp-image-2019-10-14-at-13-48-17\/\" rel=\"attachment wp-att-227300\"><img decoding=\"async\" loading=\"lazy\" class=\"wp-image-227300 size-medium\" src=\"https:\/\/www.cnbb.org.br\/wp-content\/uploads\/2020\/03\/WhatsApp-Image-2019-10-14-at-13.48.17-300x146.jpeg\" alt=\"\" width=\"300\" height=\"146\" \/><\/a><figcaption id=\"caption-attachment-227300\" class=\"wp-caption-text\">Renata Macedo, colaboradora do Setor de Contabilidade da CNBB. Cr\u00e9dito: Daniel Flores\/CNBB<\/figcaption><\/figure>\n<p style=\"text-align: justify\">A apresenta\u00e7\u00e3o de um document\u00e1rio sobre a vida e as obras da santa brasileira, tamb\u00e9m foi exibido para os presentes no audit\u00f3rio da entidade, \u00e0s 10h. O filme narra a trajet\u00f3ria de Santa Dulce, chamada em vida de \u201cAnjo Bom da Bahia\u201d, gra\u00e7as a sua dedica\u00e7\u00e3o aos mais pobres, necessitados, doentes e miser\u00e1veis. No Document\u00e1rio, a atual santa brasileira enfrenta o preconceito, o machismo e os dogmas da igreja, al\u00e9m de sua pr\u00f3pria doen\u00e7a respirat\u00f3ria, para construir sua obra social.<\/p>\n<figure id=\"attachment_227302\" aria-describedby=\"caption-attachment-227302\" style=\"width: 300px\" class=\"wp-caption alignright\"><a href=\"http:\/\/www.cnbb.org.br\/aniversario-da-cnbb-conta-com-programacao-dedicada-a-memoria-de-santa-dulce\/48897757077_f84e402382_o\/\" rel=\"attachment wp-att-227302\"><img decoding=\"async\" loading=\"lazy\" class=\"wp-image-227302 size-medium\" src=\"https:\/\/www.cnbb.org.br\/wp-content\/uploads\/2020\/03\/48897757077_f84e402382_o-scaled.jpg\" alt=\"\" width=\"300\" height=\"169\" \/><\/a><figcaption id=\"caption-attachment-227302\" class=\"wp-caption-text\">Document\u00e1rio exibido aos colaboradores durante a comemora\u00e7\u00e3o de 67 anos da CNBB<\/figcaption><\/figure>\n<p style=\"text-align: justify\">\u201cFiquei muito emocionada com a hist\u00f3ria da Santa Dulce\u201d, afirmou Renata Macedo, colaboradora do Setor de Contabilidade da CNBB. Ela atuou na Comiss\u00e3o organizadora da festa junto com outras cinco pessoas. \u201cEst\u00e1vamos a mais de um m\u00eas planejando esta festa. Felizmente saiu tudo como planejado\u201d, contou.<\/p>\n<p style=\"text-align: justify\">Ainda no Audit\u00f3rio, em uma Roda de Conversa realizada \u00e0s 12h com o padre Danilo Pinto dos Santos, do clero da arquidiocese de Salvador e assessor nacional da Comiss\u00e3o para a Cultura e Educa\u00e7\u00e3o da CNBB, os participantes tiveram a oportunidade de refletir sobre a vida e a obra da santa. \u201c\u00c9 uma oportunidade de falarmos a respeito do jeito, do meio pelo qual ela exerceu a dimens\u00e3o sociotransformadora da sua f\u00e9, por meio do qual ela apresentou o An\u00fancio de Jesus Cristo manifestado, sobretudo, atrav\u00e9s do cuidado com aqueles que eram mais necessitados \u00e0 \u00e9poca\u201d, afirmou padre Danilo.<\/p>\n<figure id=\"attachment_227298\" aria-describedby=\"caption-attachment-227298\" style=\"width: 300px\" class=\"wp-caption alignleft\"><a href=\"http:\/\/www.cnbb.org.br\/aniversario-da-cnbb-conta-com-programacao-dedicada-a-memoria-de-santa-dulce\/48897400663_f5b6d5305b_o\/\" rel=\"attachment wp-att-227298\"><img decoding=\"async\" loading=\"lazy\" class=\"wp-image-227298 size-medium\" src=\"https:\/\/www.cnbb.org.br\/wp-content\/uploads\/2020\/03\/48897400663_f5b6d5305b_o-scaled.jpg\" alt=\"\" width=\"300\" height=\"169\" \/><\/a><figcaption id=\"caption-attachment-227298\" class=\"wp-caption-text\">Padre Danilo Pinto dos Santos, do clero da arquidiocese de Salvador e assessor nacional da Comiss\u00e3o para a Cultura e Educa\u00e7\u00e3o da CNBB. Cr\u00e9dito: Daniel Flores\/CNBB<\/figcaption><\/figure>\n<p style=\"text-align: justify\">Natural de Salvador, padre Danilo disse que fica muito impressionado com o amor do povo baiano por Santa Dulce. \u201cCom a presen\u00e7a de Santa Dulce em Salvador, todo aquele que era pobre e vulner\u00e1vel sabia que existia um lugar na cidade que poderia encontrar apoio, acolhida, cuidado, acho que \u00e9 isso que fica desse exemplo de santidade de irm\u00e3 Dulce para todo o povo baiano e para todos n\u00f3s que em diferentes lugares do pa\u00eds admiramos o seu exemplo e tamb\u00e9m nos questionamentos porque ainda n\u00e3o estamos fazendo o mesmo\u201d, salientou.<\/p>\n<p style=\"text-align: justify\">A programa\u00e7\u00e3o foi finalizada com um almo\u00e7o exclusivo dedicado a todos os participantes. Radiante com a celebra\u00e7\u00e3o e toda a comemora\u00e7\u00e3o, dom Joel Portella disse que contemplar a Santa Dulce e a hist\u00f3ria de 67 anos da CNBB s\u00e3o momentos de luz, alegria, f\u00e9 e esperan\u00e7a. \u201cEla permaneceu ao longo dos 67 anos da CNBB e deve permanecer ainda que o mundo se transforme&#8221;, finalizou o bispo. Na ocasi\u00e3o, os colaboradores cantaram parab\u00e9ns e partiram um bolo em homenagem \u00e0 Confer\u00eancia.<\/p>\n<p><a href=\"http:\/\/www.cnbb.org.br\/aniversario-da-cnbb-conta-com-programacao-dedicada-a-memoria-de-santa-dulce\/48898625716_048beec9e4_o\/\" rel=\"attachment wp-att-227305\"><img decoding=\"async\" loading=\"lazy\" class=\"size-medium wp-image-227305 aligncenter\" src=\"https:\/\/www.cnbb.org.br\/wp-content\/uploads\/2020\/03\/48898625716_048beec9e4_o-scaled.jpg\" alt=\"\" width=\"300\" height=\"169\" \/><\/a><\/p>\n","protected":false},"excerpt":{"rendered":"<p>A apresenta\u00e7\u00e3o de um document\u00e1rio sobre a vida e as obras da santa brasileira e uma roda de conversa estiveram entre as atividades<\/p>\n","protected":false},"author":83,"featured_media":35579,"comment_status":"closed","ping_status":"open","sticky":false,"template":"","format":"standard","meta":{"site-sidebar-layout":"default","site-content-layout":"default","ast-global-header-display":"","ast-banner-title-visibility":"","ast-main-header-display":"","ast-hfb-above-header-display":"","ast-hfb-below-header-display":"","ast-hfb-mobile-header-display":"","site-post-title":"","ast-breadcrumbs-content":"","ast-featured-img":"","footer-sml-layout":"","theme-transparent-header-meta":"","adv-header-id-meta":"","stick-header-meta":"","header-above-stick-meta":"","header-main-stick-meta":"","header-below-stick-meta":""},"categories":[1450,750],"tags":[],"acf":[],"_links":{"self":[{"href":"https:\/\/www.cnbb.org.br\/cnbb-app\/wp\/v2\/posts\/35574"}],"collection":[{"href":"https:\/\/www.cnbb.org.br\/cnbb-app\/wp\/v2\/posts"}],"about":[{"href":"https:\/\/www.cnbb.org.br\/cnbb-app\/wp\/v2\/types\/post"}],"author":[{"embeddable":true,"href":"https:\/\/www.cnbb.org.br\/cnbb-app\/wp\/v2\/users\/83"}],"replies":[{"embeddable":true,"href":"https:\/\/www.cnbb.org.br\/cnbb-app\/wp\/v2\/comments?post=35574"}],"version-history":[{"count":0,"href":"https:\/\/www.cnbb.org.br\/cnbb-app\/wp\/v2\/posts\/35574\/revisions"}],"wp:featuredmedia":[{"embeddable":true,"href":"https:\/\/www.cnbb.org.br\/cnbb-app\/wp\/v2\/media\/35579"}],"wp:attachment":[{"href":"https:\/\/www.cnbb.org.br\/cnbb-app\/wp\/v2\/media?parent=35574"}],"wp:term":[{"taxonomy":"category","embeddable":true,"href":"https:\/\/www.cnbb.org.br\/cnbb-app\/wp\/v2\/categories?post=35574"},{"taxonomy":"post_tag","embeddable":true,"href":"https:\/\/www.cnbb.org.br\/cnbb-app\/wp\/v2\/tags?post=35574"}],"curies":[{"name":"wp","href":"https:\/\/api.w.org\/{rel}","templated":true}]}}