{"id":35581,"date":"2019-10-15T00:00:00","date_gmt":"2019-10-15T03:00:00","guid":{"rendered":"https:\/\/www.cnbb.org.br\/cirio-de-nazare-leva-multidao-as-ruas-de-belem-dois-milhoes-de-pessoas-participaram-de-procissao\/"},"modified":"2020-10-23T14:46:19","modified_gmt":"2020-10-23T17:46:19","slug":"cirio-de-nazare-leva-multidao-as-ruas-de-belem-dois-milhoes-de-pessoas-participaram-de-procissao","status":"publish","type":"post","link":"https:\/\/www.cnbb.org.br\/cirio-de-nazare-leva-multidao-as-ruas-de-belem-dois-milhoes-de-pessoas-participaram-de-procissao\/","title":{"rendered":"C\u00edrio de Nazar\u00e9 leva multid\u00e3o \u00e0s ruas de Bel\u00e9m. Dois milh\u00f5es de pessoas em prociss\u00e3o"},"content":{"rendered":"<p style=\"text-align: justify\">O C\u00edrio de Nossa Senhora de Nazar\u00e9 reuniu mais de dois milh\u00f5es de pessoas, na manh\u00e3 do \u00faltimo domingo, 13 de outubro. A caminhada iniciou com a Missa presidida pelo n\u00fancio apost\u00f3lico no Brasil, dom Giovanni D\u2019Aniello, \u00e0s 5h30, na frente da Catedral Metropolitana de Bel\u00e9m (PA). Em seguida, o C\u00edrio seguiu seu percurso de aproximadamente 3,7 quil\u00f4metros at\u00e9 a Pra\u00e7a da Bas\u00edlica Santu\u00e1rio de Nazar\u00e9.<\/p>\n<figure id=\"attachment_227334\" aria-describedby=\"caption-attachment-227334\" style=\"width: 300px\" class=\"wp-caption alignleft\"><img decoding=\"async\" loading=\"lazy\" class=\"size-medium wp-image-227334\" src=\"https:\/\/www.cnbb.org.br\/wp-content\/uploads\/2020\/03\/C\u00edrio-de-Nazar\u00e9-2019-Leonardo-Monteiro-1-300x240.jpg\" alt=\"\" width=\"300\" height=\"240\" \/><figcaption id=\"caption-attachment-227334\" class=\"wp-caption-text\"><em>Foto: Leonardo Monteiro\/CNBB Norte 2<\/em><\/figcaption><\/figure>\n<p style=\"text-align: justify\">Em sua 227\u00aa edi\u00e7\u00e3o, o C\u00edrio novamente coloriu ruas, mares e c\u00e9us da capital paraense. O brilho das diversas homenagens refletia a alma do povo devoto que n\u00e3o mediu esfor\u00e7os para acompanhar a prociss\u00e3o mesmo numa temperatura alta, pr\u00f3pria da cidade. Por onde a berlinda com a imagem peregrina passava, recebia aplausos, \u2018vivas\u2019, foguetes com efeitos visuais, confetes e at\u00e9 p\u00e9talas de rosas. O C\u00edrio conta ainda com outros elementos interessantes, como a corda de 400 metros que puxa o carro-andor de Nossa Senhora e \u00e9 altamente disputada por promesseiros. A prociss\u00e3o tem ainda 13 carros de promessas que s\u00e3o conduzidos por alunos de escolas da rede privada e p\u00fablica, eles recolhem os s\u00edmbolos de promessa dos romeiros como: casas de isopor, velas, partes do corpo humano em cera, etc. As escolas tamb\u00e9m t\u00eam presen\u00e7a na chegada da prociss\u00e3o quando s\u00e3o representadas por seus alunos, no corredor central da pra\u00e7a, segurando as bandeiras dos 26 estados brasileiros e do Distrito Federal.<\/p>\n<figure id=\"attachment_227336\" aria-describedby=\"caption-attachment-227336\" style=\"width: 200px\" class=\"wp-caption alignright\"><img decoding=\"async\" loading=\"lazy\" class=\"size-medium wp-image-227336\" src=\"https:\/\/www.cnbb.org.br\/wp-content\/uploads\/2020\/03\/C\u00edrio-de-Nazar\u00e9-2019-Leonardo-Monteiro-4-rotated.jpg\" alt=\"\" width=\"200\" height=\"300\" \/><figcaption id=\"caption-attachment-227336\" class=\"wp-caption-text\"><em>Brenda Carine Rodrigues | Foto: Leonardo Monteiro\/CNBB Norte 2<\/em><\/figcaption><\/figure>\n<p style=\"text-align: justify\">A advogada Brenda Carine Rodrigues, de 24 anos, acompanhou todo o percurso carregando sobre a cabe\u00e7a um\u00a0<em>vade mecum\u00a0<\/em>do curso de direito. Rec\u00e9m-formada, a jovem fez uma promessa a Nossa Senhora: se conseguisse aprova\u00e7\u00e3o no exame da Ordem dos Advogados do Brasil (OAB), ela carregaria o livro durante toda a caminhada. \u201cQuando acreditamos, alcan\u00e7amos. Isso representa, para mim, a f\u00e9. Pedi ajuda dela para terminar meu curso e, depois passar no exame que foi uma prova bem dif\u00edcil, mas eu consegui. Sempre fui devota dela, desde beb\u00ea eu acompanhava o C\u00edrio no colo da minha m\u00e3e, este ano quis trazer este livro como forma de agradecimento\u201d, contou.<\/p>\n<p style=\"text-align: justify\">Por causa do S\u00ednodo dos Bispos para a Amaz\u00f4nia, o arcebispo metropolitano de Bel\u00e9m, dom Alberto Taveira Corr\u00eaa, com seus auxiliares, dom Ant\u00f4nio Ribeiro e dom Irineu Roman, n\u00e3o estiveram presentes. Por convite deles, esteve \u00e0 frente da prociss\u00e3o o bispo de Crato (CE), dom Gilberto Pastana. O prelado, que \u00e9 paraense, j\u00e1 tinha participado do C\u00edrio como seminarista e padre, mas esta foi a primeira vez em quatorze anos de bispo, que ele p\u00f4de participar da prociss\u00e3o, fazendo quest\u00e3o de acompanhar do in\u00edcio ao fim.<\/p>\n<figure id=\"attachment_227339\" aria-describedby=\"caption-attachment-227339\" style=\"width: 200px\" class=\"wp-caption alignleft\"><img decoding=\"async\" loading=\"lazy\" class=\"size-medium wp-image-227339\" src=\"https:\/\/www.cnbb.org.br\/wp-content\/uploads\/2020\/03\/C\u00edrio-de-Nazar\u00e9-2019-Leonardo-Monteiro-3-rotated.jpg\" alt=\"\" width=\"200\" height=\"300\" \/><figcaption id=\"caption-attachment-227339\" class=\"wp-caption-text\"><em>Dom Gilberto Pastana | Foto: Leonardo Monteiro\/CNBB Norte 2<\/em><\/figcaption><\/figure>\n<p style=\"text-align: justify\">Ao chegar o C\u00edrio na Pra\u00e7a Santu\u00e1rio, por volta das 11h28, marcando um dos C\u00edrios mais r\u00e1pidos da hist\u00f3ria, dom Gilberto alocou a imagem num nicho devidamente preparado e presidiu a Santa Missa de encerramento da prociss\u00e3o. \u201cFomos trazidos por ela e por Seu Filho at\u00e9 aqui, aben\u00e7oado seja quem fez esta caminhada rogando-se a Nossa Senhora, colocando nesta ora\u00e7\u00e3o a sua responsabilidade e necessidade de contribuir e esfor\u00e7ar-se em ser cada dia melhor, conduzidos pelos valores evang\u00e9licos da paz da fraternidade, da partilha e do amor. Que Nossa Senhora alimente cada vez mais este prop\u00f3sito em n\u00f3s\u201d, destacou em sua homilia.<\/p>\n<p style=\"text-align: justify\">Outros bispos acompanharam os festejos. Al\u00e9m do N\u00fancio Apost\u00f3lico, que presidiu as Missas de sa\u00edda das prociss\u00f5es da Traslada\u00e7\u00e3o e C\u00edrio, estavam tamb\u00e9m presentes o arcebispo militar do Brasil, dom Fernando Guimar\u00e3es, dom Fernando Panico, bispo em\u00e9rito de Crato (CE), e o bispo prelado em\u00e9rito do Maraj\u00f3 (PA), dom Jos\u00e9 Lu\u00eds Azcona.<\/p>\n<p style=\"text-align: justify\">A quadra nazarena, como \u00e9 chamada a festividade de Nossa Senhora de Nazar\u00e9, segue at\u00e9 o pr\u00f3ximo dia 28. At\u00e9 l\u00e1 ainda ocorrer\u00e3o mais 6 romarias: da juventude, das crian\u00e7as, dos ciclistas, dos corredores, a prociss\u00e3o da festa e o rec\u00edrio, que encerra a festividade. A cada dia um bispo convidado estar\u00e1 presente presidindo a Santa Missa e fazendo prega\u00e7\u00f5es sobre o tema central da festa que \u00e9: \u201cMaria, M\u00e3e da Igreja\u201d, em alus\u00e3o aos jubileu de 300 anos da cria\u00e7\u00e3o da Diocese de Bel\u00e9m do Par\u00e1 e a realiza\u00e7\u00e3o do S\u00ednodo Pan-Amaz\u00f4nico.<\/p>\n<p>&nbsp;<\/p>\n<h5><em>Leonardo Monteiro | CNBB Norte 2\u00a0<\/em><\/h5>\n","protected":false},"excerpt":{"rendered":"<p>Festa deste ano tem como tema \u201cMaria, M\u00e3e da Igreja\u201d, em alus\u00e3o ao jubileu de 300 anos da cria\u00e7\u00e3o da Diocese de Bel\u00e9m do Par\u00e1<\/p>\n","protected":false},"author":83,"featured_media":35584,"comment_status":"closed","ping_status":"open","sticky":false,"template":"","format":"standard","meta":{"site-sidebar-layout":"default","site-content-layout":"default","ast-global-header-display":"","ast-banner-title-visibility":"","ast-main-header-display":"","ast-hfb-above-header-display":"","ast-hfb-below-header-display":"","ast-hfb-mobile-header-display":"","site-post-title":"","ast-breadcrumbs-content":"","ast-featured-img":"","footer-sml-layout":"","theme-transparent-header-meta":"","adv-header-id-meta":"","stick-header-meta":"","header-above-stick-meta":"","header-main-stick-meta":"","header-below-stick-meta":""},"categories":[841],"tags":[1900],"acf":[],"_links":{"self":[{"href":"https:\/\/www.cnbb.org.br\/cnbb-app\/wp\/v2\/posts\/35581"}],"collection":[{"href":"https:\/\/www.cnbb.org.br\/cnbb-app\/wp\/v2\/posts"}],"about":[{"href":"https:\/\/www.cnbb.org.br\/cnbb-app\/wp\/v2\/types\/post"}],"author":[{"embeddable":true,"href":"https:\/\/www.cnbb.org.br\/cnbb-app\/wp\/v2\/users\/83"}],"replies":[{"embeddable":true,"href":"https:\/\/www.cnbb.org.br\/cnbb-app\/wp\/v2\/comments?post=35581"}],"version-history":[{"count":0,"href":"https:\/\/www.cnbb.org.br\/cnbb-app\/wp\/v2\/posts\/35581\/revisions"}],"wp:featuredmedia":[{"embeddable":true,"href":"https:\/\/www.cnbb.org.br\/cnbb-app\/wp\/v2\/media\/35584"}],"wp:attachment":[{"href":"https:\/\/www.cnbb.org.br\/cnbb-app\/wp\/v2\/media?parent=35581"}],"wp:term":[{"taxonomy":"category","embeddable":true,"href":"https:\/\/www.cnbb.org.br\/cnbb-app\/wp\/v2\/categories?post=35581"},{"taxonomy":"post_tag","embeddable":true,"href":"https:\/\/www.cnbb.org.br\/cnbb-app\/wp\/v2\/tags?post=35581"}],"curies":[{"name":"wp","href":"https:\/\/api.w.org\/{rel}","templated":true}]}}