{"id":35592,"date":"2019-10-15T00:00:00","date_gmt":"2019-10-15T03:00:00","guid":{"rendered":"https:\/\/www.cnbb.org.br\/amazonia-eu-com-isso\/"},"modified":"2019-10-15T00:00:00","modified_gmt":"2019-10-15T03:00:00","slug":"amazonia-eu-com-isso","status":"publish","type":"post","link":"https:\/\/www.cnbb.org.br\/amazonia-eu-com-isso\/","title":{"rendered":"Amaz\u00f4nia: Eu com isso?"},"content":{"rendered":"<p style=\"text-align: right\"><strong>Dom Pedro Carlos Cipollini<br \/>\nBispo de Santo Andr\u00e9<\/strong><\/p>\n<p>&nbsp;<\/p>\n<p style=\"text-align: justify\">No corre-corre do dia a dia, certamente voc\u00ea ouviu falar dos debates que envolvem a Amaz\u00f4nia. Na TV viu os inc\u00eandios que a assolam, devorando a floresta. Parece algo t\u00e3o longe, mas na realidade este assunto diz respeito a todos. Somos e seremos afetados pelo modo como as florestas do mundo est\u00e3o sendo tratadas. Quero partilhar com voc\u00ea sobre o s\u00ednodo Amaz\u00f4nico que est\u00e1 acontecendo em Roma.<\/p>\n<p style=\"text-align: justify\">O S\u00ednodo Especial dos Bispos para a Amaz\u00f4nia, que iniciou-se dia 6 de outubro, no Vaticano, vai at\u00e9 dia 24. Convocado pelo Papa Francisco, tem como tema \u201cAmaz\u00f4nia: novos caminhos para a Igreja e para uma ecologia integral\u201d.<\/p>\n<p style=\"text-align: justify\">O contexto amplo do s\u00ednodo \u00e9\u00a0 a grave crise socioambiental de que fala o documento papal, que usa uma express\u00e3o de S\u00e3o Francisco de Assis,\u00a0 intitulado\u00a0<em>Laudato si (Louvado Seja):\u00a0<\/em>\u00a0<strong>a)<\/strong>\u00a0A crise clim\u00e1tica, ou seja, o aquecimento global pelo efeito estufa;\u00a0<strong>b)<\/strong>\u00a0a crise ecol\u00f3gica em consequ\u00eancia da degrada\u00e7\u00e3o, contamina\u00e7\u00e3o, depreda\u00e7\u00e3o e devasta\u00e7\u00e3o do planeta, em especial na Amaz\u00f4nia;\u00a0<strong>c)<\/strong>\u00a0e a crescente crise social: pobreza e mis\u00e9ria gritante que atinge grande parte dos seres humanos e, na Amaz\u00f4nia, os ind\u00edgenas, os ribeirinhos, pequenos agricultores e os que vivem nas periferias das cidades amaz\u00f4nicas.<\/p>\n<p style=\"text-align: justify\">Mas, a<em>\u00a0Laudato<\/em>\u00a0<em>si\u2019<\/em>\u00a0alerta: \u201cHoje, n\u00e3o podemos deixar de reconhecer que uma verdadeira abordagem ecol\u00f3gica sempre se torna uma abordagem social, que deve integrar a justi\u00e7a nos debates sobre o meio ambiente, para ouvir tanto o clamor da terra como o clamor dos pobres\u201d(cf. n.49). N\u00e3o h\u00e1 duas crises separadas: uma ambiental e outra social, mas uma \u00fanica e complexa crise socioambiental. As diretrizes para a solu\u00e7\u00e3o requerem uma abordagem integral para combater a pobreza, devolver a dignidade aos exclu\u00eddos, e simultaneamente, cuidar da natureza. Tudo est\u00e1 interligado.<\/p>\n<p style=\"text-align: justify\">J\u00e1 no an\u00fancio do s\u00ednodo, em 2017, o Papa indicava seus pontos fundamentais, ou seja, na Amaz\u00f4nia \u201cencontrar novos caminhos para a evangeliza\u00e7\u00e3o daquela por\u00e7\u00e3o do Povo de Deus, sobretudo dos ind\u00edgenas, muitas vezes esquecidos e sem a perspectiva de um futuro sereno, tamb\u00e9m por causa da crise da floresta amaz\u00f4nica, pulm\u00e3o de import\u00e2ncia fundamental para o nosso planeta\u201d. Portanto, grandes temas: evangeliza\u00e7\u00e3o, novos caminhos, ind\u00edgenas e floresta. Tudo isto foi sintetizado no tema do s\u00ednodo: \u201c<em>Amaz\u00f4nia: novos caminhos para a Igreja e para uma ecologia integral<\/em>\u201d.<\/p>\n<p style=\"text-align: justify\">Trata-se da miss\u00e3o da Igreja na Amaz\u00f4nia: evangelizar, isto \u00e9, anunciar Jesus Cristo e seu Reino de justi\u00e7a e paz e consequentemente cuidar da \u201ccasa comum\u201d, a Terra. No fundo, trata-se de cuidar e defender a vida, tanto de todos os seres humanos, especialmente os ind\u00edgenas, que ali vivem, quanto da biodiversidade. Jesus disse: \u201cEu vim para que tenham vida, e a tenham em abund\u00e2ncia\u201d (Jo, 10,10).<\/p>\n<p style=\"text-align: justify\">Neste contexto, \u00e9 importante o que o Papa Francisco chama de \u201cecologia integral\u201d, para dizer que tudo est\u00e1 interligado, os seres humanos, a vida comunit\u00e1ria e social, e a natureza. O que se faz de mal \u00e0 terra, acaba fazendo mal aos seres humanos e vice-versa. H\u00e1 necessidade de uma convers\u00e3o ecol\u00f3gica, inspirada em S\u00e3o Francisco de Assis. Trata-se de propor uma s\u00e3 rela\u00e7\u00e3o com a cria\u00e7\u00e3o como dimens\u00e3o da convers\u00e3o integral da pessoa. Mudan\u00e7a no modo de se relacionar com a Natureza.<\/p>\n<p style=\"text-align: justify\">Isto Implica consci\u00eancia amorosa de n\u00e3o estar separado das outras criaturas, mas de formarmos uma comunh\u00e3o universal. \u00c9 preciso ter a consci\u00eancia de que cada criatura reflete algo de Deus, e tem uma mensagem para transmitir, ou a certeza de que Jesus Cristo assumiu em Si mesmo este mundo material e, agora ressuscitado, habita no \u00edntimo de cada ser, envolvendo-o com o seu carinho e penetrando-o com sua luz.<\/p>\n<p style=\"text-align: justify\">Somos chamados a reconhecer que Deus criou o mundo e o entregou para que cuidemos dele, e n\u00e3o para desfrut\u00e1-lo de forma desastrada, sacrificando tudo ao lucro e ao dinheiro, correndo o risco de destru\u00ed-lo e prejudicar a humanidade toda.<\/p>\n","protected":false},"excerpt":{"rendered":"<p>Dom Pedro Carlos Cipollini Bispo de Santo Andr\u00e9 &nbsp; No corre-corre do dia a dia, certamente voc\u00ea ouviu falar dos debates que envolvem a Amaz\u00f4nia. Na TV viu os inc\u00eandios que a assolam, devorando a floresta. Parece algo t\u00e3o longe, mas na realidade este assunto diz respeito a todos. Somos e seremos afetados pelo modo &hellip;<\/p>\n<p class=\"read-more\"> <a class=\"\" href=\"https:\/\/www.cnbb.org.br\/amazonia-eu-com-isso\/\"> <span class=\"screen-reader-text\">Amaz\u00f4nia: Eu com isso?<\/span> Leia mais &raquo;<\/a><\/p>\n","protected":false},"author":28,"featured_media":0,"comment_status":"closed","ping_status":"open","sticky":false,"template":"","format":"standard","meta":{"site-sidebar-layout":"default","site-content-layout":"default","ast-global-header-display":"","ast-banner-title-visibility":"","ast-main-header-display":"","ast-hfb-above-header-display":"","ast-hfb-below-header-display":"","ast-hfb-mobile-header-display":"","site-post-title":"","ast-breadcrumbs-content":"","ast-featured-img":"","footer-sml-layout":"","theme-transparent-header-meta":"","adv-header-id-meta":"","stick-header-meta":"","header-above-stick-meta":"","header-main-stick-meta":"","header-below-stick-meta":""},"categories":[758],"tags":[],"acf":[],"_links":{"self":[{"href":"https:\/\/www.cnbb.org.br\/cnbb-app\/wp\/v2\/posts\/35592"}],"collection":[{"href":"https:\/\/www.cnbb.org.br\/cnbb-app\/wp\/v2\/posts"}],"about":[{"href":"https:\/\/www.cnbb.org.br\/cnbb-app\/wp\/v2\/types\/post"}],"author":[{"embeddable":true,"href":"https:\/\/www.cnbb.org.br\/cnbb-app\/wp\/v2\/users\/28"}],"replies":[{"embeddable":true,"href":"https:\/\/www.cnbb.org.br\/cnbb-app\/wp\/v2\/comments?post=35592"}],"version-history":[{"count":0,"href":"https:\/\/www.cnbb.org.br\/cnbb-app\/wp\/v2\/posts\/35592\/revisions"}],"wp:attachment":[{"href":"https:\/\/www.cnbb.org.br\/cnbb-app\/wp\/v2\/media?parent=35592"}],"wp:term":[{"taxonomy":"category","embeddable":true,"href":"https:\/\/www.cnbb.org.br\/cnbb-app\/wp\/v2\/categories?post=35592"},{"taxonomy":"post_tag","embeddable":true,"href":"https:\/\/www.cnbb.org.br\/cnbb-app\/wp\/v2\/tags?post=35592"}],"curies":[{"name":"wp","href":"https:\/\/api.w.org\/{rel}","templated":true}]}}