{"id":35598,"date":"2019-10-16T00:00:00","date_gmt":"2019-10-16T03:00:00","guid":{"rendered":"https:\/\/www.cnbb.org.br\/cnbb-recebe-bispo-do-timor-leste-com-quem-a-igreja-no-brasil-mantem-parceria-desde-os-anos-2000\/"},"modified":"2020-10-23T14:32:40","modified_gmt":"2020-10-23T17:32:40","slug":"cnbb-recebe-bispo-do-timor-leste-com-quem-a-igreja-no-brasil-mantem-parceria-desde-os-anos-2000","status":"publish","type":"post","link":"https:\/\/www.cnbb.org.br\/cnbb-recebe-bispo-do-timor-leste-com-quem-a-igreja-no-brasil-mantem-parceria-desde-os-anos-2000\/","title":{"rendered":"CNBB recebe bispo do Timor Leste com quem a Igreja no Brasil mant\u00e9m parceria desde 2000"},"content":{"rendered":"<p style=\"text-align: justify\">No pr\u00f3ximo dia 17 de outubro, quinta-feira, dom V\u00edrg\u00edlio do Carmo da Silva, arcebispo de D\u00edli, capital do Timor Leste, inicia em Bras\u00edlia-DF, uma visita pastoral cujo objetivo \u00e9 formalizar uma nova etapa de conv\u00eanio que a Confer\u00eancia Nacional dos Bispos do Brasil (CNBB), por meio da Comiss\u00e3o Episcopal Pastoral para a A\u00e7\u00e3o Mission\u00e1ria e Coopera\u00e7\u00e3o Intereclesial, e a Pontif\u00edcia Universidade Cat\u00f3lica do Paran\u00e1 (PUC-PR) mant\u00e9m para envio de professores ao Timor Leste.<\/p>\n<p style=\"text-align: justify\">As atividades come\u00e7am \u00e0s 9h30, com uma missa a ser celebrada pelo secret\u00e1rio-geral da CNBB, dom Joel Portella Amado. \u00c0s 10h30, o arcebispo de D\u00edli conversa com jornalistas para falar sobre o projeto que a Igreja de Timor Leste mant\u00e9m com a Igreja no Brasil. Na programa\u00e7\u00e3o, est\u00e1 incluso ainda um almo\u00e7o na Nunciatura Apost\u00f3lica no Brasil e visitas \u00e0s Pontif\u00edcias Obras Mission\u00e1rias e a pontos tur\u00edsticos da capital. De Bras\u00edlia, o bispo segue para Curitiba onde, dia 18 de outubro, realizar\u00e1 reuni\u00f5es na PUC do Paran\u00e1 para formaliza\u00e7\u00e3o de nova etapa da coopera\u00e7\u00e3o.<\/p>\n<p style=\"text-align: justify\">Trata-se do Projeto de Solidariedade entre as Igrejas do Brasil e do Timor Leste, que surgiu ainda em 2012, ap\u00f3s o 10\u00ba Encontro da Confer\u00eancia dos Bispos de Pa\u00edses Lus\u00f3fonos. O objetivo \u00e9 cooperar com as Igrejas locais do Timor Leste, no que diz respeito \u00e0 forma\u00e7\u00e3o dos seminaristas nas \u00e1reas de Filosofia, Teologia e L\u00edngua Portuguesa. O projeto de coopera\u00e7\u00e3o, aprovado pelo Conselho Permanente da CNBB em 2012, consiste no envio de dois professores da Pontif\u00edcia Universidade Cat\u00f3lica do Paran\u00e1 (PUC-PR) a cada semestre para auxiliar na forma\u00e7\u00e3o dos futuros presb\u00edteros e de professores atrav\u00e9s dos cursos de mestrado e doutorado.<\/p>\n<p style=\"text-align: justify\">A maioria dos docentes enviados s\u00e3o de tr\u00eas programas de P\u00f3s-Gradua\u00e7\u00e3o da PUCPR dos cursos de Teologia, Filosofia e Bio\u00e9tica. As atividades dos docentes inclu\u00edram aulas no Instituto Superior de Filosofia e Teologia de D\u00edli, onde lecionaram diversas disciplinas, conforme a sua \u00e1rea de forma\u00e7\u00e3o. Tamb\u00e9m fez parte do projeto um Curso de Forma\u00e7\u00e3o Continuada para o clero local.<\/p>\n<p style=\"text-align: justify\">Um dos professores enviados ao Timor Leste por meio desta parceria foi o M\u00e1rio Ant\u00f4nio Sanches que lecionou as disciplinas de Bio\u00e9tica e Antropologia no curso de Filosofia do Instituto Superior de Filosofia e Teologia Dom Jaime Garcia Goulart, na capital D\u00edli, nos meses de fevereiro e mar\u00e7o de 2014. O professor M\u00e1rio Ant\u00f4nio tamb\u00e9m estar\u00e1 na CNBB, acompanhando o bispo do Timor Leste, para falar sobre esta parceria e experi\u00eancia.<\/p>\n<p style=\"text-align: justify\"><strong>Dados e hist\u00f3rico<\/strong> &#8211; Desde o ano 2000, a Igreja no Brasil mant\u00e9m o Projeto Mission\u00e1rio Ad Gentes com a Igreja no Timor. Trata-se de uma ajuda para manter o trabalho mission\u00e1rio no Timor Leste com as a\u00e7\u00f5es pastorais, sociais e de amparo ao povo timorense. O projeto chegou ao fim em 2018, mas teve in\u00edcio outro passo importante \u2013 o de ajudar padres locais a terem forma\u00e7\u00e3o e especializa\u00e7\u00e3o para que n\u00e3o seja mais necess\u00e1rio o envio de professores estrangeiros.<\/p>\n<p style=\"text-align: justify\">Nesta nova fase da parceria, a Pontif\u00edcia Universidade Cat\u00f3lica do Paran\u00e1 (PUC-PR), ofereceu gratuitamente todo o curso de mestrado e doutorado para essa forma\u00e7\u00e3o. Dois professores j\u00e1 conclu\u00edram o mestrado, por meio da forma\u00e7\u00e3o da PUC-PR e outros dois que ainda est\u00e3o em fase de conclus\u00e3o do doutorado.<\/p>\n<p style=\"text-align: justify\">A Diocese de D\u00edli ocupa a parte central do Timor-Leste. Abrange 4.775 quil\u00f4metros quadrados e subdivide-se em cinco distritos. Dos cerca de 514.089\u00a0 mil habitantes, 92% se declaram cat\u00f3licos (dados de 2002). H\u00e1 149 sacerdotes, sendo 63 diocesanos e 86 religiosos. Est\u00e3o \u00e0 frente da Pastoral 132 irm\u00e3os religiosos e 432 religiosas. H\u00e1 98 seminaristas maiores. A Diocese adota o servi\u00e7o de in\u00fameros catequistas. Timor Leste conta com 11 l\u00ednguas e 31 dialetos, apesar da import\u00e2ncia do portugu\u00eas. A Arquidiocese de D\u00edli, tem como sufrag\u00e2neas as\u00a0<a href=\"https:\/\/pt.wikipedia.org\/wiki\/Dioceses\" target=\"_blank\" rel=\"noopener\">Dioceses<\/a>\u00a0de\u00a0<a href=\"https:\/\/pt.wikipedia.org\/wiki\/Diocese_de_Baucau\" target=\"_blank\" rel=\"noopener\">Baucau<\/a>\u00a0e\u00a0<a href=\"https:\/\/pt.wikipedia.org\/wiki\/Diocese_de_Maliana\" target=\"_blank\" rel=\"noopener\">Maliana<\/a>.<\/p>\n<p>&nbsp;<\/p>\n","protected":false},"excerpt":{"rendered":"<p>No dia 17 de outubro, dom V\u00edrg\u00edlio do Carmo da Silva, arcebispo de D\u00edli, participa de celebra\u00e7\u00e3o \u00e0s 9h30. \u00c0s 10h30 ele recebe jornalistas<\/p>\n","protected":false},"author":83,"featured_media":2708,"comment_status":"closed","ping_status":"open","sticky":false,"template":"","format":"standard","meta":{"site-sidebar-layout":"default","site-content-layout":"default","ast-global-header-display":"","ast-banner-title-visibility":"","ast-main-header-display":"","ast-hfb-above-header-display":"","ast-hfb-below-header-display":"","ast-hfb-mobile-header-display":"","site-post-title":"","ast-breadcrumbs-content":"","ast-featured-img":"","footer-sml-layout":"","theme-transparent-header-meta":"","adv-header-id-meta":"","stick-header-meta":"","header-above-stick-meta":"","header-main-stick-meta":"","header-below-stick-meta":""},"categories":[854,878],"tags":[2364],"acf":[],"_links":{"self":[{"href":"https:\/\/www.cnbb.org.br\/cnbb-app\/wp\/v2\/posts\/35598"}],"collection":[{"href":"https:\/\/www.cnbb.org.br\/cnbb-app\/wp\/v2\/posts"}],"about":[{"href":"https:\/\/www.cnbb.org.br\/cnbb-app\/wp\/v2\/types\/post"}],"author":[{"embeddable":true,"href":"https:\/\/www.cnbb.org.br\/cnbb-app\/wp\/v2\/users\/83"}],"replies":[{"embeddable":true,"href":"https:\/\/www.cnbb.org.br\/cnbb-app\/wp\/v2\/comments?post=35598"}],"version-history":[{"count":0,"href":"https:\/\/www.cnbb.org.br\/cnbb-app\/wp\/v2\/posts\/35598\/revisions"}],"wp:featuredmedia":[{"embeddable":true,"href":"https:\/\/www.cnbb.org.br\/cnbb-app\/wp\/v2\/media\/2708"}],"wp:attachment":[{"href":"https:\/\/www.cnbb.org.br\/cnbb-app\/wp\/v2\/media?parent=35598"}],"wp:term":[{"taxonomy":"category","embeddable":true,"href":"https:\/\/www.cnbb.org.br\/cnbb-app\/wp\/v2\/categories?post=35598"},{"taxonomy":"post_tag","embeddable":true,"href":"https:\/\/www.cnbb.org.br\/cnbb-app\/wp\/v2\/tags?post=35598"}],"curies":[{"name":"wp","href":"https:\/\/api.w.org\/{rel}","templated":true}]}}