{"id":35646,"date":"2019-10-21T00:00:00","date_gmt":"2019-10-21T03:00:00","guid":{"rendered":"https:\/\/www.cnbb.org.br\/para-dom-jose-altevir-o-sinodo-pode-propor-mudanca-territoral-da-igreja-na-regiao\/"},"modified":"2020-10-23T14:55:36","modified_gmt":"2020-10-23T17:55:36","slug":"para-dom-jose-altevir-o-sinodo-pode-propor-mudanca-territoral-da-igreja-na-regiao","status":"publish","type":"post","link":"https:\/\/www.cnbb.org.br\/para-dom-jose-altevir-o-sinodo-pode-propor-mudanca-territoral-da-igreja-na-regiao\/","title":{"rendered":"Para dom Jos\u00e9 Altevir, o S\u00ednodo pode propor mudan\u00e7a territoral da Igreja na regi\u00e3o"},"content":{"rendered":"<p style=\"text-align: justify\">Nesta semana em que se avan\u00e7a para a sistematiza\u00e7\u00e3o das propostas finais no relat\u00f3rio do S\u00ednodo para Pan-Amaz\u00f4nia que se encerra no pr\u00f3ximo domingo, 27 de outubro, no Vaticano, dom Jos\u00e9 Altevir da Silva, bispo de Camet\u00e1 (PA) , em live no Facebook, fala de um novo modelo de organiza\u00e7\u00e3o territorial da presen\u00e7a da Igreja na regi\u00e3o.<\/p>\n<figure id=\"attachment_227669\" aria-describedby=\"caption-attachment-227669\" style=\"width: 300px\" class=\"wp-caption alignright\"><a href=\"http:\/\/www.cnbb.org.br\/para-dom-jose-altevir-o-sinodo-pode-propor-mudanca-territoral-da-igreja-na-regiao\/domaltevir\/\" rel=\"attachment wp-att-227669\"><img decoding=\"async\" loading=\"lazy\" class=\"wp-image-227669 size-medium\" src=\"https:\/\/www.cnbb.org.br\/wp-content\/uploads\/2020\/03\/domAltevir-300x200.jpg\" alt=\"\" width=\"300\" height=\"200\" \/><\/a><figcaption id=\"caption-attachment-227669\" class=\"wp-caption-text\">Dom Jos\u00e9 Altevir, bispo de Camet\u00e1 (PA). Foto: reprodu\u00e7\u00e3o.<\/figcaption><\/figure>\n<p style=\"text-align: justify\">Segundo o bispo, como fruto das propostas, o relat\u00f3rio pode apontar a necessidade de um novo modelo de organiza\u00e7\u00e3o territorial da Igreja e das dioceses para a regi\u00e3o Amaz\u00f4nica, tendo em vista a supera\u00e7\u00e3o do modelo de \u201cpastoral de visita\u201d para a \u201cpastoral da presen\u00e7a\u201d um dos gritos fortes das escutas sinodais. \u201cT\u00eam dioceses e prelazias com 360 mil quil\u00f4metros quadrados. Isto \u00e9 quase inimagin\u00e1vel como fazer uma presen\u00e7a mais demorada \u00e0s comunidades com a quantidade de padres e mission\u00e1rios que temos. Isto s\u00e3o novos caminhos\u201d, disse.<\/p>\n<p style=\"text-align: justify\">A \u00faltima semana de trabalhos sinodais, segundo o bispo, vai expressar um pouco as duas anteriores. \u201cAgora estamos neste processo de unir todos os pensamentos e procurar ver a dire\u00e7\u00e3o. O que o S\u00ednodo vai nos oferecer e o que vamos levar de volta para a Amaz\u00f4nia. \u00c9 um momento de bastante empenho e esperan\u00e7a, de abertura ao Esp\u00edrito Santo\u201d, disse. \u00a0O momento, segundo dom Altevir, \u00e9 de identificar na sistematiza\u00e7\u00e3o final do relat\u00f3rio o que \u00e9 bom para a Igreja n\u00e3o s\u00f3 na Amaz\u00f4nia mas para a Igreja no mundo e o que \u00e9 bom para a Amaz\u00f4nia e para os povos. \u201cN\u00e3o \u00e9 algo f\u00e1cil, exige mais que conhecimento exige inspira\u00e7\u00e3o de Deus, o criador que com carinho fez aquele jardim que \u00e9 a Amaz\u00f4nia e nos colocou l\u00e1 dentro para cuidarmos&#8221;.<\/p>\n<p style=\"text-align: justify\">Para o bispo os seres humanos est\u00e3o falhando na tarefa de cuidar, como guardi\u00e3es, da Amaz\u00f4nia. \u201cA gente percebe a cada dia o descuido. O econ\u00f4mico sobrepondo-se \u00e0s necessidades vitais. A gan\u00e2ncia de um sistema mort\u00edfero que leva as pessoas a valorizar mais o recurso, o dinheiro, do que o ser humano e o meio ambiente\u201d, criticou.<\/p>\n<p style=\"text-align: justify\"><strong>Quatro dimens\u00f5es<\/strong> &#8211; Dom Altevir informa que o relat\u00f3rio final est\u00e1 sistematizando as propostas em torno de quatro dimens\u00f5es: pastoral, cultural, social e a ecol\u00f3gica. \u201cDentro destas 4 dimens\u00f5es, todas as proposi\u00e7\u00f5es feitas est\u00e3o contempladas. Agora estamos sistematizando as propostas. Acredito que o documento p\u00f3s sinodal n\u00e3o vai fugir \u00e0 estas dimens\u00f5es. O S\u00ednodo est\u00e1 montando em cima desta plataforma\u201d.<\/p>\n<p style=\"text-align: justify\">Para o bispo, a dimens\u00e3o mais exigente de dar respostas ser\u00e1 a ecol\u00f3gica, uma vez que n\u00e3o depende apenas da a\u00e7\u00e3o da Igreja mas de v\u00e1rias for\u00e7as, incluindo as for\u00e7as \u201carrasadoras que v\u00eam mais de fora que de dentro\u201d. \u201cA Dimens\u00e3o Pastoral n\u00e3o \u00e9 t\u00e3o dif\u00edcil porque o pr\u00f3prio Conc\u00edlio Vaticano II j\u00e1 nos deu bastante abertura para pensar uma celebra\u00e7\u00e3o inculturada, inclusive est\u00e1 sendo apresentado um rito pr\u00f3prio para a Amaz\u00f4nia\u201d, disse.<\/p>\n<p style=\"text-align: justify\">O religioso lembra que a \u201cAmaz\u00f4nia sempre foi um espa\u00e7o da miss\u00e3o\u201d, desde a chegada dos primeiros mission\u00e1rios, que morreram muito jovens, em fun\u00e7\u00e3o de doen\u00e7as tropicais e do mart\u00edrio a favor dos pobres. \u201cMais do que nunca a gente percebe a lideran\u00e7a mission\u00e1ria da Igreja sendo amea\u00e7ada. Onde estou no Par\u00e1 a gente percebe que a vida realmente vale pouco. Os l\u00edderes que realmente est\u00e3o a favor da luta do povo s\u00e3o amea\u00e7ados com muita facilidade e n\u00e3o tem tanta prote\u00e7\u00e3o\u201d.<\/p>\n<p style=\"text-align: justify\">\u201cA Igreja na Amaz\u00f4nia tem rosto e sempre foi mission\u00e1ria. N\u00e3o vai se criar um rosto agora a partir do S\u00ednodo. Ela tem p\u00e9s para ir em dire\u00e7\u00e3o \u00e0 necessidade das pessoas. Ela tem m\u00e3os para servir aos que mais necessitam. Ela tem joelhos para dobrar no ch\u00e3o e rezar a ora\u00e7\u00e3o. E tem o cora\u00e7\u00e3o que comp\u00f5e o essencial do verdadeiro mission\u00e1rio e mission\u00e1ria. Por isso, eu digo: a Igreja na Amaz\u00f4nia \u00e9 mission\u00e1ria desde sua origem. Ent\u00e3o o que o S\u00ednodo pode nos ajudar \u00e9 fortalecer e fazer uma atualiza\u00e7\u00e3o de nossa caminhada n\u00e3o apenas em defesa do ser humano e do meio ambiente. A hermen\u00eautica da Esperan\u00e7a do Evangelho para os pobres precisa ser interpretada e atualizada para nossa realidade e dias\u201d, disse.<\/p>\n<p>&nbsp;<\/p>\n","protected":false},"excerpt":{"rendered":"<p>Proposta seria para mudar de um modelo de visita para um modelo de presen\u00e7a pastoral apontado no processo de escutas sinodais<\/p>\n","protected":false},"author":83,"featured_media":35647,"comment_status":"closed","ping_status":"open","sticky":false,"template":"","format":"standard","meta":{"site-sidebar-layout":"default","site-content-layout":"default","ast-global-header-display":"","ast-banner-title-visibility":"","ast-main-header-display":"","ast-hfb-above-header-display":"","ast-hfb-below-header-display":"","ast-hfb-mobile-header-display":"","site-post-title":"","ast-breadcrumbs-content":"","ast-featured-img":"","footer-sml-layout":"","theme-transparent-header-meta":"","adv-header-id-meta":"","stick-header-meta":"","header-above-stick-meta":"","header-main-stick-meta":"","header-below-stick-meta":""},"categories":[1078],"tags":[1900],"acf":[],"_links":{"self":[{"href":"https:\/\/www.cnbb.org.br\/cnbb-app\/wp\/v2\/posts\/35646"}],"collection":[{"href":"https:\/\/www.cnbb.org.br\/cnbb-app\/wp\/v2\/posts"}],"about":[{"href":"https:\/\/www.cnbb.org.br\/cnbb-app\/wp\/v2\/types\/post"}],"author":[{"embeddable":true,"href":"https:\/\/www.cnbb.org.br\/cnbb-app\/wp\/v2\/users\/83"}],"replies":[{"embeddable":true,"href":"https:\/\/www.cnbb.org.br\/cnbb-app\/wp\/v2\/comments?post=35646"}],"version-history":[{"count":0,"href":"https:\/\/www.cnbb.org.br\/cnbb-app\/wp\/v2\/posts\/35646\/revisions"}],"wp:featuredmedia":[{"embeddable":true,"href":"https:\/\/www.cnbb.org.br\/cnbb-app\/wp\/v2\/media\/35647"}],"wp:attachment":[{"href":"https:\/\/www.cnbb.org.br\/cnbb-app\/wp\/v2\/media?parent=35646"}],"wp:term":[{"taxonomy":"category","embeddable":true,"href":"https:\/\/www.cnbb.org.br\/cnbb-app\/wp\/v2\/categories?post=35646"},{"taxonomy":"post_tag","embeddable":true,"href":"https:\/\/www.cnbb.org.br\/cnbb-app\/wp\/v2\/tags?post=35646"}],"curies":[{"name":"wp","href":"https:\/\/api.w.org\/{rel}","templated":true}]}}