{"id":35664,"date":"2019-10-22T00:00:00","date_gmt":"2019-10-22T03:00:00","guid":{"rendered":"https:\/\/www.cnbb.org.br\/mes-missionario-extraordinario-02\/"},"modified":"2019-10-22T00:00:00","modified_gmt":"2019-10-22T03:00:00","slug":"mes-missionario-extraordinario-02","status":"publish","type":"post","link":"https:\/\/www.cnbb.org.br\/mes-missionario-extraordinario-02\/","title":{"rendered":"M\u00eas mission\u00e1rio extraordin\u00e1rio &#8211; 02"},"content":{"rendered":"<p style=\"text-align: right\"><strong><em>Dom Alo\u00edsio A. Dilli<br \/>\n<\/em><em>Bispo de Santa Cruz do Sul<\/em><\/strong><\/p>\n<p style=\"text-align: justify\">Caros diocesanos. Estamos no <em>M\u00eas Mission\u00e1rio Extraordin\u00e1rio<\/em>, convocado pelo Papa Francisco, lembrando o centen\u00e1rio da promulga\u00e7\u00e3o da Carta Apost\u00f3lica <em><a href=\"https:\/\/w2.vatican.va\/content\/benedict-xv\/la\/apost_letters\/documents\/hf_ben-xv_apl_19191130_maximum-illud.html\" target=\"_blank\" rel=\"noopener\">Maximum illud<\/a><\/em>, com a qual Bento XV (30\/11\/1919) quis dar novo impulso \u00e0 responsabilidade mission\u00e1ria de anunciar o Evangelho. A centen\u00e1ria carta apost\u00f3lica, escrita ap\u00f3s a Primeira Guerra Mundial, considerou este evento b\u00e9lico como \u201c<em>massacre in\u00fatil<\/em>\u201d e revelou a import\u00e2ncia da miss\u00e3o prim\u00e1ria da Igreja que \u00e9 evangelizar, orientada a partir do pr\u00f3prio mandato de Jesus: \u201c<em>Ide, pois, e fazei disc\u00edpulos todos os povos, batizando-os em nome do Pai, do Filho e do Esp\u00edrito Santo. Ensinai-os a observar tudo o que vos mandei. Eis que estou convosco todos os dias, at\u00e9 o fim dos tempos<\/em>\u201d (Mt 28, 19-20).<\/p>\n<p style=\"text-align: justify\">A proclama\u00e7\u00e3o do <em>M\u00eas Mission\u00e1rio Extraordin\u00e1rio<\/em> tem como objetivo despertar a consci\u00eancia da <em>miss\u00e3o ad gentes<\/em> (miss\u00e3o aos povos) e retomar com novo impulso a transforma\u00e7\u00e3o mission\u00e1ria da vida e da pastoral, de modo que todos os fi\u00e9is tenham verdadeiramente presente o an\u00fancio do Evangelho e a transforma\u00e7\u00e3o das suas comunidades em realidades mission\u00e1rias e evangelizadoras (cf. EG 268). Neste sentido o tema escolhido \u00e9 bem sugestivo: \u201c<em>Batizados e enviados: a Igreja de Cristo em Miss\u00e3o no mundo<\/em>\u201d. Destacam-se os dois elementos caracter\u00edsticos e inalien\u00e1veis de todo crist\u00e3o: o batismo e o an\u00fancio. O Papa Francisco pede vivamente que seja despertado o esp\u00edrito mission\u00e1rio em todas as inst\u00e2ncias da vida e miss\u00e3o da Igreja e repete: <em>\u201cjamais nos seja roubado o entusiasmo mission\u00e1rio<\/em>\u201d. Seja um tempo privilegiado para a ora\u00e7\u00e3o, a caridade, a catequese e a reflex\u00e3o teol\u00f3gica sobre a Miss\u00e3o. Torne-se ocasi\u00e3o para reavivar em todos uma verdadeira convers\u00e3o mission\u00e1ria e um aut\u00eantico discernimento pastoral para que fi\u00e9is e pastores vivam em estado permanente de miss\u00e3o (cf. 1\u00aa Carta do Cardeal Filoni \u2013 Prefeito da Congrega\u00e7\u00e3o para a Evangeliza\u00e7\u00e3o dos Povos). O Prefeito recordou o chamado de Francisco \u201c<em>a reavivar o ardor e a paix\u00e3o dos Santos e dos m\u00e1rtires, sem os quais nos reduzir\u00edamos a uma ONG que re\u00fane e distribui ajudas materiais e subs\u00eddios<\/em>&#8220;.<\/p>\n<p style=\"text-align: justify\">O Papa Bento XV em seu documento secular se referiu \u00e0 Evangeliza\u00e7\u00e3o como \u201c<em>a grande e sant\u00edssima miss\u00e3o, confiada aos seus disc\u00edpulos por Nosso Senhor Jesus Cristo<\/em>\u201d. Al\u00e9m disso, exortou aos prelados a serem \u201c<em>a alma<\/em>\u201d da miss\u00e3o: \u201c<em>Conv\u00eam que quantos na vinha do Senhor trabalham, de um modo ou de outro, sintam por pr\u00f3pria experi\u00eancia que o superior da Miss\u00e3o \u00e9 pai vigilante e sol\u00edcito, cheio de caridade, que abra\u00e7a tudo e a todos com o maior afeto; que sabe alegrar-se em suas prosperidades, condoer-se de suas desgra\u00e7as, infundir vida e alento aos seus projetos e louv\u00e1veis empresas, prestando-lhes seu concurso, e interessar-se por tudo o que \u00e9 de seus s\u00faditos como por suas pr\u00f3prias coisas<\/em>\u201d. O Pont\u00edfice recomendou ainda aos mission\u00e1rios para que evitem a influ\u00eancia dos nacionalismos; vivam com esp\u00edrito de pobreza para n\u00e3o se deter em realidades alheias \u00e0s espirituais; preparem-se diligentemente intelectual e tecnicamente; aprendam as l\u00ednguas ind\u00edgenas; e fomentem, antes de tudo a santidade de vida. Aos fi\u00e9is solicitou para animar as miss\u00f5es com a ora\u00e7\u00e3o, o fomento das voca\u00e7\u00f5es e a contribui\u00e7\u00e3o material.<\/p>\n<p style=\"text-align: justify\">Estimados diocesanos. Seja o m\u00eas mission\u00e1rio extraordin\u00e1rio, que estamos vivendo, um momento privilegiado para reavivar em nossa vida a gra\u00e7a do batismo, que nos identifica como disc\u00edpulos e mission\u00e1rios de Jesus Cristo. Portanto, a miss\u00e3o da Igreja \u00e9 tamb\u00e9m a nossa miss\u00e3o. O S\u00ednodo para a Amaz\u00f4nia \u00e9 tamb\u00e9m nosso S\u00ednodo.<\/p>\n<p style=\"text-align: justify\"><em>\u00a0<\/em><\/p>\n<p style=\"text-align: justify\">\n","protected":false},"excerpt":{"rendered":"<p>Dom Alo\u00edsio A. Dilli Bispo de Santa Cruz do Sul Caros diocesanos. Estamos no M\u00eas Mission\u00e1rio Extraordin\u00e1rio, convocado pelo Papa Francisco, lembrando o centen\u00e1rio da promulga\u00e7\u00e3o da Carta Apost\u00f3lica Maximum illud, com a qual Bento XV (30\/11\/1919) quis dar novo impulso \u00e0 responsabilidade mission\u00e1ria de anunciar o Evangelho. A centen\u00e1ria carta apost\u00f3lica, escrita ap\u00f3s a &hellip;<\/p>\n<p class=\"read-more\"> <a class=\"\" href=\"https:\/\/www.cnbb.org.br\/mes-missionario-extraordinario-02\/\"> <span class=\"screen-reader-text\">M\u00eas mission\u00e1rio extraordin\u00e1rio &#8211; 02<\/span> Leia mais &raquo;<\/a><\/p>\n","protected":false},"author":33,"featured_media":0,"comment_status":"closed","ping_status":"open","sticky":false,"template":"","format":"standard","meta":{"site-sidebar-layout":"default","site-content-layout":"default","ast-global-header-display":"","ast-banner-title-visibility":"","ast-main-header-display":"","ast-hfb-above-header-display":"","ast-hfb-below-header-display":"","ast-hfb-mobile-header-display":"","site-post-title":"","ast-breadcrumbs-content":"","ast-featured-img":"","footer-sml-layout":"","theme-transparent-header-meta":"","adv-header-id-meta":"","stick-header-meta":"","header-above-stick-meta":"","header-main-stick-meta":"","header-below-stick-meta":""},"categories":[758],"tags":[],"acf":[],"_links":{"self":[{"href":"https:\/\/www.cnbb.org.br\/cnbb-app\/wp\/v2\/posts\/35664"}],"collection":[{"href":"https:\/\/www.cnbb.org.br\/cnbb-app\/wp\/v2\/posts"}],"about":[{"href":"https:\/\/www.cnbb.org.br\/cnbb-app\/wp\/v2\/types\/post"}],"author":[{"embeddable":true,"href":"https:\/\/www.cnbb.org.br\/cnbb-app\/wp\/v2\/users\/33"}],"replies":[{"embeddable":true,"href":"https:\/\/www.cnbb.org.br\/cnbb-app\/wp\/v2\/comments?post=35664"}],"version-history":[{"count":0,"href":"https:\/\/www.cnbb.org.br\/cnbb-app\/wp\/v2\/posts\/35664\/revisions"}],"wp:attachment":[{"href":"https:\/\/www.cnbb.org.br\/cnbb-app\/wp\/v2\/media?parent=35664"}],"wp:term":[{"taxonomy":"category","embeddable":true,"href":"https:\/\/www.cnbb.org.br\/cnbb-app\/wp\/v2\/categories?post=35664"},{"taxonomy":"post_tag","embeddable":true,"href":"https:\/\/www.cnbb.org.br\/cnbb-app\/wp\/v2\/tags?post=35664"}],"curies":[{"name":"wp","href":"https:\/\/api.w.org\/{rel}","templated":true}]}}