{"id":35665,"date":"2019-10-22T00:00:00","date_gmt":"2019-10-22T03:00:00","guid":{"rendered":"https:\/\/www.cnbb.org.br\/o-sinodo-foi-esta-sendo-e-sera-um-sinal-de-grande-esperanca-para-toda-a-nossa-igreja-no-brasil-diz-presidente-da-cnbb\/"},"modified":"2020-10-23T14:43:41","modified_gmt":"2020-10-23T17:43:41","slug":"o-sinodo-foi-esta-sendo-e-sera-um-sinal-de-grande-esperanca-para-toda-a-nossa-igreja-no-brasil-diz-presidente-da-cnbb","status":"publish","type":"post","link":"https:\/\/www.cnbb.org.br\/o-sinodo-foi-esta-sendo-e-sera-um-sinal-de-grande-esperanca-para-toda-a-nossa-igreja-no-brasil-diz-presidente-da-cnbb\/","title":{"rendered":"Dom Walmor: \u201cS\u00ednodo est\u00e1 sendo e ser\u00e1 um sinal de grande esperan\u00e7a para a Igreja no Brasil\u201d"},"content":{"rendered":"<p style=\"text-align: justify\"><em>Na reta final do S\u00ednodo da Pan-Amaz\u00f4nia, na semana em que os padres sinodais avan\u00e7am para a sistematiza\u00e7\u00e3o final do documento, o arcebispo metropolitano de Belo Horizonte e presidente da Confer\u00eancia Nacional dos Bispos do Brasil (CNBB), dom Walmor Oliveira de Azevedo, concedeu, neste dia 22 de outubro, entrevista a jornalistas que est\u00e3o atuando na cobertura do evento que se encerrar\u00e1 dia 27 no Vaticano. Dom Walmor informa que o S\u00ednodo encontra-se num momento em que os grupos est\u00e3o trabalhando muito, procurando corrigir, melhorar e ampliar o que est\u00e1 proposto, recuperando aquilo que \u00e9 essencial e importante e tamb\u00e9m o que foi dito mas ainda n\u00e3o foi contemplado. <\/em><em>\u201cVamos chegar n\u00e3o a um tratado ou um livro, mas a indica\u00e7\u00f5es muito concretas para que n\u00f3s possamos, inspirados, fazer um novo caminho mission\u00e1rio na Amaz\u00f4nia e a partir da Amaz\u00f4nia na Igreja no Brasil\u201d, disse. <\/em><\/p>\n<p style=\"text-align: justify\"><em>Para dom Walmor, encontrar um novo caminho \u00e9 um desafio porque exige de todos uma grande abertura \u00e0 a\u00e7\u00e3o do Esp\u00edrito Santo de Deus, muito di\u00e1logo e escuta m\u00fatua. O &#8220;momento \u00e9 de esperan\u00e7a&#8221;, destaca o presidente da CNBB, para encorajar a Igreja no Brasil a se voltar para a Amaz\u00f4nia e a partir dela crescer em consci\u00eancia mission\u00e1ria, num processo que envolve a todos os crist\u00e3os como batizados e enviados em miss\u00e3o.<\/em><\/p>\n<p style=\"text-align: justify\"><em>O \u00fanico caminho capaz de superar todas as polariza\u00e7\u00f5es e radicaliza\u00e7\u00f5es, segundo dom Walmor Oliveira, \u00e9 o enraizamento dos crist\u00e3os e da Igreja nos valores propostos pelo Evangelho de Jesus Cristo. \u201cSe n\u00f3s os crist\u00e3os pautarmos nossa vida a partir do horizonte do Serm\u00e3o da Montanha, n\u00f3s seremos ao mesmo tempo capazes de fazer discuss\u00f5es e de, sobretudo, nos deixar marcar pela for\u00e7a do Evangelho, do di\u00e1logo e do respeito\u201d, disse. Dom Walmor refor\u00e7ou uma defesa que o Papa Francisco vem fazendo sobre a supera\u00e7\u00e3o de todas as formas de colonialismo na Amaz\u00f4nia. \u201cUma das coisas muito importantes \u00e9 exatamente a necessidade, como lembrado, de superarmos todo tipo de colonialismo, todo tipo de tratamento inadequado \u00e0 nossa <a href=\"https:\/\/www.vaticannews.va\/pt\/igreja\/news\/2019-09\/papa-francisco-laudato-si-enciclica-social.html\" target=\"_blank\" rel=\"noopener\">Casa Comum<\/a>, especialmente a Casa Comum que \u00e9 a Amaz\u00f4nia por sua import\u00e2ncia\u201d, disse.<\/em>\u00a0Acompanhe, abaixo, a \u00edntegra da entrevista.<\/p>\n<figure id=\"attachment_227754\" aria-describedby=\"caption-attachment-227754\" style=\"width: 300px\" class=\"wp-caption alignright\"><img decoding=\"async\" loading=\"lazy\" class=\"size-medium wp-image-227754\" src=\"https:\/\/www.cnbb.org.br\/wp-content\/uploads\/2020\/03\/S\u00ednodo-5-300x169.jpeg\" alt=\"\" width=\"300\" height=\"169\" \/><figcaption id=\"caption-attachment-227754\" class=\"wp-caption-text\">Padres Sinodais e o Papa Francisco. Foto: VaticanNews<\/figcaption><\/figure>\n<p style=\"text-align: justify\"><strong>Muitas discuss\u00f5es em torno do S\u00ednodo, o processo pr\u00e9-Sinodal foi intenso, extenso e de muita escuta. As duas primeiras semanas tamb\u00e9m de muito trabalho. Agora estamos na semana final. O que este S\u00ednodo vai representar para a Igreja? Claro que ele \u00e9 Pan-Amaz\u00f4nico, mas para o Brasil qual ser\u00e1 o reflexo deste S\u00ednodo para os pr\u00f3ximos caminhos que devem ser percorridos? Com o senhor \u00e0 frente da CNBB&#8230; O que o Senhor espera de resultados?<br \/>\n<\/strong><br \/>\n<strong>Dom Walmor Oliveira de Azevedo<\/strong> \u2013 O S\u00ednodo foi, est\u00e1 sendo e ser\u00e1 um sinal de grande esperan\u00e7a para o caminho mission\u00e1rio de toda a nossa Igreja no Brasil. E de modo muito especial, no desafio que a Igreja no Brasil tem de olhar para a Amaz\u00f4nia fazendo esse caminho como miss\u00e3o permanente na regi\u00e3o, como precisamos na nossa Igreja. Portanto, \u00e9 desafiador o caminho! Porque encontrar caminho novo \u00e9 um desafio, particularmente, porque exige de todos n\u00f3s uma grande abertura \u00e0 a\u00e7\u00e3o do Esp\u00edrito Santo de Deus, muito di\u00e1logo, muita escuta m\u00fatua e sobretudo o sentido bonito de que somos todos servidores na Igreja. \u00c9 um momento de esperan\u00e7a profundamente desafiador, mas que nos encoraja e, sobretudo, nos pede que toda a Igreja no Brasil se volte para a Amaz\u00f4nia para a partir dela, em miss\u00e3o, fazer mais e assim crescermos na consci\u00eancia mission\u00e1ria de que somos todos batizados e enviados em miss\u00e3o.<\/p>\n<blockquote><p>&#8220;\u00c9 um momento de esperan\u00e7a profundamente desafiador que nos encoraja a crescermos na consci\u00eancia mission\u00e1ria de que somos todos batizados e enviados em miss\u00e3o&#8221;.<\/p><\/blockquote>\n<p><strong>O Brasil tem se polarizado em qualquer tipo de discuss\u00e3o, principalmente quando se entra no mundo pol\u00edtico. Como fazer? Qual a preocupa\u00e7\u00e3o da CNBB em fazer com que as discuss\u00f5es de Evangeliza\u00e7\u00e3o e pastoral tamb\u00e9m n\u00e3o se polarizem e os cat\u00f3licos compreendam o que t\u00eam se discutido e possam tamb\u00e9m receber de bom grado todas as decis\u00f5es que v\u00e3o ser tomadas?<\/strong><\/p>\n<p style=\"text-align: justify\">H\u00e1 um \u00fanico caminho e uma \u00fanica possibilidade de supera\u00e7\u00e3o de toda polariza\u00e7\u00e3o e radicaliza\u00e7\u00e3o. E o Cristianismo sempre nos mostra. \u00c9 nos voltarmos e nos enraizarmos nos valores do Evangelho de Jesus Cristo. Por isso, gosto sempre de citar e lembrar o Serm\u00e3o da Montanha, de Mateus 13, 5-7, que se n\u00f3s os crist\u00e3os pautarmos nossa vida a partir exatamente do horizonte do Serm\u00e3o da Montanha, n\u00f3s discutiremos, seremos capazes sobretudo de nos marcar pela for\u00e7a do Evangelho, do di\u00e1logo e do respeito.<\/p>\n<blockquote>\n<p style=\"text-align: justify\">Quando vemos polariza\u00e7\u00f5es e posicionamentos que v\u00e3o na contram\u00e3o da caridade fraterna e do respeito \u00e9 preciso que todos os crist\u00e3os saibam que estes n\u00e3o s\u00e3o crist\u00e3os de verdade, dizem-se defensores de uma \u201cverdade\u201d que n\u00e3o \u00e9 a Verdade do Evangelho, porque esta \u00e9 di\u00e1logo, \u00e9 amor fraterno, \u00e9 solidariedade, \u00e9 respeito a todas as pessoas. Por isso, n\u00f3s como Confer\u00eancia Nacional dos Bispos do Brasil, e como Igreja do Brasil, procuraremos sempre o caminho e o horizonte do Evangelho, o di\u00e1logo e o respeito, para que as nossas diferen\u00e7as se tornem uma grande riqueza mission\u00e1ria.<\/p>\n<p>&#8220;H\u00e1 crist\u00e3os que se dizem defensores de uma \u201cverdade\u201d que n\u00e3o \u00e9 a Verdade do Evangelho, porque esta \u00e9 di\u00e1logo, \u00e9 amor fraterno, \u00e9 solidariedade, \u00e9 respeito a todas as pessoas&#8221;.<\/p><\/blockquote>\n<p style=\"text-align: justify\">N\u00f3s n\u00e3o podemos perder for\u00e7a, porque o mundo precisa de nosso testemunho, da nossa presen\u00e7a mission\u00e1ria e de nossa ajuda porque temos urg\u00eancias que s\u00e3o muito grandes, como o sofrimento dos pobres, como o novo modo que devemos tratar a Casa Comum. Portanto, esse \u00e9 o caminho: voltarmos ao Evangelho para nos dar, inclusive, equil\u00edbrio pessoal e, sobretudo, um horizonte rico, inspirador e bonito para o caminho mission\u00e1rio que a Igreja tem que percorrer no cora\u00e7\u00e3o do mundo.<\/p>\n<p style=\"text-align: justify\"><strong>Tamb\u00e9m j\u00e1 se come\u00e7a nos trabalhos a fase final para a conclus\u00e3o do documento do S\u00ednodo da Amaz\u00f4nia. Como est\u00e3o sendo os debates agora nos pequenos c\u00edrculos? Representam o que os grupos est\u00e3o propondo como documento?<br \/>\n<\/strong><br \/>\nOs grupos est\u00e3o trabalhando muito. Est\u00e3o procurando corrigir aquilo que est\u00e1 proposto no sentido de melhorar, ampliar e de recuperar aquilo que \u00e9 essencial e importante, tenha sido dito mas ainda n\u00e3o contemplado, de corrigir as repeti\u00e7\u00f5es de tal modo que possamos chegar n\u00e3o a um tratado e livro, mas a indica\u00e7\u00f5es muito concretas para que n\u00f3s possamos, inspirados, fazer um novo caminho mission\u00e1rio na Amaz\u00f4nia e, a partir da Amaz\u00f4nia, na Igreja no Brasil. E claro tamb\u00e9m com influ\u00eancia sobre o mundo inteiro. \u00c9 um trabalho \u00e1rduo, exigente, conceitual, mas sobretudo precisa estar inspirado pela for\u00e7a bonita do Evangelho de Jesus Cristo, de uma espiritualidade muito profunda e de um comprometimento eclesial muito definido.<\/p>\n<p style=\"text-align: justify\"><strong>O Senhor acha que o que o Papa vem denunciando a respeito do colonialismo \u00e9 ideol\u00f3gico e que \u00e9 um problema para a Igreja no Brasil como um todo e n\u00e3o s\u00f3 na Amaz\u00f4nia?<br \/>\n<\/strong><br \/>\nEm primeiro lugar, minha experi\u00eancia como representante da Confer\u00eancia Nacional dos Bispos do Brasil me enriquece pela conviv\u00eancia espiritual, pelo clima que aqui estamos vivendo. D\u00e1-me a oportunidade de conhecer melhor a Amaz\u00f4nia, o que todos n\u00f3s precisamos, particularmente toda a Igreja no Brasil. N\u00f3s estamos em um caminho muito bonito, procurando novos caminhos para a Amaz\u00f4nia que inspirar\u00e3o tamb\u00e9m novos caminhos para Igreja. Sem d\u00favida que n\u00f3s teremos resultados muito importantes e bonitos, apontando caminhos novos que temos que percorrer.<\/p>\n<p style=\"text-align: justify\">N\u00e3o estamos falando de confer\u00eancia espec\u00edfica para a Amaz\u00f4nia. Estamos falando do fortalecimento de inst\u00e2ncias e do comprometimento de inst\u00e2ncias, inclusive novas, para que possamos fortalecer o nosso caminho e nosso trabalho mission\u00e1rio na Amaz\u00f4nia. Uma das coisas muito importantes \u00e9 exatamente a necessidade, como lembrado, de superarmos todo tipo de colonialismo, todo tipo de tratamento inadequado \u00e0 toda Casa Comum, mas especialmente da Casa Comum que \u00e9 a Amaz\u00f4nia por sua import\u00e2ncia. O S\u00ednodo vai se tornar, eu tenho certeza, para al\u00e9m de tudo, uma grande experi\u00eancia que vai colocar a nossa Igreja no novo caminho, muito fiel aos seus princ\u00edpios e valores, ao Evangelho de Jesus Cristo, \u00e0s suas tradi\u00e7\u00f5es, desdobrando tudo isso, com grande for\u00e7a, para que nossa Igreja possa dar conta da tarefa que nos \u00e9 dada por Jesus Cristo de ir para o mundo inteiro, dar testemunho e fazer de todos seus disc\u00edpulos e disc\u00edpulas.<\/p>\n<blockquote><p>&#8220;Uma das coisas muito importantes \u00e9 exatamente a necessidade, como lembrado, de superarmos todo tipo de colonialismo, todo tipo de tratamento inadequado \u00e0 toda Casa Comum&#8221;.<\/p><\/blockquote>\n","protected":false},"excerpt":{"rendered":"<p>O \u00fanico caminho capaz de superar todas as polariza\u00e7\u00f5es, segundo o presidente da CNBB, \u00e9 o enraizamento nos valores do Evangelho<\/p>\n","protected":false},"author":83,"featured_media":35666,"comment_status":"closed","ping_status":"open","sticky":false,"template":"","format":"standard","meta":{"site-sidebar-layout":"default","site-content-layout":"default","ast-global-header-display":"","ast-banner-title-visibility":"","ast-main-header-display":"","ast-hfb-above-header-display":"","ast-hfb-below-header-display":"","ast-hfb-mobile-header-display":"","site-post-title":"","ast-breadcrumbs-content":"","ast-featured-img":"","footer-sml-layout":"","theme-transparent-header-meta":"","adv-header-id-meta":"","stick-header-meta":"","header-above-stick-meta":"","header-main-stick-meta":"","header-below-stick-meta":""},"categories":[1078],"tags":[1900],"acf":[],"_links":{"self":[{"href":"https:\/\/www.cnbb.org.br\/cnbb-app\/wp\/v2\/posts\/35665"}],"collection":[{"href":"https:\/\/www.cnbb.org.br\/cnbb-app\/wp\/v2\/posts"}],"about":[{"href":"https:\/\/www.cnbb.org.br\/cnbb-app\/wp\/v2\/types\/post"}],"author":[{"embeddable":true,"href":"https:\/\/www.cnbb.org.br\/cnbb-app\/wp\/v2\/users\/83"}],"replies":[{"embeddable":true,"href":"https:\/\/www.cnbb.org.br\/cnbb-app\/wp\/v2\/comments?post=35665"}],"version-history":[{"count":0,"href":"https:\/\/www.cnbb.org.br\/cnbb-app\/wp\/v2\/posts\/35665\/revisions"}],"wp:featuredmedia":[{"embeddable":true,"href":"https:\/\/www.cnbb.org.br\/cnbb-app\/wp\/v2\/media\/35666"}],"wp:attachment":[{"href":"https:\/\/www.cnbb.org.br\/cnbb-app\/wp\/v2\/media?parent=35665"}],"wp:term":[{"taxonomy":"category","embeddable":true,"href":"https:\/\/www.cnbb.org.br\/cnbb-app\/wp\/v2\/categories?post=35665"},{"taxonomy":"post_tag","embeddable":true,"href":"https:\/\/www.cnbb.org.br\/cnbb-app\/wp\/v2\/tags?post=35665"}],"curies":[{"name":"wp","href":"https:\/\/api.w.org\/{rel}","templated":true}]}}