{"id":35688,"date":"2019-10-24T00:00:00","date_gmt":"2019-10-24T03:00:00","guid":{"rendered":"https:\/\/www.cnbb.org.br\/licoes-do-sinodo-aos-bispos\/"},"modified":"2019-10-24T00:00:00","modified_gmt":"2019-10-24T03:00:00","slug":"licoes-do-sinodo-aos-bispos","status":"publish","type":"post","link":"https:\/\/www.cnbb.org.br\/licoes-do-sinodo-aos-bispos\/","title":{"rendered":"Li\u00e7\u00f5es do S\u00ednodo aos bispos"},"content":{"rendered":"<p style=\"text-align: right\"><strong>DOM ALBERTO TAVEIRA CORR\u00caA<\/strong><br \/>\n<strong>Arcebispo de Bel\u00e9m do Par\u00e1<\/strong><\/p>\n<p style=\"text-align: justify\">\n<p style=\"text-align: justify\">Encerra-se neste domingo a Assembleia especial do S\u00ednodo dos Bispos para a Pan-Amaz\u00f4nia. Desde o primeiro Domingo de Outubro, Bispos dos v\u00e1rios pa\u00edses que comp\u00f5em a Amaz\u00f4nia est\u00e3o reunidos com o Papa Francisco, acompanhados de assessores e pessoas convidadas, refletindo sobre os desafios da Evangeliza\u00e7\u00e3o da regi\u00e3o e em busca de caminhos para a contribui\u00e7\u00e3o da Igreja \u00e0 Ecologia Integral. Trata-se de uma Assembleia de Pastores da Igreja, chamados pelo Senhor a conduzir o rebanho nos caminhos da hist\u00f3ria. Aos Bispos cabe, nestes \u00faltimos dias, votar um documento conclusivo, a ser entregue ao Santo Padre. As outras pessoas participantes ajudam muito com sua presen\u00e7a e suas ideias, mas aos sucessores dos Ap\u00f3stolos reunidos em Roma est\u00e1 confiada a responsabilidade do texto final. \u201cAo mesmo tempo que ajuda o mundo e dele muito recebe, a Igreja tem em mira uma s\u00f3 coisa, a vinda do reino de Deus e a salva\u00e7\u00e3o de todo o g\u00eanero humano. Porquanto todo bem, que o Povo de Deus em sua peregrina\u00e7\u00e3o terrestre pode prestar \u00e0 humanidade, decorre do fato de ser a Igreja o sacramento da salva\u00e7\u00e3o universal, manifestando e realizando ao mesmo tempo o mist\u00e9rio do amor de Deus para com os homens\u201d (Gaudium et Spes 40.45).<\/p>\n<p style=\"text-align: justify\">Como \u00e9 do conhecimento de todos, o S\u00ednodo n\u00e3o \u00e9 um Parlamento nem tem fun\u00e7\u00f5es deliberativas. O texto da Declara\u00e7\u00e3o final, que pode ou n\u00e3o ser publicado nos pr\u00f3ximos dias, \u00e9 entregue ao Papa, a quem cabe uma poss\u00edvel Exorta\u00e7\u00e3o Apost\u00f3lica, com as devidas orienta\u00e7\u00f5es pastorais. Seria temer\u00e1rio antecipar o seu conte\u00fado antes da vota\u00e7\u00e3o a ser realizada nos pr\u00f3ximos dias.<\/p>\n<p style=\"text-align: justify\">Desde o primeiro dia, o Papa tem ensinado muito. A primeira li\u00e7\u00e3o \u00e9 a presen\u00e7a. V\u00ea-lo assentado, tranquilo, escutando todas as interven\u00e7\u00f5es, depois presente nos intervalos, alimentando-se junto conosco, conversando com simplicidade, deixando-se fotografar, edifica a todos. Sua postura \u00e9 de grande humildade, cujo olhar revela uma imensa autoridade, sem autoritarismo. Aten\u00e7\u00e3o a tudo e todos, zelo de pastor, preocupa\u00e7\u00e3o pela Igreja, para que ela leve a Boa Nova a todos os recantos do mundo, especialmente na Amaz\u00f4nia.<\/p>\n<p style=\"text-align: justify\">Aprendemos a conviver com um mundo que nos pressiona muito, atrav\u00e9s dos grandes meios de Comunica\u00e7\u00e3o e das Redes Sociais, com uma imensa diversidade de interpreta\u00e7\u00f5es e julgamentos. Estamos expostos, dados como verdadeiro espet\u00e1culo. H\u00e1 grupos e pessoas que t\u00eam criticado a Igreja, os Bispos e o Papa e, n\u00e3o estando dentro do ambiente sinodal, n\u00e3o sabem como convivemos e trabalhamos. Internamente, temos respirado a fraternidade, clima de ora\u00e7\u00e3o, capacidade de escuta, respeito profundo pelas opini\u00f5es dos outros, busca do consenso, amor a Jesus Cristo, \u00e0 Igreja e \u00e0 verdade. Entretanto, sabemos que na prepara\u00e7\u00e3o e na realiza\u00e7\u00e3o do S\u00ednodo, foram muito mais as pessoas e comunidades que nos acompanharam com sua ora\u00e7\u00e3o e apoio, o que nos fez ter a certeza de que Deus est\u00e1 no comando. A certa altura, o Papa Francisco insistiu com os participantes que sem o Esp\u00edrito Santo n\u00e3o existe S\u00ednodo! De fato, existiriam discuss\u00f5es e opini\u00f5es, mas n\u00e3o o \u201ccaminhar juntos\u201d, significado da palavra S\u00ednodo.<\/p>\n<p style=\"text-align: justify\">Como trabalhamos? No primeiro dia, a leitura dos relat\u00f3rios iniciais, com os quais repercutimos um processo de escuta, realizado nos diversos pa\u00edses, com o qual muitas pessoas e grupos se manifestaram, com seu desejo de ajudar na caminhada da Igreja em nossos pa\u00edses. Em seguida, cada membro da Assembleia p\u00f4de manifestar seu parecer a respeito dos diversos assuntos. E ouvimos muita coisa a ser trabalhada com afinco. Durante o desenrolar dos trabalhos, v\u00e1rias vezes nos reunimos em grupos por l\u00ednguas, quando pudemos estudar com aten\u00e7\u00e3o os grandes temas ligados \u00e0 busca de novos caminhos para a Evangeliza\u00e7\u00e3o na Amaz\u00f4nia e a nossa contribui\u00e7\u00e3o para uma Ecologia Integral. Tratamos das grandes quest\u00f5es sociais, como a viol\u00eancia, o narcotr\u00e1fico, os grandes projetos que incidem sobre as popula\u00e7\u00f5es da Amaz\u00f4nia e ainda quest\u00f5es pastorais, como a participa\u00e7\u00e3o na Eucaristia, a Catequese, a juventude e seu protagonismo eclesial, as voca\u00e7\u00f5es e o testemunho do Evangelho.<\/p>\n<p style=\"text-align: justify\">Tratamos de assuntos candentes, como os desafios socioambientais, vistos no \u00e2ngulo que nos \u00e9 pr\u00f3prio, a saber, as dimens\u00f5es \u00e9ticas e morais, sem qualquer parecer a respeito da responsabilidade territorial sobre a Amaz\u00f4nia, j\u00e1 que estamos todos convictos, junto com nossos pa\u00edses, da absoluta autonomia e independ\u00eancia de cada na\u00e7\u00e3o. Tratamos dos modos para ajudar nossa popula\u00e7\u00e3o, especialmente os ind\u00edgenas e povos origin\u00e1rios, no respeito \u00e0 sua cultura e tradi\u00e7\u00f5es, e n\u00e3o sejam considerados atrasados ou menos qualificados. Mais ainda, veio \u00e0 tona a riqueza cultural secular de tantas popula\u00e7\u00f5es tradicionais.<\/p>\n<p style=\"text-align: justify\">Aprendemos a escutar o clamor por maior presen\u00e7a da Igreja, o desejo da Eucaristia, cora\u00e7\u00e3o de nossa vida crist\u00e3 em toda a Amaz\u00f4nia. Era bonito ver que realmente, de todas as partes, vinha o clamor pela Eucaristia. Algumas pessoas e grupos, pelo mundo afora e em nossa Amaz\u00f4nia, insistiam em que nossos assuntos eram a ordena\u00e7\u00e3o de homens casados, provados pelo tempo e pela vida crist\u00e3, e um eventual minist\u00e9rio a ser confiado \u00e0s mulheres. Se ouvimos muitos relatos de grande import\u00e2ncia, o assunto da disciplina dos minist\u00e9rios \u00e9 agora confiado ao discernimento do Papa, que saber\u00e1 definir os eventuais passos poss\u00edveis. Ficou sempre muito claro o respeito pelo celibato sacerdotal, que \u00e9 a pr\u00e1tica da Igreja Latina, ainda que existam homens casados e ordenados presb\u00edteros cat\u00f3licos em outras \u00e1reas do mundo. Foi muito valorizado o minist\u00e9rio dos Di\u00e1conos Permanentes, o que j\u00e1 acontece em nossa Arquidiocese de Bel\u00e9m, que tem o maior n\u00famero deles em toda a Amaz\u00f4nia.<\/p>\n<p style=\"text-align: justify\">Debru\u00e7amo-nos muito e com seriedade sobre a diversidade de culturas presentes na Amaz\u00f4nia e ainda um dos maiores desafios, a urbaniza\u00e7\u00e3o, pois a grande maioria de nossa popula\u00e7\u00e3o vive em grandes cidades, ou delas recebe influ\u00eancia significativa. E aprendemos muito dos exemplos de irm\u00e3os e irm\u00e3s, gente que pagou com a vida a Evangeliza\u00e7\u00e3o da Amaz\u00f4nia. Renovamos nosso compromisso com a verdade, pela organiza\u00e7\u00e3o da Igreja e dos Povos Amaz\u00f4nicos e pela defesa dos direitos humanos com ardor mission\u00e1rio.<\/p>\n<p style=\"text-align: justify\">Veio \u00e0 tona o desejo de um organismo eclesial representativo das circunscri\u00e7\u00f5es eclesi\u00e1sticas da Amaz\u00f4nia, para refor\u00e7ar o caminho sinodal proposto pelo Papa. E assim aprendemos a valorizar o que pertence aos outros pa\u00edses e \u00e1reas da Amaz\u00f4nia. E todos nos entendemos e soubemos escutar-nos mutuamente, admirando a diversidade existente entre n\u00f3s. Foi uma li\u00e7\u00e3o de Igreja e de miss\u00e3o, abrindo-nos cada vez mais para a dimens\u00e3o mission\u00e1ria. Nos pr\u00f3ximos dias e meses, muitas riquezas de reflex\u00e3o e vida ser\u00e3o ainda comunicadas a todos, a fim de que se sintam participantes daquilo que vivemos. Deus seja louvado!<\/p>\n","protected":false},"excerpt":{"rendered":"<p>DOM ALBERTO TAVEIRA CORR\u00caA Arcebispo de Bel\u00e9m do Par\u00e1 Encerra-se neste domingo a Assembleia especial do S\u00ednodo dos Bispos para a Pan-Amaz\u00f4nia. Desde o primeiro Domingo de Outubro, Bispos dos v\u00e1rios pa\u00edses que comp\u00f5em a Amaz\u00f4nia est\u00e3o reunidos com o Papa Francisco, acompanhados de assessores e pessoas convidadas, refletindo sobre os desafios da Evangeliza\u00e7\u00e3o da &hellip;<\/p>\n<p class=\"read-more\"> <a class=\"\" href=\"https:\/\/www.cnbb.org.br\/licoes-do-sinodo-aos-bispos\/\"> <span class=\"screen-reader-text\">Li\u00e7\u00f5es do S\u00ednodo aos bispos<\/span> Leia mais &raquo;<\/a><\/p>\n","protected":false},"author":21,"featured_media":0,"comment_status":"closed","ping_status":"open","sticky":false,"template":"","format":"standard","meta":{"site-sidebar-layout":"default","site-content-layout":"default","ast-global-header-display":"","ast-banner-title-visibility":"","ast-main-header-display":"","ast-hfb-above-header-display":"","ast-hfb-below-header-display":"","ast-hfb-mobile-header-display":"","site-post-title":"","ast-breadcrumbs-content":"","ast-featured-img":"","footer-sml-layout":"","theme-transparent-header-meta":"","adv-header-id-meta":"","stick-header-meta":"","header-above-stick-meta":"","header-main-stick-meta":"","header-below-stick-meta":""},"categories":[758],"tags":[],"acf":[],"_links":{"self":[{"href":"https:\/\/www.cnbb.org.br\/cnbb-app\/wp\/v2\/posts\/35688"}],"collection":[{"href":"https:\/\/www.cnbb.org.br\/cnbb-app\/wp\/v2\/posts"}],"about":[{"href":"https:\/\/www.cnbb.org.br\/cnbb-app\/wp\/v2\/types\/post"}],"author":[{"embeddable":true,"href":"https:\/\/www.cnbb.org.br\/cnbb-app\/wp\/v2\/users\/21"}],"replies":[{"embeddable":true,"href":"https:\/\/www.cnbb.org.br\/cnbb-app\/wp\/v2\/comments?post=35688"}],"version-history":[{"count":0,"href":"https:\/\/www.cnbb.org.br\/cnbb-app\/wp\/v2\/posts\/35688\/revisions"}],"wp:attachment":[{"href":"https:\/\/www.cnbb.org.br\/cnbb-app\/wp\/v2\/media?parent=35688"}],"wp:term":[{"taxonomy":"category","embeddable":true,"href":"https:\/\/www.cnbb.org.br\/cnbb-app\/wp\/v2\/categories?post=35688"},{"taxonomy":"post_tag","embeddable":true,"href":"https:\/\/www.cnbb.org.br\/cnbb-app\/wp\/v2\/tags?post=35688"}],"curies":[{"name":"wp","href":"https:\/\/api.w.org\/{rel}","templated":true}]}}