{"id":35698,"date":"2019-10-24T00:00:00","date_gmt":"2019-10-24T03:00:00","guid":{"rendered":"https:\/\/www.cnbb.org.br\/anunciar-o-evangelho-e-cuidar-da-vida\/"},"modified":"2019-10-24T00:00:00","modified_gmt":"2019-10-24T03:00:00","slug":"anunciar-o-evangelho-e-cuidar-da-vida","status":"publish","type":"post","link":"https:\/\/www.cnbb.org.br\/anunciar-o-evangelho-e-cuidar-da-vida\/","title":{"rendered":"Anunciar o Evangelho e cuidar da vida"},"content":{"rendered":"<p style=\"text-align: right\"><strong>Dom Jaime Spengler<\/strong><br \/>\n<strong>Arcebispo de Porto Alegre\u00a0<\/strong><\/p>\n<p style=\"text-align: justify\">\n<p style=\"text-align: justify\">A Assembleia Especial do S\u00ednodo dos Bispos para a Regi\u00e3o Pan-Amaz\u00f4nica se aproxima de sua conclus\u00e3o.<\/p>\n<p style=\"text-align: justify\">Nos meses que precederam o in\u00edcio dos trabalhos da Assembleia foram vistas manifesta\u00e7\u00f5es distintas. Surgiram cr\u00edticas contundentes contra o tema proposto para essa Assembleia Especial do S\u00ednodo: \u201cAmaz\u00f4nia: novos caminhos para a Igreja e para uma ecologia integral\u201d. Houve tamb\u00e9m manifesta\u00e7\u00f5es entusiastas a favor do caminho constru\u00eddo por meio de consultas das comunidades envolvidas na quest\u00e3o, at\u00e9 desembocar na celebra\u00e7\u00e3o da Assembleia. N\u00e3o faltaram sinais de preocupa\u00e7\u00e3o com os poss\u00edveis caminhos que o S\u00ednodo poderia propor, inclusive envolvendo quest\u00f5es de soberania territorial. Trata-se certamente de um momento importante! E a Igreja na sua incans\u00e1vel dedica\u00e7\u00e3o em evangelizar se esfor\u00e7a para que o trabalho realizado desemboque na indica\u00e7\u00e3o de caminhos vi\u00e1veis para a incultura\u00e7\u00e3o da f\u00e9.<\/p>\n<p style=\"text-align: justify\">Os trabalhos da Assembleia caminham para sua conclus\u00e3o, quando se entregar\u00e1 ao Papa o Documento Final. O Papa decidir\u00e1 o que fazer com os resultados de tr\u00eas semanas de intensos debates e estudos entre os participantes da Assembleia.<\/p>\n<p style=\"text-align: justify\">Este S\u00ednodo especial est\u00e1 marcado por uma d\u00faplice dimens\u00e3o: a eclesial e a ecol\u00f3gica. O S\u00ednodo possui uma dimens\u00e3o ecol\u00f3gica, expressa na preocupa\u00e7\u00e3o com a urgente necessidade de mudan\u00e7a de mentalidade, estilo de vida, modos de produ\u00e7\u00e3o, pr\u00e1ticas de consumo, acumula\u00e7\u00e3o e desperd\u00edcio. A dimens\u00e3o eclesiol\u00f3gica implica a disposi\u00e7\u00e3o para uma convers\u00e3o pastoral.<\/p>\n<p style=\"text-align: justify\">A partir dos resultados dos trabalhos realizados nos \u201cC\u00edrculos Menores\u201d (grupos de trabalho) se pode perceber que a preocupa\u00e7\u00e3o central \u00e9 sobretudo com os desafios pastorais. A regi\u00e3o amaz\u00f4nica precisa ser contemplada com cora\u00e7\u00e3o crist\u00e3o e olhos de disc\u00edpulo.<\/p>\n<p style=\"text-align: justify\">A miss\u00e3o da Igreja \u00e9 anunciar Jesus Cristo, sem descuidar da necessidade de cuidar, proteger e promover a vida. Esta a\u00e7\u00e3o requer um olhar contemplativo sobre a realidade, para construir a necess\u00e1ria harmonia entre a sociedade humana e o meio ambiente.<\/p>\n","protected":false},"excerpt":{"rendered":"<p>Dom Jaime Spengler Arcebispo de Porto Alegre\u00a0 A Assembleia Especial do S\u00ednodo dos Bispos para a Regi\u00e3o Pan-Amaz\u00f4nica se aproxima de sua conclus\u00e3o. Nos meses que precederam o in\u00edcio dos trabalhos da Assembleia foram vistas manifesta\u00e7\u00f5es distintas. Surgiram cr\u00edticas contundentes contra o tema proposto para essa Assembleia Especial do S\u00ednodo: \u201cAmaz\u00f4nia: novos caminhos para a &hellip;<\/p>\n<p class=\"read-more\"> <a class=\"\" href=\"https:\/\/www.cnbb.org.br\/anunciar-o-evangelho-e-cuidar-da-vida\/\"> <span class=\"screen-reader-text\">Anunciar o Evangelho e cuidar da vida<\/span> Leia mais &raquo;<\/a><\/p>\n","protected":false},"author":11,"featured_media":0,"comment_status":"closed","ping_status":"open","sticky":false,"template":"","format":"standard","meta":{"site-sidebar-layout":"default","site-content-layout":"default","ast-global-header-display":"","ast-banner-title-visibility":"","ast-main-header-display":"","ast-hfb-above-header-display":"","ast-hfb-below-header-display":"","ast-hfb-mobile-header-display":"","site-post-title":"","ast-breadcrumbs-content":"","ast-featured-img":"","footer-sml-layout":"","theme-transparent-header-meta":"","adv-header-id-meta":"","stick-header-meta":"","header-above-stick-meta":"","header-main-stick-meta":"","header-below-stick-meta":""},"categories":[758],"tags":[],"acf":[],"_links":{"self":[{"href":"https:\/\/www.cnbb.org.br\/cnbb-app\/wp\/v2\/posts\/35698"}],"collection":[{"href":"https:\/\/www.cnbb.org.br\/cnbb-app\/wp\/v2\/posts"}],"about":[{"href":"https:\/\/www.cnbb.org.br\/cnbb-app\/wp\/v2\/types\/post"}],"author":[{"embeddable":true,"href":"https:\/\/www.cnbb.org.br\/cnbb-app\/wp\/v2\/users\/11"}],"replies":[{"embeddable":true,"href":"https:\/\/www.cnbb.org.br\/cnbb-app\/wp\/v2\/comments?post=35698"}],"version-history":[{"count":0,"href":"https:\/\/www.cnbb.org.br\/cnbb-app\/wp\/v2\/posts\/35698\/revisions"}],"wp:attachment":[{"href":"https:\/\/www.cnbb.org.br\/cnbb-app\/wp\/v2\/media?parent=35698"}],"wp:term":[{"taxonomy":"category","embeddable":true,"href":"https:\/\/www.cnbb.org.br\/cnbb-app\/wp\/v2\/categories?post=35698"},{"taxonomy":"post_tag","embeddable":true,"href":"https:\/\/www.cnbb.org.br\/cnbb-app\/wp\/v2\/tags?post=35698"}],"curies":[{"name":"wp","href":"https:\/\/api.w.org\/{rel}","templated":true}]}}