{"id":35703,"date":"2019-10-25T00:00:00","date_gmt":"2019-10-25T03:00:00","guid":{"rendered":"https:\/\/www.cnbb.org.br\/desigualdades-disparidades\/"},"modified":"2019-10-25T00:00:00","modified_gmt":"2019-10-25T03:00:00","slug":"desigualdades-disparidades","status":"publish","type":"post","link":"https:\/\/www.cnbb.org.br\/desigualdades-disparidades\/","title":{"rendered":"Desigualdades, disparidades"},"content":{"rendered":"<p style=\"text-align: right\"><strong>Dom Genival Saraiva<\/strong><br \/>\n<strong>Bispo Em\u00e9rito de Palmares (PE)<\/strong><\/p>\n<p style=\"text-align: justify\">\n<p style=\"text-align: justify\">As desigualdades sociais t\u00eam um registro hist\u00f3rico na vida de pessoas, grupos e na\u00e7\u00f5es e v\u00eam de longe. Em raz\u00e3o de muitas causas, constituem \u201clugar comum\u201d na conviv\u00eancia humana e, assim, seriam aceitas, desde que situadas em patamares condizentes com a dignidade humana. \u201cEm tese, sempre haver\u00e1 desigualdade social, pois \u00e9 imposs\u00edvel que cada um tenha exatamente as mesmas quantidades de bens materiais.\u201d No entanto, a leitura dessa realidade somente ser\u00e1 feita, com exatid\u00e3o, na medida em que considerar a \u201crela\u00e7\u00e3o de causa e efeito\u201d nas coisas que acontecem na conviv\u00eancia humana. As desigualdades sociais, via de regra, resultam de injusti\u00e7as que est\u00e3o enraizadas nas rela\u00e7\u00f5es entre pessoas, fam\u00edlias e estruturas da sociedade, produzindo disparidades gritantes na conviv\u00eancia e no comportamento coletivo. S\u00e3o conhecidas as causas que geram dist\u00e2ncia social, que produzem disparidades sociais, entre as quais est\u00e3o a m\u00e1 distribui\u00e7\u00e3o de renda, o desemprego, a falta de investimentos p\u00fablicos em \u00e1reas importantes, como educa\u00e7\u00e3o, sa\u00fade, saneamento b\u00e1sico. Os efeitos desse estado de coisas na vida do povo s\u00e3o vis\u00edveis aos olhos do cientista social e do cidad\u00e3o comum porque, afinal, cada um os percebe no dia a dia \u2013 pobreza extrema, mis\u00e9ria, desnutri\u00e7\u00e3o, mortalidade infantil, analfabetismo, entre muitas anomalias sociais. Tudo isso \u00e9 agravado pelas nefastas consequ\u00eancias da corrup\u00e7\u00e3o que est\u00e1 institucionalizada no Brasil e em muitos pa\u00edses. A desigualdade que extrapola patamares socialmente aceit\u00e1veis \u00e9 muito chocante porque coloca no mesmo cen\u00e1rio pessoas em situa\u00e7\u00f5es de abund\u00e2ncia e de indig\u00eancia. Na verdade, essa disparidade extrema tamb\u00e9m est\u00e1 retratada no perfil de pa\u00edses do \u201cprimeiro mundo\u201d e do continente africano. Em qualquer caso, trata-se de uma situa\u00e7\u00e3o questionadora, interpelante: \u201cN\u00e3o h\u00e1 maior insulto \u00e0 indig\u00eancia dos pobres do que o luxo desenfreado e vergonhoso dos ricos.\u201d A afirma\u00e7\u00e3o fala por si.<\/p>\n<p style=\"text-align: justify\">Ao ser assinada a Constitui\u00e7\u00e3o Pastoral Gaudium et Spes (Alegria e Esperan\u00e7a), no encerramento do Conc\u00edlio Vaticano II, os Bispos escreveram a respeito dos \u201cdesequil\u00edbrios no mundo moderno: \u2018Uma evolu\u00e7\u00e3o t\u00e3o r\u00e1pida das coisas, progredindo muitas vezes de forma desordenada, e at\u00e9 a consci\u00eancia mais aguda das desigualdades existentes no mundo, geram ou aumentam as contradi\u00e7\u00f5es e os desequil\u00edbrios. [&#8230;] Originam-se grandes tens\u00f5es entre as ra\u00e7as e at\u00e9 entre os diversos grupos sociais; entre as na\u00e7\u00f5es ricas e menos pr\u00f3speras e pobres; e, por fim, entre institui\u00e7\u00f5es internacionais, nascidas do desejo de paz dos povos e a ambi\u00e7\u00e3o de propagar a pr\u00f3pria ideologia ou os ego\u00edsmos coletivos existentes nas na\u00e7\u00f5es e em outros grupos. [&#8230;] Assim sendo, o mundo moderno apresenta-se ao mesmo tempo poderoso e d\u00e9bil, capaz de realizar o \u00f3timo e o p\u00e9ssimo, enquanto diante dele se abre o caminho da liberdade ou da escravid\u00e3o, do progresso ou do regresso, da fraternidade ou do \u00f3dio.\u201d<\/p>\n<p style=\"text-align: justify\">Os conflitos em andamento em v\u00e1rios pa\u00edses, em regi\u00f5es geograficamente distantes, t\u00eam como pano de fundo a quest\u00e3o da sobreviv\u00eancia pessoal e coletiva, a conquista da liberdade. O que acontece na Espanha (Catalunia), Venezuela, Equador, Chile, L\u00edbano, Hong Kong \u00e9 uma demonstra\u00e7\u00e3o do acerto da palavra dos Padres Conciliares, em 1965. O problema vivido pelo povo tem perfil comum ou pr\u00f3prio, de conformidade com a realidade local. Essa situa\u00e7\u00e3o de conflito decorre da aus\u00eancia ou restri\u00e7\u00e3o de pol\u00edticas p\u00fablicas que priorizem as necessidades coletivas, provoca migra\u00e7\u00f5es for\u00e7adas por motivos ideol\u00f3gicos ou porque, basicamente, se trata de \u201cluta pela sobreviv\u00eancia\u201d.<\/p>\n<p style=\"text-align: justify\">A justi\u00e7a social \u00e9 o caminho que humaniza a face das desigualdades, que leva \u00e0 supera\u00e7\u00e3o das disparidades sociais.<\/p>\n<p>&nbsp;<\/p>\n<p>&nbsp;<\/p>\n","protected":false},"excerpt":{"rendered":"<p>Dom Genival Saraiva Bispo Em\u00e9rito de Palmares (PE) As desigualdades sociais t\u00eam um registro hist\u00f3rico na vida de pessoas, grupos e na\u00e7\u00f5es e v\u00eam de longe. Em raz\u00e3o de muitas causas, constituem \u201clugar comum\u201d na conviv\u00eancia humana e, assim, seriam aceitas, desde que situadas em patamares condizentes com a dignidade humana. \u201cEm tese, sempre haver\u00e1 &hellip;<\/p>\n<p class=\"read-more\"> <a class=\"\" href=\"https:\/\/www.cnbb.org.br\/desigualdades-disparidades\/\"> <span class=\"screen-reader-text\">Desigualdades, disparidades<\/span> Leia mais &raquo;<\/a><\/p>\n","protected":false},"author":59,"featured_media":0,"comment_status":"closed","ping_status":"open","sticky":false,"template":"","format":"standard","meta":{"site-sidebar-layout":"default","site-content-layout":"default","ast-global-header-display":"","ast-banner-title-visibility":"","ast-main-header-display":"","ast-hfb-above-header-display":"","ast-hfb-below-header-display":"","ast-hfb-mobile-header-display":"","site-post-title":"","ast-breadcrumbs-content":"","ast-featured-img":"","footer-sml-layout":"","theme-transparent-header-meta":"","adv-header-id-meta":"","stick-header-meta":"","header-above-stick-meta":"","header-main-stick-meta":"","header-below-stick-meta":""},"categories":[758],"tags":[],"acf":[],"_links":{"self":[{"href":"https:\/\/www.cnbb.org.br\/cnbb-app\/wp\/v2\/posts\/35703"}],"collection":[{"href":"https:\/\/www.cnbb.org.br\/cnbb-app\/wp\/v2\/posts"}],"about":[{"href":"https:\/\/www.cnbb.org.br\/cnbb-app\/wp\/v2\/types\/post"}],"author":[{"embeddable":true,"href":"https:\/\/www.cnbb.org.br\/cnbb-app\/wp\/v2\/users\/59"}],"replies":[{"embeddable":true,"href":"https:\/\/www.cnbb.org.br\/cnbb-app\/wp\/v2\/comments?post=35703"}],"version-history":[{"count":0,"href":"https:\/\/www.cnbb.org.br\/cnbb-app\/wp\/v2\/posts\/35703\/revisions"}],"wp:attachment":[{"href":"https:\/\/www.cnbb.org.br\/cnbb-app\/wp\/v2\/media?parent=35703"}],"wp:term":[{"taxonomy":"category","embeddable":true,"href":"https:\/\/www.cnbb.org.br\/cnbb-app\/wp\/v2\/categories?post=35703"},{"taxonomy":"post_tag","embeddable":true,"href":"https:\/\/www.cnbb.org.br\/cnbb-app\/wp\/v2\/tags?post=35703"}],"curies":[{"name":"wp","href":"https:\/\/api.w.org\/{rel}","templated":true}]}}