{"id":35720,"date":"2019-10-28T00:00:00","date_gmt":"2019-10-28T03:00:00","guid":{"rendered":"https:\/\/www.cnbb.org.br\/presidencia-da-cnbb-emite-nota-sobre-o-vazamento-de-oleo-no-litoral-nordestino\/"},"modified":"2019-10-28T00:00:00","modified_gmt":"2019-10-28T03:00:00","slug":"presidencia-da-cnbb-emite-nota-sobre-o-vazamento-de-oleo-no-litoral-nordestino","status":"publish","type":"post","link":"https:\/\/www.cnbb.org.br\/presidencia-da-cnbb-emite-nota-sobre-o-vazamento-de-oleo-no-litoral-nordestino\/","title":{"rendered":"Presid\u00eancia da CNBB emite nota sobre o vazamento de \u00f3leo no litoral Nordestino"},"content":{"rendered":"<p style=\"text-align: justify\">A presid\u00eancia da Confer\u00eancia Nacional dos Bispos do Brasil (CNBB) emitiu, na manh\u00e3 deste 28 de outubro, uma nota sobre o vazamento de \u00f3leo no litoral do Nordeste brasileiro. No documento, inspirado pela realiza\u00e7\u00e3o do S\u00ednodo para a Pan-Amaz\u00f4nia e frente aos desastres ambientais, a CNBB cobra uma postura de profunda e imediata convers\u00e3o ecol\u00f3gica. A presid\u00eancia da CNBB cobra tamb\u00e9m das autoridades competentes a\u00e7\u00f5es efetivas de recupera\u00e7\u00e3o do equil\u00edbrio natural \u00a0e uma devida apura\u00e7\u00e3o para encontrar a origem e as causas dessa trag\u00e9dia ecol\u00f3gica. Veja a \u00edntegra do documento abaixo:<\/p>\n<blockquote>\n<p style=\"text-align: center\"><strong>Nota da CNBB sobre vazamento de \u00f3leo no litoral do Nordeste\u00a0<\/strong><\/p>\n<p style=\"text-align: justify\">As manchas de \u00f3leo que contaminam tristemente as praias do Nordeste devem sensibilizar cora\u00e7\u00f5es para urgente necessidade: uma profunda e imediata convers\u00e3o ecol\u00f3gica. Os processos extrativistas que contaminam e matam devem ser fiscalizados e devidamente responsabilizados pelo poder p\u00fablico, pois n\u00e3o h\u00e1 futuro para a humanidade sem o indispens\u00e1vel respeito \u00e0 Casa Comum.<\/p>\n<p style=\"text-align: justify\">O S\u00ednodo dos Bispos para a Amaz\u00f4nia, em seu horizonte, refor\u00e7a esta convoca\u00e7\u00e3o: todos vivenciem uma aut\u00eantica convers\u00e3o ecol\u00f3gica. Seja inspira\u00e7\u00e3o e exemplo para cada pessoa, no caminho rumo \u00e0 convers\u00e3o, o magn\u00edfico trabalho de volunt\u00e1rios que est\u00e3o se dedicando \u00e0 limpeza das praias do Nordeste.<\/p>\n<p style=\"text-align: justify\">Homens e mulheres que se arriscam, em contato com o \u00f3leo t\u00f3xico, para salvar o meio ambiente. Diante desse desastre que contamina as praias do Nordeste, s\u00e3o esperadas, das autoridades competentes, a\u00e7\u00f5es efetivas de recupera\u00e7\u00e3o do equil\u00edbrio natural. E que seja feita a devida apura\u00e7\u00e3o para encontrar a origem e as causas dessa trag\u00e9dia ecol\u00f3gica.<\/p>\n<p style=\"text-align: justify\">A coragem e a solidariedade dos volunt\u00e1rios toquem o cora\u00e7\u00e3o de todos, especialmente de governantes, para que a defesa da vida e do planeta seja sempre prioridade.<\/p>\n<p>Em Cristo,<\/p>\n<p style=\"text-align: right\">Bras\u00edlia-DF, 28 de outubro de 2019<\/p>\n<p style=\"text-align: center\"><strong>Dom Walmor Oliveira de Azevedo<\/strong><br \/>\nArcebispo de Belo Horizonte \u2013 MG<br \/>\nPresidente da CNBB<\/p>\n<p style=\"text-align: center\"><strong>Dom Jaime Spengler<\/strong><br \/>\nArcebispo de Porto Alegre \u2013 RS<br \/>\n1\u00ba Vice-Presidente da CNBB<\/p>\n<p style=\"text-align: center\"><strong>Dom M\u00e1rio Ant\u00f4nio da Silva<\/strong><br \/>\nBispo de Roraima \u2013 RR<br \/>\n2\u00ba Vice-Presidente da CNBB<\/p>\n<p style=\"text-align: center\"><strong>Dom Joel Portella Amado<\/strong><br \/>\nBispo Auxiliar de S. Sebasti\u00e3o do Rio de Janeiro \u2013 RJ<br \/>\nSecret\u00e1rio-Geral da CNBB<\/p>\n<\/blockquote>\n","protected":false},"excerpt":{"rendered":"<p>No documento, inspirado pela realiza\u00e7\u00e3o do S\u00ednodo para a Pan-Amaz\u00f4nia e frente aos desastres ambientais, a CNBB cobra das autoridades competentes a\u00e7\u00f5es efetivas de recupera\u00e7\u00e3o do equil\u00edbrio natural e uma devida apura\u00e7\u00e3o<\/p>\n","protected":false},"author":83,"featured_media":2827,"comment_status":"closed","ping_status":"open","sticky":false,"template":"","format":"standard","meta":{"site-sidebar-layout":"default","site-content-layout":"default","ast-global-header-display":"","ast-banner-title-visibility":"","ast-main-header-display":"","ast-hfb-above-header-display":"","ast-hfb-below-header-display":"","ast-hfb-mobile-header-display":"","site-post-title":"","ast-breadcrumbs-content":"","ast-featured-img":"","footer-sml-layout":"","theme-transparent-header-meta":"","adv-header-id-meta":"","stick-header-meta":"","header-above-stick-meta":"","header-main-stick-meta":"","header-below-stick-meta":""},"categories":[883,783],"tags":[],"acf":[],"_links":{"self":[{"href":"https:\/\/www.cnbb.org.br\/cnbb-app\/wp\/v2\/posts\/35720"}],"collection":[{"href":"https:\/\/www.cnbb.org.br\/cnbb-app\/wp\/v2\/posts"}],"about":[{"href":"https:\/\/www.cnbb.org.br\/cnbb-app\/wp\/v2\/types\/post"}],"author":[{"embeddable":true,"href":"https:\/\/www.cnbb.org.br\/cnbb-app\/wp\/v2\/users\/83"}],"replies":[{"embeddable":true,"href":"https:\/\/www.cnbb.org.br\/cnbb-app\/wp\/v2\/comments?post=35720"}],"version-history":[{"count":0,"href":"https:\/\/www.cnbb.org.br\/cnbb-app\/wp\/v2\/posts\/35720\/revisions"}],"wp:featuredmedia":[{"embeddable":true,"href":"https:\/\/www.cnbb.org.br\/cnbb-app\/wp\/v2\/media\/2827"}],"wp:attachment":[{"href":"https:\/\/www.cnbb.org.br\/cnbb-app\/wp\/v2\/media?parent=35720"}],"wp:term":[{"taxonomy":"category","embeddable":true,"href":"https:\/\/www.cnbb.org.br\/cnbb-app\/wp\/v2\/categories?post=35720"},{"taxonomy":"post_tag","embeddable":true,"href":"https:\/\/www.cnbb.org.br\/cnbb-app\/wp\/v2\/tags?post=35720"}],"curies":[{"name":"wp","href":"https:\/\/api.w.org\/{rel}","templated":true}]}}