{"id":35755,"date":"2019-10-31T00:00:00","date_gmt":"2019-10-31T03:00:00","guid":{"rendered":"https:\/\/www.cnbb.org.br\/em-roma-padre-patriky-samuel-batista-fala-sobre-o-sentido-e-significado-das-campanhas-da-cnbb\/"},"modified":"2020-10-23T14:38:57","modified_gmt":"2020-10-23T17:38:57","slug":"em-roma-padre-patriky-samuel-batista-fala-sobre-o-sentido-e-significado-das-campanhas-da-cnbb","status":"publish","type":"post","link":"https:\/\/www.cnbb.org.br\/em-roma-padre-patriky-samuel-batista-fala-sobre-o-sentido-e-significado-das-campanhas-da-cnbb\/","title":{"rendered":"Em Roma, padre Patriky Samuel Batista fala sobre o sentido e significado das Campanhas da CNBB"},"content":{"rendered":"<p style=\"text-align: justify\">Em entrevista \u00e0 Radio Vatican News, na quarta-feira, o secret\u00e1rio-executivo das Campanhas da Confer\u00eancia Nacional dos Bispos do Brasil (CNBB), padre Patriky Samuel Batista, falou sobre o sentido e o significado das principais campanhas tocadas pela Confer\u00eancia: a Campanha para a Evangeliza\u00e7\u00e3o e a Campanha da Fraternidade.<\/p>\n<p style=\"text-align: justify\">\u201cCuida dele\u201d. A frase presente na par\u00e1bola do Bom Samaritano, narrada no Evangelho de Lucas, \u00e9 o lema que animar\u00e1 a Campanha para a Evangeliza\u00e7\u00e3o deste ano. Durante a entrevista, padre Patriky disse que a ideia era despertar nas comunidades para a corresponsabilidade na a\u00e7\u00e3o evangelizadora. <em>\u201cAjudando ent\u00e3o, colaborando financeiramente, assumindo seu Apostolado n\u00f3s queremos cuidar do an\u00fancio da Palavra, cuidar da comunidade e cuidar dos Pobres\u201d<\/em>, apontou.<\/p>\n<p style=\"text-align: justify\">O objetivo da Campanha para a Evangeliza\u00e7\u00e3o \u00e9 motivar os fi\u00e9is a participarem efetivamente da miss\u00e3o da Igreja por meio do testemunho de vida, de a\u00e7\u00f5es pastorais espec\u00edficas e da garantia de recursos para a a\u00e7\u00e3o pastoral. Padre Patriky garantiu, na entrevista, que todos os recursos que vem da Coleta para a Evangeliza\u00e7\u00e3o, que acontece no terceiro Domingo do Advento, \u00e9 revertido para a CNBB a fim de custear o trabalho dos regionais e da pr\u00f3pria Confer\u00eancia. \u201c<em>\u00c9 uma campanha mais institucional<\/em>\u201d, disse.<\/p>\n<p style=\"text-align: justify\">J\u00e1 sobre a Campanha da Fraternidade 2020, padre Patriky afirmou que o mote \u00e9 o convite a um olhar mais atento e detalhado para a vida. Com o tema \u201cFraternidade e Vida: Dom e Compromisso\u201d e lema \u201cViu, sentiu compaix\u00e3o e cuidou dele\u201d, a CF 2020 busca conscientizar, \u00e0 luz da palavra de Deus, para o sentido da vida como dom e compromisso, que se traduz em rela\u00e7\u00f5es de m\u00fatuo cuidado entre as pessoas, na fam\u00edlia, na comunidade, na sociedade e no planeta, casa comum.<\/p>\n<blockquote>\n<p style=\"text-align: justify\"><em>\u201cTalvez essa seja a primeira campanha que toca diretamente nas periferias exist\u00eancias como o papa Francisco nos fala, como situa\u00e7\u00f5es de depress\u00e3o, automutila\u00e7\u00e3o, de pessoas desaparecidas\u201d, afirma o padre. <\/em><\/p>\n<\/blockquote>\n<p style=\"text-align: justify\">Ver, sentir, compaix\u00e3o e cuidar s\u00e3o os verbos de a\u00e7\u00e3o que ir\u00e3o conduzir este tempo quaresmal. &#8220;<em>A vida \u00e9 um interc\u00e2mbio de cuidado e para n\u00f3s que cremos que Jesus \u00e9 o caminho, a verdade e a vida, a CF vai nos ajudar a refletir exatamente sobre isso de que quando n\u00f3s nos dispomos a cuidar uns dos outros a vida recobre um nosso sentido tamb\u00e9m\u201d, <\/em>garantiu.<\/p>\n<p style=\"text-align: justify\">Confira a entrevista concedida \u00e0 R\u00e1dio Vatican News, na \u00edntegra:<\/p>\n<!--[if lt IE 9]><script>document.createElement('audio');<\/script><![endif]-->\n<audio class=\"wp-audio-shortcode\" id=\"audio-35755-1\" preload=\"none\" style=\"width: 100%;\" controls=\"controls\"><source type=\"audio\/mpeg\" src=\"http:\/\/www.cnbb.org.br\/wp-content\/uploads\/2019\/10\/135309861_F135309861.mp3?_=1\" \/><a href=\"http:\/\/www.cnbb.org.br\/wp-content\/uploads\/2019\/10\/135309861_F135309861.mp3\">http:\/\/www.cnbb.org.br\/wp-content\/uploads\/2019\/10\/135309861_F135309861.mp3<\/a><\/audio>\n<p>&nbsp;<\/p>\n<p><strong>Foto: <\/strong>Vatican News<\/p>\n","protected":false},"excerpt":{"rendered":"<p>Entrevista foi concedida \u00e0 Radio Vatican News, na quarta-feira. Padre Patriky Samuel Batista \u00e9 secret\u00e1rio-executivo das Campanhas da CNBB<\/p>\n","protected":false},"author":83,"featured_media":2853,"comment_status":"closed","ping_status":"open","sticky":false,"template":"","format":"standard","meta":{"site-sidebar-layout":"default","site-content-layout":"default","ast-global-header-display":"","ast-banner-title-visibility":"","ast-main-header-display":"","ast-hfb-above-header-display":"","ast-hfb-below-header-display":"","ast-hfb-mobile-header-display":"","site-post-title":"","ast-breadcrumbs-content":"","ast-featured-img":"","footer-sml-layout":"","theme-transparent-header-meta":"","adv-header-id-meta":"","stick-header-meta":"","header-above-stick-meta":"","header-main-stick-meta":"","header-below-stick-meta":""},"categories":[841],"tags":[2026],"acf":[],"_links":{"self":[{"href":"https:\/\/www.cnbb.org.br\/cnbb-app\/wp\/v2\/posts\/35755"}],"collection":[{"href":"https:\/\/www.cnbb.org.br\/cnbb-app\/wp\/v2\/posts"}],"about":[{"href":"https:\/\/www.cnbb.org.br\/cnbb-app\/wp\/v2\/types\/post"}],"author":[{"embeddable":true,"href":"https:\/\/www.cnbb.org.br\/cnbb-app\/wp\/v2\/users\/83"}],"replies":[{"embeddable":true,"href":"https:\/\/www.cnbb.org.br\/cnbb-app\/wp\/v2\/comments?post=35755"}],"version-history":[{"count":0,"href":"https:\/\/www.cnbb.org.br\/cnbb-app\/wp\/v2\/posts\/35755\/revisions"}],"wp:featuredmedia":[{"embeddable":true,"href":"https:\/\/www.cnbb.org.br\/cnbb-app\/wp\/v2\/media\/2853"}],"wp:attachment":[{"href":"https:\/\/www.cnbb.org.br\/cnbb-app\/wp\/v2\/media?parent=35755"}],"wp:term":[{"taxonomy":"category","embeddable":true,"href":"https:\/\/www.cnbb.org.br\/cnbb-app\/wp\/v2\/categories?post=35755"},{"taxonomy":"post_tag","embeddable":true,"href":"https:\/\/www.cnbb.org.br\/cnbb-app\/wp\/v2\/tags?post=35755"}],"curies":[{"name":"wp","href":"https:\/\/api.w.org\/{rel}","templated":true}]}}