{"id":35759,"date":"2019-10-31T00:00:00","date_gmt":"2019-10-31T03:00:00","guid":{"rendered":"https:\/\/www.cnbb.org.br\/o-sentido-da-morte-e-da-vida\/"},"modified":"2019-10-31T00:00:00","modified_gmt":"2019-10-31T03:00:00","slug":"o-sentido-da-morte-e-da-vida","status":"publish","type":"post","link":"https:\/\/www.cnbb.org.br\/o-sentido-da-morte-e-da-vida\/","title":{"rendered":"O sentido da morte e da vida"},"content":{"rendered":"<p style=\"text-align: right\"><strong>Dom Leomar Ant\u00f4nio Brustolin<\/strong><br \/>\n<strong> Bispo Auxiliar de Porto Alegre<\/strong><\/p>\n<p style=\"text-align: justify\">Quando perdemos algu\u00e9m que amamos parece que o mundo fica mais vazio. Muitos se questionam sobre o sentido da vida diante da perda de uma pessoa querida. N\u00e3o duramos eternamente na Terra. Na vida h\u00e1 tamb\u00e9m cansa\u00e7o em busca de repouso. Depois de uma jornada de trabalho \u00e9 preciso descansar. Passado o dia ensolarado, segue o p\u00f4r do sol. Os livros tendem ao ep\u00edlogo e uma novela se desenrola para o \u00faltimo cap\u00edtulo. H\u00e1 muita beleza no fim.<\/p>\n<p style=\"text-align: justify\">Fomos criados para a vida, por isso a morte \u00e9 estranha \u00e0 condi\u00e7\u00e3o humana. Jamais aceitaremos perder quem amamos. Podemos at\u00e9 aceitar, mas n\u00e3o compreendemos totalmente. A morte \u00e9 um mist\u00e9rio. Perigoso \u00e9 quando ela se torna tabu. O ser humano atual avan\u00e7ou em muitas \u00e1reas do conhecimento, mas tem\u00a0 dificuldades de afrontar o problema do fim da vida, mais do que em outras \u00e9pocas e culturas. O sil\u00eancio, as supersti\u00e7\u00f5es e os medos expressam a ansiedade diante da possibilidade de morrer.<\/p>\n<p style=\"text-align: justify\">Tal postura acaba reprimindo o sentido da vida e nos tornando ativistas no trabalho, pois se pretende fazer tudo e rapidamente, a fim de correr contra o tempo que escapa do nosso controle. A consci\u00eancia reprimida da morte mata-nos j\u00e1 em vida e tornamo-nos ap\u00e1ticos em rela\u00e7\u00e3o aos outros e a n\u00f3s mesmos, assumimos preconceitos contra as novidades e erguemos muralhas ao nosso redor.<\/p>\n<p style=\"text-align: justify\">A reflex\u00e3o sobre a vida n\u00e3o deixa de contemplar o limite e as perdas como ocasi\u00e3o de compreender o mist\u00e9rio da exist\u00eancia. A sociedade de consumo e a busca do bem-estar ensinam que s\u00f3 vale a pena viver se h\u00e1 o m\u00e1ximo de satisfa\u00e7\u00e3o e prazer. O doente, o agonizante, o indesejado e tantos outros sujeitos humanos s\u00e3o exclu\u00eddos desta l\u00f3gica. A morte traz consigo novas interroga\u00e7\u00f5es e discuss\u00f5es.<\/p>\n<p style=\"text-align: justify\">\u00c9 poss\u00edvel, contudo, encontrar um sentido para viver diante da morte. \u201cDiante da morte o enigma da condi\u00e7\u00e3o humana atinge seu ponto mais alto. O homem n\u00e3o se aflige somente pela dor e pela progressiva dissolu\u00e7\u00e3o do corpo, mas tamb\u00e9m, e at\u00e9 mais, pelo temor da perp\u00e9tua extin\u00e7\u00e3o. Mas, por intuito do seu cora\u00e7\u00e3o, julga corretamente quando afasta com horror e repele a ru\u00edna total e o fim definitivo da sua pessoa. A semente de eternidade que produz dentro de si, sendo irredut\u00edvel \u00e0 pura mat\u00e9ria, insurge-se contra a morte. Todas as conquistas da t\u00e9cnica, embora muito \u00fateis, n\u00e3o conseguem acalmar a ansiedade do homem, pois o prolongamento da longevidade biol\u00f3gica n\u00e3o consegue satisfazer o desejo duma vida ulterior, que inelutavelmente existe em seu cora\u00e7\u00e3o\u201d. (Gaudium et Spes, n.18).<\/p>\n<p style=\"text-align: justify\">Esta semente de eternidade que se encontra no interior de cada ser humano, religioso ou n\u00e3o, \u00e9 a garantia de que a morte e a vida t\u00eam sentido numa rela\u00e7\u00e3o rec\u00edproca. Quem cr\u00ea sabe que caminha para a morte e v\u00ea, neste movimento, um sentido do viver.<\/p>\n","protected":false},"excerpt":{"rendered":"<p>Dom Leomar Ant\u00f4nio Brustolin Bispo Auxiliar de Porto Alegre Quando perdemos algu\u00e9m que amamos parece que o mundo fica mais vazio. Muitos se questionam sobre o sentido da vida diante da perda de uma pessoa querida. N\u00e3o duramos eternamente na Terra. Na vida h\u00e1 tamb\u00e9m cansa\u00e7o em busca de repouso. Depois de uma jornada de &hellip;<\/p>\n<p class=\"read-more\"> <a class=\"\" href=\"https:\/\/www.cnbb.org.br\/o-sentido-da-morte-e-da-vida\/\"> <span class=\"screen-reader-text\">O sentido da morte e da vida<\/span> Leia mais &raquo;<\/a><\/p>\n","protected":false},"author":46,"featured_media":0,"comment_status":"closed","ping_status":"open","sticky":false,"template":"","format":"standard","meta":{"site-sidebar-layout":"default","site-content-layout":"default","ast-global-header-display":"","ast-banner-title-visibility":"","ast-main-header-display":"","ast-hfb-above-header-display":"","ast-hfb-below-header-display":"","ast-hfb-mobile-header-display":"","site-post-title":"","ast-breadcrumbs-content":"","ast-featured-img":"","footer-sml-layout":"","theme-transparent-header-meta":"","adv-header-id-meta":"","stick-header-meta":"","header-above-stick-meta":"","header-main-stick-meta":"","header-below-stick-meta":""},"categories":[758],"tags":[],"acf":[],"_links":{"self":[{"href":"https:\/\/www.cnbb.org.br\/cnbb-app\/wp\/v2\/posts\/35759"}],"collection":[{"href":"https:\/\/www.cnbb.org.br\/cnbb-app\/wp\/v2\/posts"}],"about":[{"href":"https:\/\/www.cnbb.org.br\/cnbb-app\/wp\/v2\/types\/post"}],"author":[{"embeddable":true,"href":"https:\/\/www.cnbb.org.br\/cnbb-app\/wp\/v2\/users\/46"}],"replies":[{"embeddable":true,"href":"https:\/\/www.cnbb.org.br\/cnbb-app\/wp\/v2\/comments?post=35759"}],"version-history":[{"count":0,"href":"https:\/\/www.cnbb.org.br\/cnbb-app\/wp\/v2\/posts\/35759\/revisions"}],"wp:attachment":[{"href":"https:\/\/www.cnbb.org.br\/cnbb-app\/wp\/v2\/media?parent=35759"}],"wp:term":[{"taxonomy":"category","embeddable":true,"href":"https:\/\/www.cnbb.org.br\/cnbb-app\/wp\/v2\/categories?post=35759"},{"taxonomy":"post_tag","embeddable":true,"href":"https:\/\/www.cnbb.org.br\/cnbb-app\/wp\/v2\/tags?post=35759"}],"curies":[{"name":"wp","href":"https:\/\/api.w.org\/{rel}","templated":true}]}}