{"id":358241,"date":"2021-07-15T11:19:15","date_gmt":"2021-07-15T14:19:15","guid":{"rendered":"https:\/\/www.cnbb.org.br\/?p=358241"},"modified":"2021-07-15T11:19:49","modified_gmt":"2021-07-15T14:19:49","slug":"ir-ao-encontro-das-ovelhas-sem-pastor","status":"publish","type":"post","link":"https:\/\/www.cnbb.org.br\/ir-ao-encontro-das-ovelhas-sem-pastor\/","title":{"rendered":"Ir ao encontro das ovelhas sem pastor"},"content":{"rendered":"<p style=\"text-align: right;\"><strong>Dom Alberto Taveira Corr\u00eaa<\/strong><br \/>\n<strong>Arcebispo de Bel\u00e9m do Par\u00e1 (PA)<\/strong><\/p>\n<p style=\"text-align: justify;\">\n<p style=\"text-align: justify;\"><strong>\u00a0<\/strong><\/p>\n<p style=\"text-align: justify;\">Impressiona-nos o fato de Jesus ter aten\u00e7\u00e3o com as pessoas em suas necessidades b\u00e1sicas, para chegar at\u00e9 \u00e0 fome e sede de Deus que se encontra no mais profundo do cora\u00e7\u00e3o humano. Da fome e sede de Deus, os que se fazem seus disc\u00edpulos retornam por estradas semelhantes, dando sentido a todas as preocupa\u00e7\u00f5es humanas, para que adquiram sentido profundo. Assim neste movimento de amor, do alto do amor da Trindade Santa at\u00e9 n\u00f3s, e subindo de novo, para que, qual escada de Jac\u00f3, o caminho esteja sempre aberto, na comunh\u00e3o que Deus oferece a toda a humanidade.<\/p>\n<p style=\"text-align: justify;\">O Evangelho (Mc 6, 30-34) nos indica tal cuidado de Jesus inclusive com o descanso a que convida seus disc\u00edpulos: \u201cVinde, a s\u00f3s, para um lugar deserto, e descansai um pouco\u201d! (Mc 6, 31). De fato, tamb\u00e9m o descanso faz parte de nossos deveres! Certamente muitos de n\u00f3s deveriam se confessar do pecado de n\u00e3o ter descansado adequadamente, vindo como consequ\u00eancia a irrita\u00e7\u00e3o e a falta de caridade, al\u00e9m dos preju\u00edzos \u00e0 pr\u00f3pria sa\u00fade. E \u00e9 bom ouvir o convite ao repouso em tempos de f\u00e9rias para tantas pessoas, enquanto outras continuam no labor di\u00e1rio! Em nossa regi\u00e3o, com o ver\u00e3o amaz\u00f4nico, basta ver a quantidade de pessoas e ve\u00edculos em nossos carros e meios coletivos de transporte para agradecer a Deus por este dever, que se torna um presente dele mesmo a todos!<\/p>\n<p style=\"text-align: justify;\">Neste af\u00e3 de conduzir toda a humanidade \u00e0 plena comunh\u00e3o com Deus, Jesus v\u00ea as numerosas multid\u00f5es que a ele acorrem, reconhecendo que tanta gente se encontra como ovelhas sem pastor, em n\u00famero muito maior do que aqueles que conseguem entrar de f\u00e9rias! Se a vis\u00e3o dos numerosos grupos em busca do lazer nos impressiona, basta alargar o horizonte, para identificar necessidades maiores do que aquelas t\u00e3o justas do alimento, do trabalho ou do descanso. Trata-se da sede e fome de Deus, como o profeta Am\u00f3s anunciou: \u201cDias h\u00e3o de vir \u2013 or\u00e1culo do Senhor Deus \u2013 quando hei de mandar \u00e0 terra uma fome, que n\u00e3o ser\u00e1 fome de p\u00e3o nem sede de \u00e1gua, e sim de ouvir a Palavra do Senhor\u201d (Am 8, 11). S\u00e3o multid\u00f5es que acorrem a Jesus, tantas vezes sem saber o que procuram!<\/p>\n<p style=\"text-align: justify;\">Desejamos ir ao encontro de tantos que se sentem desorientados, \u201csem oriente\u201d, sem rumo, e que clamam pela presen\u00e7a da Igreja, suplicam silenciosos ou em verdadeiros gritos pela nossa aten\u00e7\u00e3o e servi\u00e7o evangelizador. Onde est\u00e3o estas pessoas? Recentemente, chegando de barco a Bel\u00e9m, ao retornar de uma miss\u00e3o, contemplava a imensa quantidade de edif\u00edcios, vindo-me \u00e0 mente e ao cora\u00e7\u00e3o a inquieta\u00e7\u00e3o por tudo o que acontece dentro das quatro paredes de uma casa! Pareceu-me ouvir o chamado de muitas pessoas que vivem sozinhas, ou gente que nunca mais p\u00f4de sair de casa, desde o in\u00edcio da pandemia. Depois, passando pelas ruas e pela aglomera\u00e7\u00e3o \u00e0s vezes temer\u00e1ria em nossas feiras, percebi que se trata do mesmo povo, com o mesmo grito de socorro. E prossegui pelas margens da ba\u00eda, e quantos s\u00e3o os ribeirinhos, viajando com o olhar e o cora\u00e7\u00e3o pelas nossas baixadas, por tantas vielas, com gente que fica \u00e0s portas das casas, jogando baralho ou domin\u00f3, outros entregues \u00e0 bebida! Vi muitos jovens cujo jeito indicava logo o uso de drogas, desejando encontr\u00e1-los para oferecer guarida nas institui\u00e7\u00f5es da Igreja.<\/p>\n<p style=\"text-align: justify;\">S\u00e3o ricos ou pobres, gente que mora em todos os tipos de condom\u00ednios, as ocupa\u00e7\u00f5es existentes em nossas periferias, pessoas que se sentem an\u00f4nimas ou outras \u00e0s quais a Igreja j\u00e1 teve a gra\u00e7a de tocar com seu cuidado pastoral. Entendi mais ainda duas express\u00f5es e atitudes t\u00e3o caras ao Papa Francisco: que sejamos uma Igreja em sa\u00edda e que os pastores tenham o cheiro das ovelhas, indo ao encontro delas.<\/p>\n<p style=\"text-align: justify;\">O que fazer? \u201cAo desembarcar, Jesus viu uma grande multid\u00e3o e encheu-se de compaix\u00e3o\u201d (Mc 6, 34). Compaix\u00e3o significa sofrer com os outros, colocar-se em sua pele, tomar sobre nossos ombros a situa\u00e7\u00e3o das outras pessoas. \u201cComo eleitos de Deus, santos e amados, revesti-vos com entranhas de miseric\u00f3rdia, com bondade, humildade, mansid\u00e3o, paci\u00eancia; suportai-vos uns aos outros e, se um tiver motivo de queixa contra o outro, perdoai-vos mutuamente\u201d (Cl 3, 12-13). Trata-se de vestir-se com as roupas de Deus, as da compaix\u00e3o e da miseric\u00f3rdia, de modo que ningu\u00e9m passe em v\u00e3o ao nosso lado. E aprender do Senhor o modo como encontrar-nos com os outros, no respeito profundo pelo mist\u00e9rio de cada um, reconhecendo com amor todas as situa\u00e7\u00f5es humanas.<\/p>\n<p style=\"text-align: justify;\">Nem todos poder\u00e3o fazer tudo, mas todos n\u00f3s poderemos fazer algo para ir ao encontro dos outros. H\u00e1 a chamada regra de ouro, que pode responder a muitas perguntas sobre como poderemos ser uma Igreja em sa\u00edda e participar do empenho de ser disc\u00edpulos mission\u00e1rios: \u201cTudo, portanto, quanto desejais que os outros vos fa\u00e7am, fazei-o, v\u00f3s tamb\u00e9m, a eles\u201d (Mt 7, 12). Ir ao encontro das necessidades e apelos dos outros, partindo inclusive da nossa pr\u00f3pria situa\u00e7\u00e3o. Depois, tomar consci\u00eancia de que nem todos t\u00eam as mesmas capacidades e for\u00e7as. Ajudar\u00e1 muito saber identificar a voca\u00e7\u00e3o e as caracter\u00edsticas de cada pessoa, alegrando-nos com aquilo que o outro sabe e pode realizar, sem julgamentos ou exig\u00eancias pr\u00e9-concebidas.<\/p>\n<p style=\"text-align: justify;\">Outra regra b\u00e1sica para o exerc\u00edcio da compaix\u00e3o e da miseric\u00f3rdia se encontra na palavra de S\u00e3o Paulo: \u201cCom os fracos me fiz fraco, para ganhar os fracos. Para todos eu me fiz tudo, para certamente salvar alguns. Por causa do evangelho eu fa\u00e7o tudo, para dele me tornar participante\u201d (1 Cor 9, 22-23). Fazer-nos um com os outros, sentir com o cora\u00e7\u00e3o das outras pessoas, n\u00e3o pedir mais do que algu\u00e9m pode fazer ou oferecer. H\u00e1 uma palavra fundamental no relacionamento com os que est\u00e3o mais distantes: gradualidade! N\u00e3o exigir que a outra pessoa suba a escada, mas ir ao encontro dela, para subir degrau por degrau!<\/p>\n<p style=\"text-align: justify;\">Enfim, em nossa realidade, avoluma-se um desafio que a Igreja de Bel\u00e9m tem procurado reconhecer, enfrentar e dar novos passos. Nossa Arquidiocese cresce em extens\u00e3o, com novas \u00e1reas populacionais e tamb\u00e9m cresce na verticaliza\u00e7\u00e3o. Temos encontrado boa vontade de pessoas e institui\u00e7\u00f5es, mas \u00e9 hora de apelar para as pessoas que t\u00eam ou podem arregimentar recursos em vista da aquisi\u00e7\u00e3o de novas \u00e1reas para a constru\u00e7\u00e3o de igrejas. Queira o Senhor que este apelo fa\u00e7a muitas pessoas descerem do barco, como Jesus, e vislumbrar as possibilidades e necessidades de nossa Igreja.<\/p>\n","protected":false},"excerpt":{"rendered":"<p>Dom Alberto Taveira Corr\u00eaa Arcebispo de Bel\u00e9m do Par\u00e1 (PA) \u00a0 Impressiona-nos o fato de Jesus ter aten\u00e7\u00e3o com as pessoas em suas necessidades b\u00e1sicas, para chegar at\u00e9 \u00e0 fome e sede de Deus que se encontra no mais profundo do cora\u00e7\u00e3o humano. Da fome e sede de Deus, os que se fazem seus disc\u00edpulos &hellip;<\/p>\n<p class=\"read-more\"> <a class=\"\" href=\"https:\/\/www.cnbb.org.br\/ir-ao-encontro-das-ovelhas-sem-pastor\/\"> <span class=\"screen-reader-text\">Ir ao encontro das ovelhas sem pastor<\/span> Leia mais &raquo;<\/a><\/p>\n","protected":false},"author":21,"featured_media":0,"comment_status":"open","ping_status":"open","sticky":false,"template":"","format":"standard","meta":{"site-sidebar-layout":"default","site-content-layout":"default","ast-global-header-display":"","ast-banner-title-visibility":"","ast-main-header-display":"","ast-hfb-above-header-display":"","ast-hfb-below-header-display":"","ast-hfb-mobile-header-display":"","site-post-title":"","ast-breadcrumbs-content":"","ast-featured-img":"","footer-sml-layout":"","theme-transparent-header-meta":"default","adv-header-id-meta":"","stick-header-meta":"","header-above-stick-meta":"","header-main-stick-meta":"","header-below-stick-meta":""},"categories":[758],"tags":[],"acf":[],"_links":{"self":[{"href":"https:\/\/www.cnbb.org.br\/cnbb-app\/wp\/v2\/posts\/358241"}],"collection":[{"href":"https:\/\/www.cnbb.org.br\/cnbb-app\/wp\/v2\/posts"}],"about":[{"href":"https:\/\/www.cnbb.org.br\/cnbb-app\/wp\/v2\/types\/post"}],"author":[{"embeddable":true,"href":"https:\/\/www.cnbb.org.br\/cnbb-app\/wp\/v2\/users\/21"}],"replies":[{"embeddable":true,"href":"https:\/\/www.cnbb.org.br\/cnbb-app\/wp\/v2\/comments?post=358241"}],"version-history":[{"count":0,"href":"https:\/\/www.cnbb.org.br\/cnbb-app\/wp\/v2\/posts\/358241\/revisions"}],"wp:attachment":[{"href":"https:\/\/www.cnbb.org.br\/cnbb-app\/wp\/v2\/media?parent=358241"}],"wp:term":[{"taxonomy":"category","embeddable":true,"href":"https:\/\/www.cnbb.org.br\/cnbb-app\/wp\/v2\/categories?post=358241"},{"taxonomy":"post_tag","embeddable":true,"href":"https:\/\/www.cnbb.org.br\/cnbb-app\/wp\/v2\/tags?post=358241"}],"curies":[{"name":"wp","href":"https:\/\/api.w.org\/{rel}","templated":true}]}}