{"id":35840,"date":"2019-11-12T00:00:00","date_gmt":"2019-11-12T03:00:00","guid":{"rendered":"https:\/\/www.cnbb.org.br\/confia-no-senhor\/"},"modified":"2019-11-12T00:00:00","modified_gmt":"2019-11-12T03:00:00","slug":"confia-no-senhor","status":"publish","type":"post","link":"https:\/\/www.cnbb.org.br\/confia-no-senhor\/","title":{"rendered":"Confia no Senhor"},"content":{"rendered":"<p style=\"text-align: right\"><em><strong>Dom Adelar Baruffi<\/strong><\/em><br \/>\n<em><strong>Bispo Diocesano de Cruz Alta<\/strong><\/em><\/p>\n<p style=\"text-align: justify\">\u201cA esperan\u00e7a dos pobres jamais se frustrar\u00e1\u201d (Sl 9,15). Os crist\u00e3os s\u00e3o portadores desta esperan\u00e7a muitas vezes perdida, \u201cque a f\u00e9 consegue gravar no cora\u00e7\u00e3o dos mais pobres\u201d. Esta \u00e9 a centralidade da mensagem do Santo Padre para o III Dia Mundial dos Pobres, que \u00e9 celebrado no dia 17 de novembro. Quando, em 2016, Francisco instituiu o Ano da Miseric\u00f3rdia, recordando-nos das obras de miseric\u00f3rdia espirituais e corporais, veio, na verdade, sublinhar o ponto central de nossa f\u00e9: Deus \u00e9 miseric\u00f3rdia. Sua miseric\u00f3rdia \u00e9 universal e integral. A miss\u00e3o da Igreja n\u00e3o \u00e9 somente salvar a alma, mas oferecer a todos o dom, como puro presente de Deus na miss\u00e3o do Filho (cf. Lc 4,14-20), da salva\u00e7\u00e3o integral, a partir dos mais pobres. Como ele viveu e nos ensina no evangelho, os mais sofridos, os pobres, tem um olhar de predile\u00e7\u00e3o de Deus. \u201cA condi\u00e7\u00e3o dos pobres obriga a n\u00e3o se afastar do Corpo do Senhor que sofre neles. Antes, pelo contr\u00e1rio, somos chamados a tocar a sua carne para nos comprometermos em primeira pessoa num servi\u00e7o que \u00e9 aut\u00eantica evangeliza\u00e7\u00e3o. A promo\u00e7\u00e3o, mesmo social, dos pobres n\u00e3o \u00e9 um compromisso extr\u00ednseco ao an\u00fancio do Evangelho; pelo contr\u00e1rio, manifesta o realismo da f\u00e9 crist\u00e3 e a sua validade hist\u00f3rica. (<em>Mensagem do Santo Padre para o III Dia Mundial dos Pobres<\/em>, n. 5).<\/p>\n<p style=\"text-align: justify\">A Mensagem de Francisco \u00e9 clara: \u201cN\u00e3o \u00e9 poss\u00edvel jamais iludir o premente apelo que a Sagrada Escritura confia aos pobres. Para onde quer que se volte o olhar, a Palavra de Deus indica que os pobres s\u00e3o todos aqueles que, n\u00e3o tendo o necess\u00e1rio para viver, dependem dos outros. S\u00e3o o oprimido, o humilde, aquele que est\u00e1 prostrado por terra. Mas, perante esta multid\u00e3o inumer\u00e1vel de indigentes, Jesus n\u00e3o teve medo de Se identificar com cada um deles: \u00abSempre que fizestes isto a um destes meus irm\u00e3os mais pequeninos, a Mim mesmo o fizestes\u00bb (Mt 25, 40)\u201d (n. 5). A Sagrada Escritura fala de um Pai generoso, que protege, defende, salva os sofredores. Um pobre n\u00e3o poder\u00e1 jamais encontrar um Deus silencioso e indiferente diante de sua condi\u00e7\u00e3o existencial e de sua ora\u00e7\u00e3o de s\u00faplica. De fato, o salmista afirma que o pobre \u201cconfia no Senhor\u201d (Sl 9,11), pois tem uma rela\u00e7\u00e3o de proximidade com Ele, sabe que nunca ser\u00e1 abandonado.<\/p>\n<p style=\"text-align: justify\">Mas recordemos que o modo como os crist\u00e3os se fazem pr\u00f3ximos dos pobres n\u00e3o tem a ver com ideologias, de esquerda ou de direita. Infelizmente h\u00e1 tamb\u00e9m os que querem se aproveitar desta inten\u00e7\u00e3o evang\u00e9lica para outros interesses, embora a antropologia n\u00e3o esteja de acordo com o evangelho de Cristo, repito, nem as de esquerda e nem as de direita. Isto n\u00e3o impede que se tenha miss\u00f5es em comum, visto que o mais importante \u00e9 que sejam atendidos e promovidos. A pessoa \u00e9 sempre prioridade. A aproxima\u00e7\u00e3o pode ser por causa de uma situa\u00e7\u00e3o material ou de um servi\u00e7o de promo\u00e7\u00e3o social, mas o que, de fato precisam, \u201cultrapassa a sopa quente ou o sandu\u00edche que oferecemos. Os pobres precisam das nossas m\u00e3os para se reerguer, dos nossos cora\u00e7\u00f5es para sentir de novo o calor do afeto, da nossa presen\u00e7a para superar a solid\u00e3o. Precisam simplesmente de amor&#8230;\u201d (n. 8). Antes de tudo, necessitam, como todo ser humano, de Deus, que se manifesta no amor do servi\u00e7o gratuito, sem nenhum outro interesse! O cuidado espiritual \u00e9 a primeira caridade que devemos fazer, pois nela estar\u00e1 a for\u00e7a para que confiem no Senhor (cf. Sl 9,11).<\/p>\n<p style=\"text-align: justify\">Com alegria e sem medo de preconceitos e polariza\u00e7\u00f5es pol\u00edticas, continuemos o an\u00fancio do evangelho de Cristo. Com o cora\u00e7\u00e3o feliz, convido nossos diocesanos a se aproximarem ainda mais das realidades de pobreza. E s\u00e3o tantas: desemprego e fome, pobreza de f\u00e9, jovens sem sentido para viver, encarcerados, viol\u00eancia familiar e social, idosos abandonados, sa\u00fade prec\u00e1ria, agress\u00f5es ao meio ambiente&#8230;<\/p>\n","protected":false},"excerpt":{"rendered":"<p>Dom Adelar Baruffi Bispo Diocesano de Cruz Alta \u201cA esperan\u00e7a dos pobres jamais se frustrar\u00e1\u201d (Sl 9,15). Os crist\u00e3os s\u00e3o portadores desta esperan\u00e7a muitas vezes perdida, \u201cque a f\u00e9 consegue gravar no cora\u00e7\u00e3o dos mais pobres\u201d. Esta \u00e9 a centralidade da mensagem do Santo Padre para o III Dia Mundial dos Pobres, que \u00e9 celebrado &hellip;<\/p>\n<p class=\"read-more\"> <a class=\"\" href=\"https:\/\/www.cnbb.org.br\/confia-no-senhor\/\"> <span class=\"screen-reader-text\">Confia no Senhor<\/span> Leia mais &raquo;<\/a><\/p>\n","protected":false},"author":26,"featured_media":0,"comment_status":"closed","ping_status":"open","sticky":false,"template":"","format":"standard","meta":{"site-sidebar-layout":"default","site-content-layout":"default","ast-global-header-display":"","ast-banner-title-visibility":"","ast-main-header-display":"","ast-hfb-above-header-display":"","ast-hfb-below-header-display":"","ast-hfb-mobile-header-display":"","site-post-title":"","ast-breadcrumbs-content":"","ast-featured-img":"","footer-sml-layout":"","theme-transparent-header-meta":"","adv-header-id-meta":"","stick-header-meta":"","header-above-stick-meta":"","header-main-stick-meta":"","header-below-stick-meta":""},"categories":[758],"tags":[],"acf":[],"_links":{"self":[{"href":"https:\/\/www.cnbb.org.br\/cnbb-app\/wp\/v2\/posts\/35840"}],"collection":[{"href":"https:\/\/www.cnbb.org.br\/cnbb-app\/wp\/v2\/posts"}],"about":[{"href":"https:\/\/www.cnbb.org.br\/cnbb-app\/wp\/v2\/types\/post"}],"author":[{"embeddable":true,"href":"https:\/\/www.cnbb.org.br\/cnbb-app\/wp\/v2\/users\/26"}],"replies":[{"embeddable":true,"href":"https:\/\/www.cnbb.org.br\/cnbb-app\/wp\/v2\/comments?post=35840"}],"version-history":[{"count":0,"href":"https:\/\/www.cnbb.org.br\/cnbb-app\/wp\/v2\/posts\/35840\/revisions"}],"wp:attachment":[{"href":"https:\/\/www.cnbb.org.br\/cnbb-app\/wp\/v2\/media?parent=35840"}],"wp:term":[{"taxonomy":"category","embeddable":true,"href":"https:\/\/www.cnbb.org.br\/cnbb-app\/wp\/v2\/categories?post=35840"},{"taxonomy":"post_tag","embeddable":true,"href":"https:\/\/www.cnbb.org.br\/cnbb-app\/wp\/v2\/tags?post=35840"}],"curies":[{"name":"wp","href":"https:\/\/api.w.org\/{rel}","templated":true}]}}