{"id":35915,"date":"2019-11-20T00:00:00","date_gmt":"2019-11-20T03:00:00","guid":{"rendered":"https:\/\/www.cnbb.org.br\/dia-nacional-da-consciencia-negra\/"},"modified":"2019-11-20T00:00:00","modified_gmt":"2019-11-20T03:00:00","slug":"dia-nacional-da-consciencia-negra","status":"publish","type":"post","link":"https:\/\/www.cnbb.org.br\/dia-nacional-da-consciencia-negra\/","title":{"rendered":"Dia Nacional da Consci\u00eancia Negra"},"content":{"rendered":"<p style=\"text-align: right\"><strong><em>Dom Jos\u00e9 Valdeci Santos Mendes<br \/>\n<\/em><em>Bispo de Brejo \u2013 MA<br \/>\n<\/em><em>Presidente Comiss\u00e3o Episcopal Pastoral para a A\u00e7\u00e3o Sociotransformadora<\/em><\/strong><\/p>\n<p>Neste dia 20 de novembro a na\u00e7\u00e3o brasileira celebra o Dia Nacional da Consci\u00eancia Negra. \u00c9 celebra\u00e7\u00e3o porque a mem\u00f3ria desta data \u00e9 fruto da luta do povo negro que a compreende como significativa devido a morte do grande l\u00edder negro Zumbi dos Palmares.<\/p>\n<p style=\"text-align: justify\">Os afro-brasileiros somam, segundos dados do IBGE, mais da metade da popula\u00e7\u00e3o brasileira. \u00c9 sabido da contribui\u00e7\u00e3o significativa dada por este povo na constru\u00e7\u00e3o e na identidade deste pa\u00eds. Foi uma contribui\u00e7\u00e3o marcada pelo sofrimento porque a chegada dos antepassados nestas terras n\u00e3o aconteceu por livre vontade, mas caracterizada pelo flagelo da escravid\u00e3o. A escravid\u00e3o passou e ficaram as suas marcas. No per\u00edodo p\u00f3s aboli\u00e7\u00e3o o Estado brasileiro n\u00e3o se esmerou em nenhuma forma de repara\u00e7\u00e3o.\u00a0 Os negros sa\u00edram da escravid\u00e3o sem as m\u00ednimas condi\u00e7\u00f5es de exist\u00eancia digna. Denunciar este pecado hist\u00f3rico n\u00e3o \u00e9 vitimar, mas consci\u00eancia da d\u00edvida que a na\u00e7\u00e3o tem para com o povo negro. Com esta consci\u00eancia hist\u00f3rica \u00e9 celebrado o vinte de novembro, Dia da Consci\u00eancia Negra.<\/p>\n<p style=\"text-align: justify\">Alegremo-nos com as muitas conquistas do povo negro, fruto da luta e articula\u00e7\u00e3o social. Elas est\u00e3o presentes no sistema de cotas; na presen\u00e7a dos jovens negros nas universidades p\u00fablicas; no sistema de sa\u00fade que compreende as enfermidades pr\u00f3prias da gen\u00e9tica negra, atuando na preven\u00e7\u00e3o e no tratamento; no reconhecimento da cultura de origem afro brasileira como patrim\u00f4nio do pa\u00eds; na obrigatoriedade do ensino da hist\u00f3ria e cultura africana nas unidades de ensino, dentre outras conquistas. Sabemos que n\u00e3o vieram gratuitamente. S\u00e3o fruto da luta, articula\u00e7\u00e3o pol\u00edtica e di\u00e1logo com a sociedade.<\/p>\n<p style=\"text-align: justify\">Atualmente as conquistas t\u00eam sido ofuscadas por sombras. Preocupa-nos o total descompromisso do governo federal para com o povo negro. Este descompromisso passa pela m\u00e1 vontade em rela\u00e7\u00e3o a regulariza\u00e7\u00e3o dos territ\u00f3rios quilombolas, sucateamento do sistema de sa\u00fade e diminui\u00e7\u00e3o de verbas para a educa\u00e7\u00e3o al\u00e9m de nenhuma iniciativa expressiva para coibir a viol\u00eancia contra a juventude negra.<\/p>\n<p style=\"text-align: justify\">\u00c9 dolorido saber que o racismo \u00e9 disseminado sem nenhum subterf\u00fagio, como se n\u00e3o soubessem que tal racismo \u00e9 respons\u00e1vel n\u00e3o s\u00f3 pelo sofrimento existencial, mas pelo impedimento dos negros acessarem seus direitos. O racismo gera viol\u00eancia e os dados asseguram o aumento da mortalidade, sobretudo dos jovens negros. \u00a0Tamb\u00e9m se manifesta na intoler\u00e2ncia em rela\u00e7\u00e3o \u00e0s manifesta\u00e7\u00f5es religiosas de matriz africana. \u00c9 resultado de um processo pernicioso onde a escravid\u00e3o dos corpos escravizou as mentes e insiste em escravizar o futuro. N\u00e3o \u00e9 poss\u00edvel que isto continue. Enquanto Igreja denunciamos a pr\u00e1tica da discrimina\u00e7\u00e3o e racismo em suas diferentes express\u00f5es, pois ofende no mais profundo a dignidade humana criada \u00e0 imagem e semelhan\u00e7a de Deus (cf. DAp 533)<\/p>\n<p style=\"text-align: justify\">Neste contexto de celebra\u00e7\u00e3o, mem\u00f3ria e reafirma\u00e7\u00e3o de compromissos a Igreja manifesta seu apoio irrestrito \u00e0s lutas do povo negro e faz isso fiel a sua tradi\u00e7\u00e3o de ser advogada da justi\u00e7a e defensora dos pobres (cf. DAp 395). Fiel ao mandato recebido de Jesus Cristo continua sua miss\u00e3o e se disp\u00f5e conhecer os valores culturais, a hist\u00f3ria e as tradi\u00e7\u00f5es dos afro-americanos. Para tanto compreende que entrar em di\u00e1logo fraterno e respeitoso como eles \u00e9 um passo importante na miss\u00e3o evangelizadora (cf. DAp 532).<\/p>\n<p style=\"text-align: justify\">Que Nossa Senhora Aparecida, nossa m\u00e3e negra, continue cuidando de todos n\u00f3s e fazendo-nos solid\u00e1rios e atenciosos \u00e0 luta do povo negro!<\/p>\n","protected":false},"excerpt":{"rendered":"<p>Dom Jos\u00e9 Valdeci Santos Mendes Bispo de Brejo \u2013 MA Presidente Comiss\u00e3o Episcopal Pastoral para a A\u00e7\u00e3o Sociotransformadora Neste dia 20 de novembro a na\u00e7\u00e3o brasileira celebra o Dia Nacional da Consci\u00eancia Negra. \u00c9 celebra\u00e7\u00e3o porque a mem\u00f3ria desta data \u00e9 fruto da luta do povo negro que a compreende como significativa devido a morte &hellip;<\/p>\n<p class=\"read-more\"> <a class=\"\" href=\"https:\/\/www.cnbb.org.br\/dia-nacional-da-consciencia-negra\/\"> <span class=\"screen-reader-text\">Dia Nacional da Consci\u00eancia Negra<\/span> Leia mais &raquo;<\/a><\/p>\n","protected":false},"author":81,"featured_media":0,"comment_status":"closed","ping_status":"open","sticky":false,"template":"","format":"standard","meta":{"site-sidebar-layout":"default","site-content-layout":"default","ast-global-header-display":"","ast-banner-title-visibility":"","ast-main-header-display":"","ast-hfb-above-header-display":"","ast-hfb-below-header-display":"","ast-hfb-mobile-header-display":"","site-post-title":"","ast-breadcrumbs-content":"","ast-featured-img":"","footer-sml-layout":"","theme-transparent-header-meta":"","adv-header-id-meta":"","stick-header-meta":"","header-above-stick-meta":"","header-main-stick-meta":"","header-below-stick-meta":""},"categories":[758],"tags":[],"acf":[],"_links":{"self":[{"href":"https:\/\/www.cnbb.org.br\/cnbb-app\/wp\/v2\/posts\/35915"}],"collection":[{"href":"https:\/\/www.cnbb.org.br\/cnbb-app\/wp\/v2\/posts"}],"about":[{"href":"https:\/\/www.cnbb.org.br\/cnbb-app\/wp\/v2\/types\/post"}],"author":[{"embeddable":true,"href":"https:\/\/www.cnbb.org.br\/cnbb-app\/wp\/v2\/users\/81"}],"replies":[{"embeddable":true,"href":"https:\/\/www.cnbb.org.br\/cnbb-app\/wp\/v2\/comments?post=35915"}],"version-history":[{"count":0,"href":"https:\/\/www.cnbb.org.br\/cnbb-app\/wp\/v2\/posts\/35915\/revisions"}],"wp:attachment":[{"href":"https:\/\/www.cnbb.org.br\/cnbb-app\/wp\/v2\/media?parent=35915"}],"wp:term":[{"taxonomy":"category","embeddable":true,"href":"https:\/\/www.cnbb.org.br\/cnbb-app\/wp\/v2\/categories?post=35915"},{"taxonomy":"post_tag","embeddable":true,"href":"https:\/\/www.cnbb.org.br\/cnbb-app\/wp\/v2\/tags?post=35915"}],"curies":[{"name":"wp","href":"https:\/\/api.w.org\/{rel}","templated":true}]}}